{"id":492035,"date":"2025-10-26T22:59:19","date_gmt":"2025-10-26T22:59:19","guid":{"rendered":"https:\/\/www.europesays.com\/fr\/492035\/"},"modified":"2025-10-26T22:59:19","modified_gmt":"2025-10-26T22:59:19","slug":"cette-figure-de-tf1-annonce-son-retrait-de-la-chaine-2","status":"publish","type":"post","link":"https:\/\/www.europesays.com\/fr\/492035\/","title":{"rendered":"Cette figure de TF1 annonce son retrait de la cha\u00eene"},"content":{"rendered":"<p class=\"mb-4 text-lg md:leading-8 break-words\">Bouleversement \u00e0 venir pour les habitu\u00e9s de TF1 ! Une figure de la premi\u00e8re cha\u00eene a annonc\u00e9 sur Instagram ce vendredi 24 octobre son retrait de l&rsquo;antenne pour quelques mois. Journaliste, elle s&rsquo;appr\u00eate \u00e0 conna\u00eetre un changement de vie total. Plusieurs autres stars de la t\u00e9l\u00e9 ont r\u00e9agi \u00e0 cette annonce surprise sur Instagram.<\/p>\n<p class=\"mb-4 text-lg md:leading-8 break-words\">Les rendez-vous sportifs de TF1 vont devoir se passer d\u2019une de ses figures pendant quelques mois&#8230; Sur son compte Instagram, ce vendredi 24 octobre, la journaliste Marine Marck a en effet <strong>annonc\u00e9 son retrait de l\u2019antenne<\/strong>. Mais c\u2019est pour une excellente raison ! Car \u00e0 35 ans, <a href=\"https:\/\/fr.news.yahoo.com\/couple-embl%C3%A9matique-lamour-pr%C3%A9-attend-140300905.html\" data-ylk=\"slk:elle attend son premier enfant;elm:context_link;itc:0;sec:content-canvas;outcm:mb_qualified_link;_E:mb_qualified_link;ct:story;\" class=\"link  yahoo-link\" rel=\"nofollow noopener\" target=\"_blank\">elle attend son premier enfant<\/a>. Sur les r\u00e9seaux sociaux, elle a d\u2019ailleurs d\u00e9voil\u00e9 <a href=\"https:\/\/fr.news.yahoo.com\/rafael-nadal-bient%C3%B4t-papa-deuxi%C3%A8me-114600109.html\" data-ylk=\"slk:son ventre d\u00e9j\u00e0 bien rond;elm:context_link;itc:0;sec:content-canvas;outcm:mb_qualified_link;_E:mb_qualified_link;ct:story;\" class=\"link  yahoo-link\" rel=\"nofollow noopener\" target=\"_blank\">son ventre d\u00e9j\u00e0 bien rond<\/a> dans une robe noire port\u00e9e sur un plateau de t\u00e9l\u00e9vision.<\/p>\n<p class=\"mb-4 text-lg md:leading-8 break-words\">Avec humour et joie, elle a profit\u00e9 de cette annonce pour <strong>r\u00e9v\u00e9ler le sexe de son futur b\u00e9b\u00e9<\/strong>. \u00ab\u00a0Kikou le baby bump ! Il est temps pour moi de lever un peu le pied et de pr\u00e9parer l\u2019arriv\u00e9e de mon petit gar\u00e7on\u00a0\u00bb, a \u00e9crit la journaliste en l\u00e9gende de sa publication. Dans les commentaires, les f\u00e9licitations n\u2019ont pas tard\u00e9 \u00e0 se multiplier, notamment de la part de ses coll\u00e8gues de TF1. <a href=\"https:\/\/www.purepeople.com\/people\/isabelle-ithurburu_p200614\" rel=\"nofollow noopener\" target=\"_blank\" data-ylk=\"slk:Isabelle Ithurburu;elm:context_link;itc:0;sec:content-canvas\" class=\"link \">Isabelle Ithurburu<\/a> a par exemple r\u00e9agi avec un \u00e9moji aux yeux en c\u0153ur.<\/p>\n<p class=\"mb-4 text-lg md:leading-8 break-words\">Plusieurs journalistes sportives ont \u00e9galement laiss\u00e9 \u00e9clater leur joie. \u00ab\u00a0Bravooooo pour l\u2019ensemble de ton \u0153uvre et pr\u00e9pare bien l\u2019arriv\u00e9e de Diego-Marceau\u00a0\u00bb, \u00ab\u00a0Je te souhaite le meilleur pour cette merveilleuse aventure de la maternit\u00e9, remplie de douceur, d\u2019amour et de moments inoubliables. Profite pleinement de chaque instant\u00a0\u00bb, \u00ab\u00a0Repose-toi bien ma douce\u00a0\u00bb, peut-on lire p\u00eale-m\u00eale sur Instagram. Les anonymes, eux aussi, ont f\u00e9licit\u00e9 la future maman avec d&rsquo;adorables messages.<\/p>\n<p class=\"mb-4 text-lg md:leading-8 break-words\">Sur TF1, Marine Marck vit son r\u00eave d&rsquo;enfant<\/p>\n<p class=\"mb-4 text-lg md:leading-8 break-words\">C\u2019est en juillet 2025, \u00e0 l\u2019occasion de l<a href=\"https:\/\/fr.news.yahoo.com\/kate-middleton-prince-william-s%C3%A9par%C3%A9s-172600224.html\" data-ylk=\"slk:\u2019Euro f\u00e9minin de football;elm:context_link;itc:0;sec:content-canvas;outcm:mb_qualified_link;_E:mb_qualified_link;ct:story;\" class=\"link  yahoo-link\" rel=\"nofollow noopener\" target=\"_blank\">\u2019Euro f\u00e9minin de football<\/a>, que la journaliste de TF1 avait annonc\u00e9 sa grossesse. \u00ab\u00a0Kikou l\u2019Euro 2025 &#8211; avec <strong>mon petit ballon perso qui m\u2019accompagne au plus pr\u00e8s de l\u2019\u00c9quipe de France !<\/strong>, \u00e9crivait-elle sur les r\u00e9seaux sociaux. Certains d\u2019entre vous l\u2019avaient d\u00e9j\u00e0 devin\u00e9 \u2013 merci infiniment pour vos messages.\u00a0\u00bb Et \u00e0 en croire sa derni\u00e8re publication, l\u2019arriv\u00e9e de son b\u00e9b\u00e9 ne devrait plus tarder !<\/p>\n<p class=\"mb-4 text-lg md:leading-8 break-words\">N\u00e9e en 1990, <strong>Marine Marck est devenue une figure incontournable du sport \u00e0 la t\u00e9l\u00e9vision<\/strong>. Dipl\u00f4m\u00e9e de journalisme, elle a commenc\u00e9 sa carri\u00e8re \u00e0 la t\u00e9l\u00e9vision au d\u00e9but des ann\u00e9es 2010. <a href=\"https:\/\/fr.news.yahoo.com\/avons-int%C3%A9r%C3%AAt-%C3%A0-t%C3%A9l%C3%A9matin-perte-040200506.html\" data-ylk=\"slk:Ex-chroniqueuse de T\u00e9l\u00e9matin;elm:context_link;itc:0;sec:content-canvas;outcm:mb_qualified_link;_E:mb_qualified_link;ct:story;\" class=\"link  yahoo-link\" rel=\"nofollow noopener\" target=\"_blank\">Ex-chroniqueuse de T\u00e9l\u00e9matin<\/a>, la jeune femme n\u00e9e dans l\u2019Est de la France a rejoint TF1 en 2016. D\u2019abord aux manettes de La Quotidienne de T\u00e9l\u00e9foot, elle a couvert la Coupe du monde f\u00e9minine de football et celle de rugby.<\/p>\n<p class=\"mb-4 text-lg md:leading-8 break-words\">Les t\u00e9l\u00e9spectateurs la connaissent aussi pour avoir travaill\u00e9 durant le dernier Euro f\u00e9minin de football et pour avoir pr\u00e9sent\u00e9, avec <a href=\"https:\/\/www.purepeople.com\/people\/denis-brogniart_p1113\" rel=\"nofollow noopener\" target=\"_blank\" data-ylk=\"slk:Denis Brogniart;elm:context_link;itc:0;sec:content-canvas\" class=\"link \">Denis Brogniart<\/a>, Le Mag de la Coupe du monde de rugby. Un bonheur pour Marine Marck. \u00ab\u00a0Le sport a toujours \u00e9t\u00e9 essentiel \u00e0 ma vie. Je faisais du sprint et de la longueur au club de Sarreguemines o\u00f9 j\u2019avais une licence. J\u2019ai \u00e9galement essay\u00e9 le badminton, l\u2019escrime et le tennis de table, confiait-elle au R\u00e9publicain Lorrain. <strong>Mais j\u2019ai vite compris que mes performances ne me permettraient pas de vivre des \u00e9motions de championne.\u00a0\u00bb<\/strong> Des \u00e9motions, elle va assur\u00e9ment en vivre avec son fils.<\/p>\n<p class=\"mb-4 text-lg md:leading-8 break-words\"><a href=\"https:\/\/www.purepeople.com\/article\/cette-figure-de-tf1-annonce-son-retrait-de-la-chaine_a543995\/1\" rel=\"nofollow noopener\" target=\"_blank\" data-ylk=\"slk:Article original sur Purepeople;elm:context_link;itc:0;sec:content-canvas\" class=\"link \">Article original sur Purepeople<\/a><\/p>\n","protected":false},"excerpt":{"rendered":"Bouleversement \u00e0 venir pour les habitu\u00e9s de TF1 ! Une figure de la premi\u00e8re cha\u00eene a annonc\u00e9 sur&hellip;\n","protected":false},"author":2,"featured_media":492036,"comment_status":"","ping_status":"","sticky":false,"template":"","format":"standard","meta":{"footnotes":""},"categories":[1356],"tags":[58,59,1011,27,2440,61467,61466,61465,252,199,1364],"class_list":{"0":"post-492035","1":"post","2":"type-post","3":"status-publish","4":"format-standard","5":"has-post-thumbnail","7":"category-television","8":"tag-divertissement","9":"tag-entertainment","10":"tag-fr","11":"tag-france","12":"tag-instagram","13":"tag-la-premiere-chaine","14":"tag-marine-marck","15":"tag-plateau-de-television","16":"tag-television","17":"tag-tf1","18":"tag-tv"},"share_on_mastodon":{"url":"https:\/\/pubeurope.com\/@fr\/115442952678871825","error":""},"_links":{"self":[{"href":"https:\/\/www.europesays.com\/fr\/wp-json\/wp\/v2\/posts\/492035","targetHints":{"allow":["GET"]}}],"collection":[{"href":"https:\/\/www.europesays.com\/fr\/wp-json\/wp\/v2\/posts"}],"about":[{"href":"https:\/\/www.europesays.com\/fr\/wp-json\/wp\/v2\/types\/post"}],"author":[{"embeddable":true,"href":"https:\/\/www.europesays.com\/fr\/wp-json\/wp\/v2\/users\/2"}],"replies":[{"embeddable":true,"href":"https:\/\/www.europesays.com\/fr\/wp-json\/wp\/v2\/comments?post=492035"}],"version-history":[{"count":0,"href":"https:\/\/www.europesays.com\/fr\/wp-json\/wp\/v2\/posts\/492035\/revisions"}],"wp:featuredmedia":[{"embeddable":true,"href":"https:\/\/www.europesays.com\/fr\/wp-json\/wp\/v2\/media\/492036"}],"wp:attachment":[{"href":"https:\/\/www.europesays.com\/fr\/wp-json\/wp\/v2\/media?parent=492035"}],"wp:term":[{"taxonomy":"category","embeddable":true,"href":"https:\/\/www.europesays.com\/fr\/wp-json\/wp\/v2\/categories?post=492035"},{"taxonomy":"post_tag","embeddable":true,"href":"https:\/\/www.europesays.com\/fr\/wp-json\/wp\/v2\/tags?post=492035"}],"curies":[{"name":"wp","href":"https:\/\/api.w.org\/{rel}","templated":true}]}}