{"id":492037,"date":"2025-10-26T23:00:13","date_gmt":"2025-10-26T23:00:13","guid":{"rendered":"https:\/\/www.europesays.com\/fr\/492037\/"},"modified":"2025-10-26T23:00:13","modified_gmt":"2025-10-26T23:00:13","slug":"le-festival-raptown-a-enflamme-lanester","status":"publish","type":"post","link":"https:\/\/www.europesays.com\/fr\/492037\/","title":{"rendered":"Le festival Raptown a enflamm\u00e9 Lanester"},"content":{"rendered":"<p>Vendredi 24 octobre 2025, le Parc des Expositions de Lanester a vibr\u00e9 au rythme du rap fran\u00e7ais. Initialement pr\u00e9vu en avril dernier, le festival Raptown a convi\u00e9 plusieurs artistes sur sc\u00e8ne, dont des poids lourds, tels que Vald, L2B ou bien encore Keblack. Plus de 5\u00a0000 personnes ont assist\u00e9 \u00e0 ce show musical, entre \u00e9nergie brute et m\u00e9lodies entra\u00eenantes. La f\u00eate a d\u00e9but\u00e9 d\u00e8s 16\u00a0h\u00a030. Apr\u00e8s les prestations r\u00e9ussies de BSH Kreep, Jolagreen23 et Bekar, c\u2019est au tour de Vald de faire son entr\u00e9e sur sc\u00e8ne. Il est 20\u00a0h\u00a030. Lunette de soleil et veste en cuir\u00a0: le flow est assur\u00e9. Comme \u00e0 son habitude, il met imm\u00e9diatement la salle dans une ambiance techno avec le titre \u00ab\u00a0Regulation\u00a0\u00bb, remix\u00e9 par Vladimir Cauchemar. Le spectacle de lumi\u00e8re et de flamme r\u00e9chauffe l\u2019ambiance, qui \u00e9tait d\u00e9j\u00e0 \u00e0 son maximum.<\/p>\n<p><img decoding=\"async\" src=\"https:\/\/www.europesays.com\/fr\/wp-content\/uploads\/2025\/10\/68fe5411de9858b5b5043f21.1.jpeg\" width=\"480\" height=\"300\" class=\"web_golden_m\" loading=\"lazy\" alt=\"Vald a mis le feu sur la sc\u00e8ne de Raptown.\"\/>Vald a mis le feu sur la sc\u00e8ne de Raptown.\u00ab\u00a0Ce sont les stars montantes du rap fran\u00e7ais\u00a0\u00bb<\/p>\n<p>Le groupe L2B prend la rel\u00e8ve, tr\u00e8s attendu par le public. Les trois artistes font chanter la foule, qui conna\u00eet les paroles sur le bout des doigts. \u00ab\u00a0Ce sont les stars montantes du rap fran\u00e7ais, donc on est tr\u00e8s heureux de les avoir\u00a0\u00bb, confie Baptiste Beauchamp, organisateur de l\u2019\u00e9v\u00e9nement. Quand Keblack arrive, il fait danser la salle en encha\u00eenant \u00ab\u00a0Compl\u00e8tement sonn\u00e9\u00a0\u00bb et \u00ab\u00a0J\u2019ai d\u00e9conn\u00e9\u00a0\u00bb, repris en c\u0153ur par le public. Enfin, Guy2Bezbar cl\u00f4ture la soir\u00e9e par un show qui marque son retour apr\u00e8s avoir particip\u00e9 \u00e0 la premi\u00e8re \u00e9dition de Raptown en 2022.<\/p>\n<p><img decoding=\"async\" src=\"https:\/\/www.europesays.com\/fr\/wp-content\/uploads\/2025\/10\/68fe5411de9858b5b5043f20.1.jpeg\" width=\"480\" height=\"300\" class=\"web_golden_m\" loading=\"lazy\" alt=\"Ambiance dansante lors de la prestation de Keblack.\"\/>Ambiance dansante lors de la prestation de Keblack.Pas de date officielle en 2026<\/p>\n<p>Encore une \u00e9dition r\u00e9ussie, durant laquelle \u00ab\u00a0chaque artiste a apport\u00e9 son univers\u00a0\u00bb, affirme Lucas, grand fan de rap fran\u00e7ais. Quand les lumi\u00e8res se sont rallum\u00e9es, les visages souriants parlaient d\u2019eux-m\u00eames. Pour la prochaine \u00e9dition, il faudra s\u2019armer de patience\u00a0: \u00ab\u00a0Il n\u2019y a pas encore de date. On travaille sur le festival selon les opportunit\u00e9s et les tourn\u00e9es des artistes. Il n\u2019y a pas de science exacte\u00a0\u00bb, rapporte Baptiste Beauchamp.<\/p>\n","protected":false},"excerpt":{"rendered":"Vendredi 24 octobre 2025, le Parc des Expositions de Lanester a vibr\u00e9 au rythme du rap fran\u00e7ais. Initialement&hellip;\n","protected":false},"author":2,"featured_media":492038,"comment_status":"","ping_status":"","sticky":false,"template":"","format":"standard","meta":{"footnotes":""},"categories":[1355],"tags":[58,59,1011,27,6349,1781,1361,873],"class_list":{"0":"post-492037","1":"post","2":"type-post","3":"status-publish","4":"format-standard","5":"has-post-thumbnail","7":"category-musique","8":"tag-divertissement","9":"tag-entertainment","10":"tag-fr","11":"tag-france","12":"tag-lanester","13":"tag-lorient","14":"tag-music","15":"tag-musique"},"share_on_mastodon":{"url":"https:\/\/pubeurope.com\/@fr\/115442957216784385","error":""},"_links":{"self":[{"href":"https:\/\/www.europesays.com\/fr\/wp-json\/wp\/v2\/posts\/492037","targetHints":{"allow":["GET"]}}],"collection":[{"href":"https:\/\/www.europesays.com\/fr\/wp-json\/wp\/v2\/posts"}],"about":[{"href":"https:\/\/www.europesays.com\/fr\/wp-json\/wp\/v2\/types\/post"}],"author":[{"embeddable":true,"href":"https:\/\/www.europesays.com\/fr\/wp-json\/wp\/v2\/users\/2"}],"replies":[{"embeddable":true,"href":"https:\/\/www.europesays.com\/fr\/wp-json\/wp\/v2\/comments?post=492037"}],"version-history":[{"count":0,"href":"https:\/\/www.europesays.com\/fr\/wp-json\/wp\/v2\/posts\/492037\/revisions"}],"wp:featuredmedia":[{"embeddable":true,"href":"https:\/\/www.europesays.com\/fr\/wp-json\/wp\/v2\/media\/492038"}],"wp:attachment":[{"href":"https:\/\/www.europesays.com\/fr\/wp-json\/wp\/v2\/media?parent=492037"}],"wp:term":[{"taxonomy":"category","embeddable":true,"href":"https:\/\/www.europesays.com\/fr\/wp-json\/wp\/v2\/categories?post=492037"},{"taxonomy":"post_tag","embeddable":true,"href":"https:\/\/www.europesays.com\/fr\/wp-json\/wp\/v2\/tags?post=492037"}],"curies":[{"name":"wp","href":"https:\/\/api.w.org\/{rel}","templated":true}]}}