{"id":492041,"date":"2025-10-26T23:02:12","date_gmt":"2025-10-26T23:02:12","guid":{"rendered":"https:\/\/www.europesays.com\/fr\/492041\/"},"modified":"2025-10-26T23:02:12","modified_gmt":"2025-10-26T23:02:12","slug":"allaitement-maternel-une-etude-revele-son-role-protecteur-contre-le-cancer-du-sein","status":"publish","type":"post","link":"https:\/\/www.europesays.com\/fr\/492041\/","title":{"rendered":"Allaitement maternel: une \u00e9tude r\u00e9v\u00e8le son r\u00f4le protecteur contre le cancer du sein"},"content":{"rendered":"<p><img loading=\"lazy\" decoding=\"async\" src=\"https:\/\/www.europesays.com\/fr\/wp-content\/uploads\/2025\/10\/8983dfb4-b963-47bd-a89b-173eca9e18f2.jpg\" alt=\"Pour chaque ann\u00e9e (dur\u00e9e cumul\u00e9e) d'allaitement, le risque de d\u00e9velopper un cancer du sein baisse de 4%.\" title=\"Pour chaque ann\u00e9e (dur\u00e9e cumul\u00e9e) d'allaitement, le risque de d\u00e9velopper un cancer du sein baisse de 4%.\"  width=\"1200\" height=\"800\"\/>Pour chaque ann\u00e9e (dur\u00e9e cumul\u00e9e) d&rsquo;allaitement, le risque de d\u00e9velopper un cancer du sein baisse de 4%.IMAGO\/Cavan Images<\/p>\n<p type=\"textBlockArray\" class=\"sc-c31b3c19-2 cOinTN\">Les femmes qui allaitent sont moins \u00e0 risque d&rsquo;avoir un <a href=\"https:\/\/www.20min.ch\/fr\/story\/jessie-j-on-m-a-diagnostique-un-cancer-du-sein-precoce-103358312\" rel=\"nofollow noopener\" target=\"_blank\">cancer du sein,<\/a>\u00a0cancer <a href=\"https:\/\/www.20min.ch\/fr\/story\/selon-une-etude-les-morts-du-cancer-devraient-bondir-dans-le-monde-d-ici-a-2050-103421908\" rel=\"nofollow noopener\" target=\"_blank\">le plus fr\u00e9quent dans le monde apr\u00e8s celui du poumon.<\/a> Ce constat, bien connu, n&rsquo;avait jusqu&rsquo;ici pas pu \u00eatre expliqu\u00e9 scientifiquement. Mais des chercheurs australiens pourraient bien avoir trouv\u00e9 le pourquoi de cet effet protecteur: ce serait une question de cellules immunitaires, rapporte le magazine <a target=\"_blank\" href=\"https:\/\/www.newscientist.com\/article\/2500663-breastfeeding-causes-a-surge-in-immune-cells-that-could-prevent-cancer\/\" rel=\"noopener noreferrer nofollow\">\u00abNew Scientist\u00bb.<\/a><\/p>\n<p type=\"textBlockArray\" class=\"sc-c31b3c19-2 cOinTN\">L&rsquo;\u00e9quipe de la Dre Sherene Loi, oncologue au Peter MacCallum Cancer Centre, \u00e0 Melbourne, a analys\u00e9 du tissu mammaire provenant de 260 femmes \u00e2g\u00e9es de 20 \u00e0 70 ans, dont une partie avait allait\u00e9. R\u00e9sultat: les \u00e9chantillons de celles qui avaient donn\u00e9 le sein se sont r\u00e9v\u00e9l\u00e9s tr\u00e8s riches en lymphocytes T CD8+, un type de globule blanc charg\u00e9 de d\u00e9truire les cellules malades, notamment canc\u00e9reuses.<\/p>\n<p>Jusqu&rsquo;\u00e0 cinquante ans de protection<\/p>\n<p type=\"textBlockArray\" class=\"sc-c31b3c19-2 cOinTN\">Les scientifiques ont constat\u00e9 que ces lymphocytes restaient pr\u00e9sents dans le corps jusqu&rsquo;\u00e0 cinquante ans apr\u00e8s l&rsquo;accouchement, prot\u00e9geant les femmes qui avaient nourri leur b\u00e9b\u00e9 au sein. Pour confirmer cette d\u00e9couverte, ils ont men\u00e9 des essais sur des souris: seules celles qui avaient mis bas et <a href=\"https:\/\/www.20min.ch\/fr\/story\/sept-idees-recues-sur-lallaitement-353698688303\" rel=\"nofollow noopener\" target=\"_blank\">allait\u00e9<\/a> leurs petits pr\u00e9sentaient une accumulation de T CD8+ dans leurs glandes mammaires.<\/p>\n<p type=\"textBlockArray\" class=\"sc-c31b3c19-2 cOinTN\">Mieux: lors de l&rsquo;implantation de cellules du <a href=\"https:\/\/www.20min.ch\/fr\/story\/sante-l-immunotherapie-confirme-ses-benefices-face-a-certains-cancers-760848646015\" rel=\"nofollow noopener\" target=\"_blank\">cancer du sein triple n\u00e9gatif,<\/a> la forme la plus agressive de la maladie, qui touche souvent des femmes plus jeunes, sur des souris, la croissance des tumeurs s&rsquo;est r\u00e9v\u00e9l\u00e9e nettement plus lente chez les rongeurs allaitants que chez les autres.<\/p>\n<p type=\"textBlockArray\" class=\"sc-c31b3c19-2 cOinTN\">Pourquoi cette accumulation de globules blancs durant la lactation? Pour les chercheurs australiens, elle s&rsquo;expliquerait par la fonction desdits lymphocytes. Ceux-ci seraient pr\u00e9sents en aussi grand nombre pour pr\u00e9venir des infections et des inflammations du sein qui pourraient perturber, voire emp\u00eacher l&rsquo;allaitement.<\/p>\n<p><a href=\"https:\/\/www.20min.ch\/fr\/auteurs\/68212731\/eva-grau\" class=\"sc-b1f21c84-2 egfiIF\" rel=\"nofollow noopener\" target=\"_blank\"><img decoding=\"async\" alt=\"Eva Grau\" src=\"https:\/\/www.europesays.com\/fr\/wp-content\/uploads\/2025\/10\/1761519732_850_bf4065d7-28b8-4959-a648-74e1bfff8744.jpeg\" class=\"sc-b1f21c84-1 iTOvpR\"\/><\/a><\/p>\n<p class=\"sc-f19a47c0-1 jKqFcj\">Eva Grau (egr) est journaliste chez 20 minutes, titre qu&rsquo;elle a rejoint en 2009. Ses th\u00e8mes de pr\u00e9dilection: la sant\u00e9 et l&rsquo;actu people-culture.<\/p>\n","protected":false},"excerpt":{"rendered":"Pour chaque ann\u00e9e (dur\u00e9e cumul\u00e9e) d&rsquo;allaitement, le risque de d\u00e9velopper un cancer du sein baisse de 4%.IMAGO\/Cavan Images&hellip;\n","protected":false},"author":2,"featured_media":492042,"comment_status":"","ping_status":"","sticky":false,"template":"","format":"standard","meta":{"footnotes":""},"categories":[10],"tags":[1011,27,72,71],"class_list":{"0":"post-492041","1":"post","2":"type-post","3":"status-publish","4":"format-standard","5":"has-post-thumbnail","7":"category-sante","8":"tag-fr","9":"tag-france","10":"tag-health","11":"tag-sante"},"share_on_mastodon":{"url":"https:\/\/pubeurope.com\/@fr\/115442964916459534","error":""},"_links":{"self":[{"href":"https:\/\/www.europesays.com\/fr\/wp-json\/wp\/v2\/posts\/492041","targetHints":{"allow":["GET"]}}],"collection":[{"href":"https:\/\/www.europesays.com\/fr\/wp-json\/wp\/v2\/posts"}],"about":[{"href":"https:\/\/www.europesays.com\/fr\/wp-json\/wp\/v2\/types\/post"}],"author":[{"embeddable":true,"href":"https:\/\/www.europesays.com\/fr\/wp-json\/wp\/v2\/users\/2"}],"replies":[{"embeddable":true,"href":"https:\/\/www.europesays.com\/fr\/wp-json\/wp\/v2\/comments?post=492041"}],"version-history":[{"count":0,"href":"https:\/\/www.europesays.com\/fr\/wp-json\/wp\/v2\/posts\/492041\/revisions"}],"wp:featuredmedia":[{"embeddable":true,"href":"https:\/\/www.europesays.com\/fr\/wp-json\/wp\/v2\/media\/492042"}],"wp:attachment":[{"href":"https:\/\/www.europesays.com\/fr\/wp-json\/wp\/v2\/media?parent=492041"}],"wp:term":[{"taxonomy":"category","embeddable":true,"href":"https:\/\/www.europesays.com\/fr\/wp-json\/wp\/v2\/categories?post=492041"},{"taxonomy":"post_tag","embeddable":true,"href":"https:\/\/www.europesays.com\/fr\/wp-json\/wp\/v2\/tags?post=492041"}],"curies":[{"name":"wp","href":"https:\/\/api.w.org\/{rel}","templated":true}]}}