{"id":492047,"date":"2025-10-26T23:05:13","date_gmt":"2025-10-26T23:05:13","guid":{"rendered":"https:\/\/www.europesays.com\/fr\/492047\/"},"modified":"2025-10-26T23:05:13","modified_gmt":"2025-10-26T23:05:13","slug":"le-fairphone-6-un-telephone-alternatif-seduisant-qui-permet-meme-de-se-passer-de-google","status":"publish","type":"post","link":"https:\/\/www.europesays.com\/fr\/492047\/","title":{"rendered":"Le Fairphone 6, un t\u00e9l\u00e9phone alternatif s\u00e9duisant, qui permet m\u00eame de se passer de Google"},"content":{"rendered":"<p>    R\u00e9sum\u00e9 en 20 secondes<\/p>\n<p>        En savoir plus sur ce type de contenu<\/p>\n<p>Ce r\u00e9sum\u00e9 peut avoir \u00e9t\u00e9 \u00e9crit avec l&rsquo;assistance d\u2019une IA g\u00e9n\u00e9rative. <a href=\"https:\/\/www.letemps.ch\/cyber\/l-usage-de-l-ia-generative-par-les-journalistes-du-temps\" target=\"_blank\" rel=\"noopener\">En savoir plus<\/a><\/p>\n<p class=\"article__abstract-call-to-action\" data-ariato=\"TrackableElement\" data-trackable-element-type=\"article_abstract_cta\" data-trackable-element-location=\"article_header\" data-trackable-element-id=\"510251\">\n        <a data-event=\"click-&gt;clicked\" href=\"https:\/\/www.letemps.ch\/abonnements\" target=\"_blank\" rel=\"noopener\">Abonnez-vous<\/a> pour acc\u00e9der au r\u00e9sum\u00e9 en 20 secondes.\n      <\/p>\n<p>Cela fait plusieurs ann\u00e9es que nous suivons l\u2019\u00e9volution du Fairphone, ce smartphone \u00e0 vis\u00e9e \u00e9thique. Con\u00e7u par une soci\u00e9t\u00e9 n\u00e9erlandaise, il se diff\u00e9rencie des mod\u00e8les de Samsung, Apple ou Google par trois points principaux. D\u2019abord, la durabilit\u00e9, avec des pi\u00e8ces facilement rempla\u00e7ables, des mises \u00e0 jour logicielles longues et une garantie \u00e9tendue. Il y a aussi une \u00e9thique de la production, avec l\u2019utilisation de mat\u00e9riaux plus responsables (or, cobalt, \u00e9tain et tungst\u00e8ne issus de fili\u00e8res plus propres) et une attention port\u00e9e aux conditions de travail dans les cha\u00eenes d\u2019approvisionnement. Enfin, il y a la volont\u00e9 de donner davantage de contr\u00f4le \u00e0 l\u2019utilisateur, en offrant aux utilisateurs la possibilit\u00e9 de r\u00e9parer eux-m\u00eames l\u2019appareil et de s\u2019affranchir de Google.<\/p>\n<p>Depuis quelques semaines, la version 6 du Fairphone est sur le march\u00e9. La premi\u00e8re impression est excellente, avec un smartphone d\u2019apparence classique, solide et des finitions parfaites. C\u00f4t\u00e9 composants, rien \u00e0 dire: l\u2019appareil poss\u00e8de un \u00e9cran OLED de 6,3 pouces tr\u00e8s fluide (120\u00a0Hz), une batterie de 4415\u00a0mAh facilement rempla\u00e7able, et un double appareil photo de 50 m\u00e9gapixels avec stabilisation optique, accompagn\u00e9 d\u2019un ultra-grand-angle de 13 m\u00e9gapixels. Sa m\u00e9moire (8\u00a0Go de RAM et 256\u00a0Go de stockage) peut \u00eatre augment\u00e9e gr\u00e2ce \u00e0 une carte microSD. On retrouve aussi les standards modernes: wi-fi 6E pour la vitesse, NFC pour les paiements sans contact, double SIM (eSIM +\u00a0nano-SIM).<\/p>\n","protected":false},"excerpt":{"rendered":"R\u00e9sum\u00e9 en 20 secondes En savoir plus sur ce type de contenu Ce r\u00e9sum\u00e9 peut avoir \u00e9t\u00e9 \u00e9crit&hellip;\n","protected":false},"author":2,"featured_media":492048,"comment_status":"","ping_status":"","sticky":false,"template":"","format":"standard","meta":{"footnotes":""},"categories":[7],"tags":[1011,27,301,43,40,41,39,42,44],"class_list":{"0":"post-492047","1":"post","2":"type-post","3":"status-publish","4":"format-standard","5":"has-post-thumbnail","7":"category-sciences-et-technologies","8":"tag-fr","9":"tag-france","10":"tag-premium","11":"tag-science","12":"tag-science-and-technology","13":"tag-sciences","14":"tag-sciences-et-technologies","15":"tag-technologies","16":"tag-technology"},"share_on_mastodon":{"url":"https:\/\/pubeurope.com\/@fr\/115442976425829212","error":""},"_links":{"self":[{"href":"https:\/\/www.europesays.com\/fr\/wp-json\/wp\/v2\/posts\/492047","targetHints":{"allow":["GET"]}}],"collection":[{"href":"https:\/\/www.europesays.com\/fr\/wp-json\/wp\/v2\/posts"}],"about":[{"href":"https:\/\/www.europesays.com\/fr\/wp-json\/wp\/v2\/types\/post"}],"author":[{"embeddable":true,"href":"https:\/\/www.europesays.com\/fr\/wp-json\/wp\/v2\/users\/2"}],"replies":[{"embeddable":true,"href":"https:\/\/www.europesays.com\/fr\/wp-json\/wp\/v2\/comments?post=492047"}],"version-history":[{"count":0,"href":"https:\/\/www.europesays.com\/fr\/wp-json\/wp\/v2\/posts\/492047\/revisions"}],"wp:featuredmedia":[{"embeddable":true,"href":"https:\/\/www.europesays.com\/fr\/wp-json\/wp\/v2\/media\/492048"}],"wp:attachment":[{"href":"https:\/\/www.europesays.com\/fr\/wp-json\/wp\/v2\/media?parent=492047"}],"wp:term":[{"taxonomy":"category","embeddable":true,"href":"https:\/\/www.europesays.com\/fr\/wp-json\/wp\/v2\/categories?post=492047"},{"taxonomy":"post_tag","embeddable":true,"href":"https:\/\/www.europesays.com\/fr\/wp-json\/wp\/v2\/tags?post=492047"}],"curies":[{"name":"wp","href":"https:\/\/api.w.org\/{rel}","templated":true}]}}