{"id":492051,"date":"2025-10-26T23:07:15","date_gmt":"2025-10-26T23:07:15","guid":{"rendered":"https:\/\/www.europesays.com\/fr\/492051\/"},"modified":"2025-10-26T23:07:15","modified_gmt":"2025-10-26T23:07:15","slug":"avec-ce-droit-de-veto-de-netanyahu-le-plan-trump-est-encore-un-peu-plus-en-peril","status":"publish","type":"post","link":"https:\/\/www.europesays.com\/fr\/492051\/","title":{"rendered":"avec ce \u00ab\u00a0droit de veto\u00a0\u00bb de Netanyahu, le plan Trump est encore un peu plus en p\u00e9ril"},"content":{"rendered":"<p>        <img decoding=\"async\" loading=\"lazy\" src=\"https:\/\/www.europesays.com\/fr\/wp-content\/uploads\/2025\/10\/ce8a7c8_upload-1-fcjlrrnpyzf1-afp-20251019-aa-19102025-2478002-v1-highres-newaccommodationfor1500fam.jpeg\"  width=\"728\" height=\"410\" alt=\"Photo d\u2019illustration de la ville de Gaza, le 19\u00a0octobre 2025, alors que le Comit\u00e9 international pour la reconstruction lance des travaux.\"\/>  <\/p>\n<p>SAEED M. M. T. JARAS \/ Anadolu via AFP<\/p>\n<p>Photo d\u2019illustration de la ville de Gaza, le 19\u00a0octobre 2025, alors que le Comit\u00e9 international pour la reconstruction lance des travaux.<\/p>\n<p class=\"asset asset-text\">INTERNATIONAL &#8211; Un point de blocage suppl\u00e9mentaire. Le Premier ministre<a href=\"https:\/\/www.huffingtonpost.fr\/international\/article\/stupide-et-insultant-en-israel-vance-etrille-les-projets-d-annexion-de-la-cisjordanie_256345.html\" target=\"_blank\" rel=\"noopener\"> isra\u00e9lien <\/a>Benjamin Netanyahu a affirm\u00e9, ce dimanche 26\u00a0octobre au soir, son droit de veto sur les membres de la<a href=\"https:\/\/www.huffingtonpost.fr\/international\/article\/une-force-internationale-a-gaza-que-prevoit-ce-plan-evoque-par-israel-sur-l-apres-guerre_227906.html\" target=\"_blank\" rel=\"noopener\"> force internationale<\/a> qui devrait s\u00e9curiser l\u2019apr\u00e8s-guerre dans la bande de Gaza, que son alli\u00e9 am\u00e9ricain tente de mettre en place.<\/p>\n<p class=\"asset asset-text\">En vertu du <a href=\"https:\/\/www.huffingtonpost.fr\/international\/article\/gaza-comment-l-armee-americaine-va-superviser-la-mise-en-uvre-de-l-accord-entre-israel-et-le-hamas_255824.html\" target=\"_blank\" rel=\"noopener\">plan du pr\u00e9sident Donald Trump<\/a>, sur lequel est bas\u00e9 l\u2019accord de cessez-le-feu, une force internationale de stabilisation, form\u00e9e principalement de troupes de pays arabes et musulmans, doit se d\u00e9ployer \u00e0 Gaza \u00e0 mesure que l\u2019arm\u00e9e isra\u00e9lienne s\u2019en retirera.<\/p>\n<p class=\"asset asset-text\">\u00ab\u00a0Nous avons (&#8230;) clairement indiqu\u00e9 au sujet des forces internationales qu\u2019Isra\u00ebl d\u00e9ciderait quelles forces sont inacceptables pour nous\u00a0\u00bb, a d\u00e9clar\u00e9 Benjamin Netanyahu, oppos\u00e9 au d\u00e9ploiement de forces de Turquie, pays qui entretient des liens \u00e9troits avec le Hamas. \u00ab\u00a0Nous sommes un \u00c9tat ind\u00e9pendant\u00a0\u00bb, a-t-il martel\u00e9 devant ses ministres. \u00ab\u00a0Notre politique de s\u00e9curit\u00e9 est entre nos mains.\u00a0\u00bb<\/p>\n<p>    Le Hamas refuse de son c\u00f4t\u00e9 son d\u00e9sarmement    <\/p>\n<p class=\"asset asset-text\">Vendredi, le secr\u00e9taire d\u2019\u00c9tat am\u00e9ricain Marco Rubio avait dit au sujet de cette force qu\u2019il faudrait \u00ab\u00a0que ce soient des personnes ou des pays avec lesquels Isra\u00ebl se sente \u00e0 l\u2019aise\u00a0\u00bb, apr\u00e8s qu\u2019une source du minist\u00e8re turc de la D\u00e9fense avait fait \u00e9tat de discussions sur une participation turque.<\/p>\n<p class=\"asset asset-text\">La premi\u00e8re phase de l\u2019accord de cessez-le-feu, entr\u00e9 en vigueur le 10\u00a0octobre, pr\u00e9voit, outre le cessez-le-feu, la lib\u00e9ration de tous les otages, vivants et morts, des retraits isra\u00e9liens dans Gaza et l\u2019afflux d\u2019aides humanitaires dans le territoire ravag\u00e9 par l\u2019offensive isra\u00e9lienne de repr\u00e9sailles. Le Hamas a lib\u00e9r\u00e9 au 13\u00a0octobre l\u2019ensemble des 20 otages vivants. Il devait aussi rendre \u00e0 cette date les 28 corps des captifs qu\u2019il retient, mais il n\u2019en a restitu\u00e9 que 15 jusque-l\u00e0, arguant de difficult\u00e9s pour trouver les d\u00e9pouilles.<\/p>\n<p class=\"asset asset-text\">Dans ses \u00e9tapes ult\u00e9rieures, le plan Trump pr\u00e9voit aussi de nouveaux retraits isra\u00e9liens dans Gaza, le d\u00e9sarmement du Hamas, ainsi que la reconstruction du territoire notamment.<\/p>\n<p class=\"asset asset-text\">Mais le Hamas, qui a pris le pouvoir \u00e0 Gaza en 2007, a jusqu\u2019\u00e0 pr\u00e9sent refus\u00e9 d\u2019envisager son d\u00e9sarmement et r\u00e9clame le retrait total des forces isra\u00e9liennes qui occupent aujourd\u2019hui environ la moiti\u00e9 du territoire palestinien. Or\u00a0Benjamin Netanyahu a fix\u00e9 le d\u00e9sarmement du mouvement islamiste comme la condition sine qua non \u00e0 la fin de guerre \u00e0 Gaza.<\/p>\n","protected":false},"excerpt":{"rendered":"SAEED M. M. T. JARAS \/ Anadolu via AFP Photo d\u2019illustration de la ville de Gaza, le 19\u00a0octobre&hellip;\n","protected":false},"author":2,"featured_media":492052,"comment_status":"","ping_status":"","sticky":false,"template":"","format":"standard","meta":{"footnotes":""},"categories":[5],"tags":[11,3448,3259,75,1011,27,665,14,664,12,28],"class_list":{"0":"post-492051","1":"post","2":"type-post","3":"status-publish","4":"format-standard","5":"has-post-thumbnail","7":"category-international","8":"tag-actualites","9":"tag-benjamin-netanyahou","10":"tag-conflit-israelo-palestinien","11":"tag-donald-trump","12":"tag-fr","13":"tag-france","14":"tag-gaza","15":"tag-international","16":"tag-israel","17":"tag-news","18":"tag-world"},"share_on_mastodon":{"url":"https:\/\/pubeurope.com\/@fr\/115442984387306348","error":""},"_links":{"self":[{"href":"https:\/\/www.europesays.com\/fr\/wp-json\/wp\/v2\/posts\/492051","targetHints":{"allow":["GET"]}}],"collection":[{"href":"https:\/\/www.europesays.com\/fr\/wp-json\/wp\/v2\/posts"}],"about":[{"href":"https:\/\/www.europesays.com\/fr\/wp-json\/wp\/v2\/types\/post"}],"author":[{"embeddable":true,"href":"https:\/\/www.europesays.com\/fr\/wp-json\/wp\/v2\/users\/2"}],"replies":[{"embeddable":true,"href":"https:\/\/www.europesays.com\/fr\/wp-json\/wp\/v2\/comments?post=492051"}],"version-history":[{"count":0,"href":"https:\/\/www.europesays.com\/fr\/wp-json\/wp\/v2\/posts\/492051\/revisions"}],"wp:featuredmedia":[{"embeddable":true,"href":"https:\/\/www.europesays.com\/fr\/wp-json\/wp\/v2\/media\/492052"}],"wp:attachment":[{"href":"https:\/\/www.europesays.com\/fr\/wp-json\/wp\/v2\/media?parent=492051"}],"wp:term":[{"taxonomy":"category","embeddable":true,"href":"https:\/\/www.europesays.com\/fr\/wp-json\/wp\/v2\/categories?post=492051"},{"taxonomy":"post_tag","embeddable":true,"href":"https:\/\/www.europesays.com\/fr\/wp-json\/wp\/v2\/tags?post=492051"}],"curies":[{"name":"wp","href":"https:\/\/api.w.org\/{rel}","templated":true}]}}