{"id":492060,"date":"2025-10-26T23:17:11","date_gmt":"2025-10-26T23:17:11","guid":{"rendered":"https:\/\/www.europesays.com\/fr\/492060\/"},"modified":"2025-10-26T23:17:11","modified_gmt":"2025-10-26T23:17:11","slug":"mallia-un-retour-et-un-triple-marchand-roi-des-ballons-portes-le-rct-une-nouvelle-fois-humilie-les-tops-et-flops","status":"publish","type":"post","link":"https:\/\/www.europesays.com\/fr\/492060\/","title":{"rendered":"Mallia un retour et un tripl\u00e9, Marchand roi des ballons port\u00e9s, le RCT une nouvelle fois humili\u00e9&#8230; Les tops et flops"},"content":{"rendered":"<p>\n    \u00c0 l\u2019issue du nouveau r\u00e9cital offensif du Stade Toulousain dimanche soir face au RC Toulon au Stadium (59-24), dans le cadre de la 8e journ\u00e9e du Top 14, d\u00e9couvrez ce qui a plu&#8230; et d\u00e9plu \u00e0 la r\u00e9daction du Figaro.<\/p>\n<p class=\"fig-paragraph\"><strong>TOPS\u00a0<\/strong><\/p>\n<p>La \u201cmaestria\u201d de Juan Cruz Mallia<\/p>\n<p class=\"fig-paragraph\">Il ne faisait que son retour\u00a0? Il fallait le pr\u00e9ciser&#8230; Apr\u00e8s avoir disput\u00e9 le Rugby Championship avec l\u2019Argentine,\u00a0<a href=\"http:\/\/www.lefigaro.fr\/sports\/rugby\/top-14\/top-14-les-argentins-mallia-et-chocobares-de-retour-ramos-sur-le-banc-la-compo-du-stade-toulousain-20251025\" data-fig-type=\"NewsFlash\" data-gtm-custom-categorie=\"navigation\" data-gtm-custom-action=\"crossclick\" data-gtm-custom-label=\"Contextuel\" data-gtm-event=\"customEventSPE\" data-fig-domain=\"LEFIGARO\" target=\"_blank\" rel=\"noopener\">l\u2019ailier rechaussait les crampons<\/a>\u00a0dimanche soir lors de la\u00a0<a href=\"http:\/\/www.lefigaro.fr\/sports\/rugby\/top-14\/top-14-toulouse-corrige-toulon-et-prend-les-commandes-20251026\" data-fig-type=\"NewsFlash\" data-gtm-custom-categorie=\"navigation\" data-gtm-custom-action=\"crossclick\" data-gtm-custom-label=\"Contextuel\" data-gtm-event=\"customEventSPE\" data-fig-domain=\"LEFIGARO\" target=\"_blank\" rel=\"noopener\">d\u00e9monstration de son \u00e9quipe face \u00e0 Toulon<\/a>\u00a0(<a href=\"https:\/\/www.lefigaro.fr\/sports\/rugby\/live\/top-14\/2026\/947977\/toulouse-toulon\" data-fig-type=\"Live\" data-gtm-custom-categorie=\"navigation\" data-gtm-custom-action=\"crossclick\" data-gtm-custom-label=\"Contextuel\" data-gtm-event=\"customEventSPE\" data-fig-domain=\"LEFIGARO\" target=\"_blank\" rel=\"noopener\">59-24<\/a>), pour la premi\u00e8re fois de la saison. Et comme dirait l\u2019autre\u00a0: \u00abPas content\u00a0? Tripl\u00e9\u00a0!\u00bb. Le trois-quarts n\u2019a pas perdu de temps avant de se mettre en lumi\u00e8re. \u00c0 peine cinq minutes de jeu et d\u00e9j\u00e0 une interception suivie d\u2019une course de quatre-vingts m\u00e8tres pour le n\u00b011. En pur finisseur, le Toulousain a ensuite sign\u00e9 un doubl\u00e9 dans son couloir gauche (47e, 62e). Et un peu plus d\u2019un quart d\u2019heure avant la sir\u00e8ne, l\u2019Argentin s\u2019est offert un troisi\u00e8me essai, \u00e0 la r\u00e9ception d\u2019une merveilleuse passe au pied de Ntamack. Le Puma a alors fil\u00e9 sans \u00eatre revu par la d\u00e9fense toulonnaise. Une prestation XXL de sa part.<\/p>\n<p class=\"fig-body-link\">\n            \u00c0 lire aussi<br \/>\n        <a class=\"fig-body-link__link\" href=\"http:\/\/www.lefigaro.fr\/sports\/rugby\/top-14\/top-14-toulouse-corrige-toulon-et-prend-les-commandes-20251026\" data-fig-type=\"NewsFlash\" data-gtm-custom-categorie=\"navigation\" data-gtm-custom-action=\"crossclick\" data-gtm-custom-label=\"Contextuel\" data-gtm-event=\"customEventSPE\" data-fig-domain=\"LEFIGARO\" target=\"_blank\" rel=\"noopener\"><\/p>\n<p>        Top 14\u00a0: Toulouse corrige Toulon et prend les commandes<br \/>\n    <\/a>\n<\/p>\n<p>                                    <a class=\"fig-a11y-skip a11y-hidden\" href=\"#fig-a11y-skip-main-inarticle\"><br \/>\n        Passer la publicit\u00e9<br \/>\n    <\/a><\/p>\n<p>Romain Ntamack r\u00e9gale<\/p>\n<p class=\"fig-paragraph\">Une balade \u00e9galement pour le demi d\u2019ouverture de Toulouse. \u00c0 deux semaines du\u00a0<a href=\"http:\/\/www.lefigaro.fr\/sports\/rugby\/xv-de-france\/xv-de-france-touche-contre-bayonne-jalibert-forfait-pour-le-debut-de-la-tournee-taofifenua-out-aussi-20251026\" data-fig-type=\"NewsFlash\" data-gtm-custom-categorie=\"navigation\" data-gtm-custom-action=\"crossclick\" data-gtm-custom-label=\"Contextuel\" data-gtm-event=\"customEventSPE\" data-fig-domain=\"LEFIGARO\" target=\"_blank\" rel=\"noopener\">choc face \u00e0 l\u2019Afrique du Sud avec le XV de France<\/a>, le n\u00b010 a affich\u00e9 une forme \u00e9clatante. Impressionnant de ma\u00eetrise et d\u2019autorit\u00e9, l\u2019international tricolore a rappel\u00e9 qu\u2019il \u00e9tait bien de retour \u00e0 son meilleur niveau. D\u00e8s la premi\u00e8re demi-heure, \u00abNTK\u00bb a donn\u00e9 le ton. Juste avant la pause, le num\u00e9ro dix a fait parler sa puissance pour inscrire un essai plein d\u2019autorit\u00e9. Apr\u00e8s la mi-temps, c\u2019est une passe au pied parfaitement dos\u00e9e de sa part qui a permis \u00e0 son co\u00e9quipier Mallia de plonger dans l\u2019en-but adverse. Les statistiques du Haut-Garonnais parlent pour lui\u00a0: cinq d\u00e9fenseurs battus, huit plaquages r\u00e9ussis sur huit tent\u00e9s, et un jeu d\u2019occupation pr\u00e9cis. Seul hic\u00a0? L\u2019interception du Varois Smaili en toute fin de match, qui a vu ce dernier partir \u00e0 l\u2019essai. Sinon, c\u2019est la perfection.<\/p>\n<p>Julien Marchand et Toulouse, ma\u00eetres des mauls<\/p>\n<p class=\"fig-paragraph\">Digne d\u2019une bonne com\u00e9die ou d\u2019un mauvais sketch. Quasiment tous les essais toulousains du soir ont \u00e9t\u00e9 aplatis \u00e0 la suite d\u2019une touche et d\u2019un ballon port\u00e9. Les joueurs d\u2019Ugo Mola ont \u00e9t\u00e9 inarr\u00eatables dans ce domaine, donnant une le\u00e7on au RCT, qui, sur certaines actions d\u00e9fensives, faisait limite de la peine. L\u2019ASM Clermont, \u00e9galement sp\u00e9cialiste en la mati\u00e8re, peut prendre des notes&#8230; Imparable.<\/p>\n<p>Mathis Fert\u00e9 fait sensation<\/p>\n<p class=\"fig-paragraph\">21 ans, peu connu mais d\u00e9j\u00e0 plein de fougue. Avec un doubl\u00e9 (53e, 64e) tout en vivacit\u00e9 et explosivit\u00e9, le jeune ailier du RCT a surnag\u00e9 au milieu du chaos toulonnais. Une (tr\u00e8s) belle promesse.<\/p>\n<p class=\"fig-paragraph\"><strong>FLOPS\u00a0<\/strong><\/p>\n<p>Des Toulonnais beaucoup trop dissip\u00e9s&#8230;<\/p>\n<p class=\"fig-paragraph\">Encore plus de dix p\u00e9nalit\u00e9s et trois cartons jaunes conc\u00e9d\u00e9s par Toulon dimanche soir, qui plus est en d\u00e9placement&#8230; C\u2019est trop pour esp\u00e9rer obtenir un r\u00e9sultat chez les triples champions de France. Entre agressivit\u00e9, \u00e2pret\u00e9 et indiscipline, les Varois se sont pris les pieds dans le tapis pour, au final, \u00eatre \u00e9parpill\u00e9s fa\u00e7on puzzle sur les quatre coins du rectangle vert&#8230; Donner autant de munitions \u00e0 un adversaire comme Toulouse, en se retrouvant pendant trente minutes en inf\u00e9riorit\u00e9 num\u00e9rique, c\u2019est se tirer une balle dans les deux pieds.<\/p>\n<p>                                    <a class=\"fig-a11y-skip a11y-hidden\" href=\"#fig-a11y-skip-main-inarticle_mtf\"><br \/>\n        Passer la publicit\u00e9<br \/>\n    <\/a><\/p>\n<p>&#8230; et encore une fois balay\u00e9s<\/p>\n<p class=\"fig-paragraph\">Combien de points encaiss\u00e9s par le RCT sur ses trois derniers matches de championnat face \u00e0 Toulouse\u00a0? Plus de 160&#8230; Rien a dire de plus.<\/p>\n","protected":false},"excerpt":{"rendered":"\u00c0 l\u2019issue du nouveau r\u00e9cital offensif du Stade Toulousain dimanche soir face au RC Toulon au Stadium (59-24),&hellip;\n","protected":false},"author":2,"featured_media":492061,"comment_status":"","ping_status":"","sticky":false,"template":"","format":"standard","meta":{"footnotes":""},"categories":[9619],"tags":[1111,11,1777,674,1011,27,12,882,8177,25,476,478,2310],"class_list":{"0":"post-492060","1":"post","2":"type-post","3":"status-publish","4":"format-standard","5":"has-post-thumbnail","7":"category-toulon","8":"tag-actu","9":"tag-actualites","10":"tag-eu","11":"tag-europe","12":"tag-fr","13":"tag-france","14":"tag-news","15":"tag-provence-alpes-cote-dazur","16":"tag-rc-toulon","17":"tag-republique-francaise","18":"tag-stade-toulousain","19":"tag-top-14","20":"tag-toulon"},"share_on_mastodon":{"url":"https:\/\/pubeurope.com\/@fr\/115443023523245856","error":""},"_links":{"self":[{"href":"https:\/\/www.europesays.com\/fr\/wp-json\/wp\/v2\/posts\/492060","targetHints":{"allow":["GET"]}}],"collection":[{"href":"https:\/\/www.europesays.com\/fr\/wp-json\/wp\/v2\/posts"}],"about":[{"href":"https:\/\/www.europesays.com\/fr\/wp-json\/wp\/v2\/types\/post"}],"author":[{"embeddable":true,"href":"https:\/\/www.europesays.com\/fr\/wp-json\/wp\/v2\/users\/2"}],"replies":[{"embeddable":true,"href":"https:\/\/www.europesays.com\/fr\/wp-json\/wp\/v2\/comments?post=492060"}],"version-history":[{"count":0,"href":"https:\/\/www.europesays.com\/fr\/wp-json\/wp\/v2\/posts\/492060\/revisions"}],"wp:featuredmedia":[{"embeddable":true,"href":"https:\/\/www.europesays.com\/fr\/wp-json\/wp\/v2\/media\/492061"}],"wp:attachment":[{"href":"https:\/\/www.europesays.com\/fr\/wp-json\/wp\/v2\/media?parent=492060"}],"wp:term":[{"taxonomy":"category","embeddable":true,"href":"https:\/\/www.europesays.com\/fr\/wp-json\/wp\/v2\/categories?post=492060"},{"taxonomy":"post_tag","embeddable":true,"href":"https:\/\/www.europesays.com\/fr\/wp-json\/wp\/v2\/tags?post=492060"}],"curies":[{"name":"wp","href":"https:\/\/api.w.org\/{rel}","templated":true}]}}