{"id":492062,"date":"2025-10-26T23:18:23","date_gmt":"2025-10-26T23:18:23","guid":{"rendered":"https:\/\/www.europesays.com\/fr\/492062\/"},"modified":"2025-10-26T23:18:23","modified_gmt":"2025-10-26T23:18:23","slug":"danse-passion-et-bonne-humeur-pour-la-7eme-edition-de-c2ladanse","status":"publish","type":"post","link":"https:\/\/www.europesays.com\/fr\/492062\/","title":{"rendered":"Danse, passion et bonne humeur pour la 7\u00e8me \u00e9dition de C2ladanse"},"content":{"rendered":"\n<p style=\"text-align: justify;\">\u00ab C\u2019est un concours qui valorise \u00e0 \u00e9galit\u00e9 les deux disciplines et qui s\u2019adresse aux enfants et jeunes de 8 \u00e0 22 ans \u00bb, explique C\u00e9line Lheriau. Un week-end donc plac\u00e9 sous le signe de la danse, avec <strong>le samedi r\u00e9serv\u00e9 aux \u00e9liminatoires et le dimanche aux finales, qui se terminent en beaut\u00e9 avec un gala ouvert au public.<\/strong><\/p>\n<p>\u00a0<br \/>\n<strong>Un concours humain, convivial et accessible<\/strong><\/p>\n<p style=\"text-align: justify;\">\u00a0<\/p>\n<p style=\"text-align: justify;\">C2laDanse, ce n\u2019est pas juste une comp\u00e9tition : c\u2019est un moment de partage. Pour que tout le monde profite pleinement, les organisatrices limitent les inscriptions \u00e0 110 participants. <a href=\"https:\/\/www.c2ladanse.com\/\" rel=\"noopener nofollow\" target=\"_blank\">Les inscriptions se font en ligne<\/a> et se cl\u00f4turent <strong>le 8 novembre 2025. <\/strong>Petit bonus : pas besoin de fournir la musique d\u00e8s l\u2019inscription, vous avez encore le temps de peaufiner vos chor\u00e9graphies.<\/p>\n<p style=\"text-align: justify;\">\u00ab Nous voulons que les participants se sentent bien, sans pression inutile, dans une ambiance conviviale et bienveillante \u00bb, pr\u00e9cise Delphine. Et pour cela,<strong> 35 b\u00e9n\u00e9voles s\u2019assurent que tout roule, du premier pas sur sc\u00e8ne au salut final.<\/strong><\/p>\n<p style=\"text-align: justify;\">\u00a0<\/p>\n<p style=\"text-align: justify;\">\n<p style=\"text-align: justify;\">\u00a0<\/p>\n<p><strong>Un jury de r\u00eave et des rencontres inspirantes<\/strong><\/p>\n<p style=\"text-align: justify;\">\u00a0<\/p>\n<p style=\"text-align: justify;\">Le Kiasma accueille les jeunes danseurs sous ses projecteurs, et <strong>le jury promet d\u2019\u00eatre exceptionnel :<\/strong> deux danseuses \u00e9toiles de l\u2019Op\u00e9ra de Paris, Laetitia Pujol et Myriam Ould-Braham, Anne-Marie Porras, figure de la danse contemporaine \u00e0 Montpellier, Julien Lestel, pr\u00e9sident du jury et professeur \u00e0 l\u2019\u00c9cole nationale de danse de Marseille, et Guillaume Siard, co-directeur de l\u2019Area Dance \u00e0 Gen\u00e8ve.<\/p>\n<p style=\"text-align: justify;\">Pour les finalistes d\u00e8s 12 ans, <strong>un t\u00eate-\u00e0-t\u00eate p\u00e9dagogique avec le jury <\/strong>est propos\u00e9 : un moment privil\u00e9gi\u00e9 pour recevoir conseils et encouragements, en toute bienveillance.<\/p>\n<p style=\"text-align: justify;\">\u00a0<\/p>\n<p><strong>Pour le public : venez vibrer devant la danse<\/strong><\/p>\n<p style=\"text-align: justify;\">\u00a0<\/p>\n<p style=\"text-align: justify;\"><strong>Le concours est ouvert \u00e0 tous les spectateurs<\/strong>, m\u00eame si vous n\u2019avez pas de participant dans la famille. <strong>La billetterie ouvre le 27 novembre<\/strong>, avec des formules vari\u00e9es : assister \u00e0 une seule journ\u00e9e, aux deux, ou uniquement au gala de cl\u00f4ture. Une belle occasion de d\u00e9couvrir des talents venus non seulement de l\u2019Occitanie, mais aussi de toute la France, de Suisse et de Belgique.<\/p>\n<p style=\"text-align: justify;\">\u00a0<\/p>\n<p><strong>La cr\u00e9ativit\u00e9 avant tout<\/strong><\/p>\n<p style=\"text-align: justify;\">\u00a0<\/p>\n<p style=\"text-align: justify;\">Chaque danseur pr\u00e9sente un solo original, cr\u00e9\u00e9 par lui-m\u00eame ou son professeur. Pas de chor\u00e9graphie impos\u00e9e, donc ! L\u2019occasion de voir des styles vari\u00e9s et des interpr\u00e9tations uniques.<\/p>\n<p style=\"text-align: justify;\">En bref, C2laDanse 2025 promet un week-end plein de passion, de rencontres et d\u2019\u00e9motions, pour les danseurs comme pour les spectateurs.<\/p>\n<p style=\"text-align: justify;\">\u00a0<\/p>\n<p><strong>\u00c0 retenir :<\/strong><\/p>\n<p style=\"text-align: justify;\">\u00a0<\/p>\n<ul>\n<li style=\"text-align: justify;\"><strong>Inscriptions : <\/strong>avant le 8 novembre 2025<\/li>\n<li style=\"text-align: justify;\"><strong>Concours et gala :<\/strong> 20 et 21 d\u00e9cembre 2025 au Kiara de Castelnau-le-Lez<\/li>\n<li style=\"text-align: justify;\"><strong>Billetterie :<\/strong> ouverture le 27 novembre 2025<\/li>\n<\/ul>\n","protected":false},"excerpt":{"rendered":"\u00ab C\u2019est un concours qui valorise \u00e0 \u00e9galit\u00e9 les deux disciplines et qui s\u2019adresse aux enfants et jeunes&hellip;\n","protected":false},"author":2,"featured_media":492063,"comment_status":"","ping_status":"","sticky":false,"template":"","format":"standard","meta":{"footnotes":""},"categories":[9599],"tags":[1111,11,61478,61481,61470,61469,61473,61482,61472,1777,674,1011,27,61474,61480,55178,61479,61475,61471,61476,2208,61477,12,2680,61485,61484,25,61483,15322],"class_list":{"0":"post-492062","1":"post","2":"type-post","3":"status-publish","4":"format-standard","5":"has-post-thumbnail","7":"category-montpellier","8":"tag-actu","9":"tag-actualites","10":"tag-anne-marie-porras","11":"tag-billetterie-ouverte","12":"tag-c2ladanse","13":"tag-concours-de-danse","14":"tag-contemporain-moderne-jazz","15":"tag-creativite-des-danseurs","16":"tag-danse-classique","17":"tag-eu","18":"tag-europe","19":"tag-fr","20":"tag-france","21":"tag-gala-de-danse","22":"tag-guillaume-siard","23":"tag-jeunes-talents","24":"tag-julien-lestel","25":"tag-jury-de-reve","26":"tag-kiasma","27":"tag-laetitia-pujol","28":"tag-montpellier","29":"tag-myriam-ould-braham","30":"tag-news","31":"tag-occitanie","32":"tag-passion-pour-la-danse","33":"tag-rencontres-inspirantes","34":"tag-republique-francaise","35":"tag-solo-original","36":"tag-spectateurs"},"share_on_mastodon":{"url":"https:\/\/pubeurope.com\/@fr\/115443027929223659","error":""},"_links":{"self":[{"href":"https:\/\/www.europesays.com\/fr\/wp-json\/wp\/v2\/posts\/492062","targetHints":{"allow":["GET"]}}],"collection":[{"href":"https:\/\/www.europesays.com\/fr\/wp-json\/wp\/v2\/posts"}],"about":[{"href":"https:\/\/www.europesays.com\/fr\/wp-json\/wp\/v2\/types\/post"}],"author":[{"embeddable":true,"href":"https:\/\/www.europesays.com\/fr\/wp-json\/wp\/v2\/users\/2"}],"replies":[{"embeddable":true,"href":"https:\/\/www.europesays.com\/fr\/wp-json\/wp\/v2\/comments?post=492062"}],"version-history":[{"count":0,"href":"https:\/\/www.europesays.com\/fr\/wp-json\/wp\/v2\/posts\/492062\/revisions"}],"wp:featuredmedia":[{"embeddable":true,"href":"https:\/\/www.europesays.com\/fr\/wp-json\/wp\/v2\/media\/492063"}],"wp:attachment":[{"href":"https:\/\/www.europesays.com\/fr\/wp-json\/wp\/v2\/media?parent=492062"}],"wp:term":[{"taxonomy":"category","embeddable":true,"href":"https:\/\/www.europesays.com\/fr\/wp-json\/wp\/v2\/categories?post=492062"},{"taxonomy":"post_tag","embeddable":true,"href":"https:\/\/www.europesays.com\/fr\/wp-json\/wp\/v2\/tags?post=492062"}],"curies":[{"name":"wp","href":"https:\/\/api.w.org\/{rel}","templated":true}]}}