{"id":492066,"date":"2025-10-26T23:22:33","date_gmt":"2025-10-26T23:22:33","guid":{"rendered":"https:\/\/www.europesays.com\/fr\/492066\/"},"modified":"2025-10-26T23:22:33","modified_gmt":"2025-10-26T23:22:33","slug":"les-bons-plans-max-radio-du-27-10-au-02-11","status":"publish","type":"post","link":"https:\/\/www.europesays.com\/fr\/492066\/","title":{"rendered":"Les Bons Plans Max Radio du 27\/10 au 02\/11"},"content":{"rendered":"<p>Chaque semaine, retrouvez les meilleurs bons plans de Grenoble et Chamb\u00e9ry ! <br \/>Que vous soyez \u00e0 la recherche d&rsquo;activit\u00e9s, de sorties, d&rsquo;\u00e9v\u00e9nements ou de bonnes adresses, nous vous partageons tout ce qu&rsquo;il ne faut pas manquer.<\/p>\n<p>Les Bons Plans \u00e0 Grenoble :<\/p>\n<p> <b>Rendez-vous : le 28 octobre,\u00e0 partir de 16h, au Parc de la Frange verte, \u00c9chirolles.<\/b><\/p>\n<p>Un spectacle plein de surprises et d&rsquo;\u00e9motions pour petits et grands avec des animaux, des clowns, des trap\u00e9zistes, des jongleurs&#8230;<\/p>\n<p><a class=\"url\" href=\"https:\/\/www.grenoble-tourisme.com\/fr\/decouvrir\/evenements\/agenda\/detail\/cirque-zavattony-7553723\/\" target=\"_blank\" rel=\"nofollow noopener\">En savoir plus.<\/a><\/p>\n<tr>\n<td class=\"defaut\"><a href=\"https:\/\/www.radioscoop.com\/agenda\/javascript:void(0)\" onclick=\"parent.RS.diaporama.addMedia(712338) ;\" rel=\"nofollow noopener\" target=\"_blank\"><img loading=\"lazy\" decoding=\"async\" src=\"https:\/\/www.europesays.com\/fr\/wp-content\/uploads\/2025\/10\/1761520932_818_img\" width=\"262\" height=\"640\" border=\"0\" title=\"rnhjebv\"\/><\/a><\/td>\n<\/tr>\n<p> <b>Rendez-vous : le 29 octobre, \u00e0 partir de 15h30, au Th\u00e9\u00e2tre Pr\u00e9mol.<\/b><\/p>\n<p>La Compagnie Les Singuliers pr\u00e9sente les aventures d&rsquo;un loup de mer revanchard. Avec Elodie Mora.<\/p>\n<p>Dans cette version dr\u00f4le et troublante de Moby Dick, le monstre n&rsquo;est pas celui que l&rsquo;on croit&#8230;<\/p>\n<p><a class=\"url\" href=\"https:\/\/www.grenoble-tourisme.com\/fr\/decouvrir\/evenements\/agenda\/detail\/festival-du-film-d-animation-animes-5942455\/\" target=\"_blank\" rel=\"nofollow noopener\">En savoir plus.<\/a><\/p>\n<tr>\n<td class=\"defaut\"><img loading=\"lazy\" decoding=\"async\" src=\"https:\/\/www.europesays.com\/fr\/wp-content\/uploads\/2025\/10\/1761520934_859_img\" width=\"500\" height=\"500\" border=\"0\" title=\"cghvh\"\/><\/td>\n<\/tr>\n<p> <b>Rendez-vous : le 30 octobre, de 18h30 \u00e0 00h, \u00e0 L&rsquo;Atrium.<\/b><\/p>\n<p>Spectacles, improvisations et autres surprises sur le th\u00e8me d&rsquo;Halloween.<br \/>Soir\u00e9e festive et artistique adapt\u00e9e \u00e0 tous les public (enfants, ados, adultes)<br \/>Buvette et snacking sur place.<\/p>\n<p>Programme sur www.artemuse.fr<\/p>\n<p><a class=\"url\" href=\"https:\/\/www.grenoble-tourisme.com\/fr\/decouvrir\/evenements\/agenda\/detail\/soiree-halloween-7464630\/\" target=\"_blank\" rel=\"nofollow noopener\">Je prends ma place !<\/a><\/p>\n<tr>\n<td class=\"defaut\"><a href=\"https:\/\/www.radioscoop.com\/agenda\/javascript:void(0)\" onclick=\"parent.RS.diaporama.addMedia(712340) ;\" rel=\"nofollow noopener\" target=\"_blank\"><img loading=\"lazy\" decoding=\"async\" src=\"https:\/\/www.europesays.com\/fr\/wp-content\/uploads\/2025\/10\/1761520937_983_img\" width=\"640\" height=\"480\" border=\"0\" title=\"nfcehj\"\/><\/a><\/td>\n<\/tr>\n<p> <b>Rendez-vous : le 31 octobre, de 18h \u00e0 23h, \u00e0 La Locomotive.<\/b><\/p>\n<p>Spectacles, improvisations et autres surprises sur le th\u00e8me d&rsquo;Halloween.<br \/>Soir\u00e9e festive et artistique adapt\u00e9e \u00e0 tous les public (enfants, ados, adultes)<br \/>Buvette et snacking sur place.<\/p>\n<p>Programme sur www.artemuse.fr<\/p>\n<p><a class=\"url\" href=\"https:\/\/www.grenoble-tourisme.com\/fr\/decouvrir\/evenements\/agenda\/detail\/karaoke-d-halloween-7129749\/\" target=\"_blank\" rel=\"nofollow noopener\">Je prends ma place !<\/a><\/p>\n<tr>\n<td class=\"defaut\"><a href=\"https:\/\/www.radioscoop.com\/agenda\/javascript:void(0)\" onclick=\"parent.RS.diaporama.addMedia(712341) ;\" rel=\"nofollow noopener\" target=\"_blank\"><img loading=\"lazy\" decoding=\"async\" src=\"https:\/\/www.europesays.com\/fr\/wp-content\/uploads\/2025\/10\/1761520939_946_img\" width=\"640\" height=\"426\" border=\"0\" title=\"herfrej\"\/><\/a><\/td>\n<\/tr>\n<p> <b>Rendez-vous : le 31 octobre, de 23h \u00e0 5h30, au Phoenix.<\/b><\/p>\n<p>HALLOWEEN AU PHOENIX \u2013 ASILE PSYCHIATRIQUE<br \/>Ici\u2026 les murs chuchotent. Les couloirs respirent. Et les cris\u2026 ne s&rsquo;arr\u00eatent jamais.<\/p>\n<p>Cette nuit-l\u00e0, le Phoenix devient un asile abandonn\u00e9. Un lieu o\u00f9 chaque pas vous rapproche de la folie\u2026 et o\u00f9 personne ne ressort indemne.Au programme :<br \/>D\u00e9cors XXL pour une immersion gla\u00e7ante<br \/>Shows aussi d\u00e9rangeants qu&rsquo;hypnotiques<br \/>Une ambiance d\u00e9moniaque jusqu&rsquo;\u00e0 l&rsquo;aube<br \/>D\u00e9guisements autoris\u00e9s &amp; vivement conseill\u00e9s. Venez d\u00e9fier l&rsquo;asile avec vos looks les plus sombres\u2026 si vous l&rsquo;osez.<br \/>Une fois les portes ferm\u00e9es\u2026 il n&rsquo;y a plus de retour.<\/p>\n<p>Programme sur www.artemuse.fr<\/p>\n<p><a class=\"url\" href=\"https:\/\/www.grenoble-tourisme.com\/fr\/decouvrir\/evenements\/agenda\/detail\/karaoke-d-halloween-7129749\/\" target=\"_blank\" rel=\"nofollow noopener\">Je prends ma place !<\/a><\/p>\n<tr>\n<td class=\"defaut\"><a href=\"https:\/\/www.radioscoop.com\/agenda\/javascript:void(0)\" onclick=\"parent.RS.diaporama.addMedia(712342) ;\" rel=\"nofollow noopener\" target=\"_blank\"><img loading=\"lazy\" decoding=\"async\" src=\"https:\/\/www.europesays.com\/fr\/wp-content\/uploads\/2025\/10\/1761520942_703_img\" width=\"640\" height=\"360\" border=\"0\" title=\"njbfj\"\/><\/a><\/td>\n<\/tr>\n<p> <b>Rendez-vous : le 31 octobre, \u00e0 20h, au Summum.<\/b><\/p>\n<p>Jok&rsquo;Air revient en 2025 avec une nouvelle tourn\u00e9e.<br \/>Inclassable et libre, il s\u00e9duit par ses textes sinc\u00e8res et sa v\u00e9rit\u00e9 brute. Surnomm\u00e9 le rappeur fran\u00e7ais le plus am\u00e9ricain, il captive toujours son public.<\/p>\n<p><a class=\"url\" href=\"https:\/\/www.grenoble-tourisme.com\/fr\/decouvrir\/evenements\/agenda\/detail\/jokair-7380810\/\" target=\"_blank\" rel=\"nofollow noopener\">Je prends ma place !<\/a><\/p>\n<tr>\n<td class=\"defaut\"><a href=\"https:\/\/www.radioscoop.com\/agenda\/javascript:void(0)\" onclick=\"parent.RS.diaporama.addMedia(712343) ;\" rel=\"nofollow noopener\" target=\"_blank\"><img loading=\"lazy\" decoding=\"async\" src=\"https:\/\/www.europesays.com\/fr\/wp-content\/uploads\/2025\/10\/1761520944_75_img\" width=\"427\" height=\"640\" border=\"0\" title=\"hcvhzjhbcj\"\/><\/a><\/td>\n<\/tr>\n<p> <b>Rendez-vous : le 31 octobre et le 1er novembre, \u00e0 partir de 18h, au Maison Berg\u00e8s &#8211; Mus\u00e9e de la Houille blanche.<\/b><\/p>\n<p>Pour Halloween, la Maison Berg\u00e8s vous propose des visites nocturnes, \u00e0 la lampe torche, en compagnie de la Dame au violon !<\/p>\n<p>La Dame au violon plonge le public dans un autre monde, un autre temps, \u00e9th\u00e9r\u00e9, celui de l&rsquo;esprit. Nous p\u00e9n\u00e9trons dans un univers surnaturel gothique, o\u00f9 l&rsquo;obscurit\u00e9 est habit\u00e9e, o\u00f9 l&rsquo;invisible \u00e9branle nos perceptions et nos certitudes.<\/p>\n<p>D&rsquo;origine Tch\u00e8que, comme Mucha, Carolina Zviebel a grandi avec la mythologie slave. Les contes, habit\u00e9s par la magie font partie int\u00e9grante des traditions et cohabitent avec le pragmatisme de la vie quotidienne.<\/p>\n<p><a class=\"url\" href=\"https:\/\/www.grenoble-tourisme.com\/fr\/decouvrir\/evenements\/agenda\/detail\/visite-hantee-7548920\/\" target=\"_blank\" rel=\"nofollow noopener\">Je prends ma place !<\/a><\/p>\n<tr>\n<td class=\"defaut\"><a href=\"https:\/\/www.radioscoop.com\/agenda\/javascript:void(0)\" onclick=\"parent.RS.diaporama.addMedia(712344) ;\" rel=\"nofollow noopener\" target=\"_blank\"><img loading=\"lazy\" decoding=\"async\" src=\"https:\/\/www.europesays.com\/fr\/wp-content\/uploads\/2025\/10\/1761520946_486_img\" width=\"640\" height=\"526\" border=\"0\" title=\"v fbenvejn\"\/><\/a><\/td>\n<\/tr>\n<p> <b>Rendez-vous : du 1er au 11 novembre, de 10h \u00e0 19h, \u00e0 Alpexpo.<\/b><\/p>\n<p>\u00c9v\u00e9nement incontournable de la r\u00e9gion, la Foire de Grenoble vous accueille chaque ann\u00e9e pour partager ensemble un moment unique ! Avec ses univers d&rsquo;expositions et ses animations, la Foire de Grenoble propose une offre compl\u00e8te pour chacun.<\/p>\n<p>Retrouvez-en un seul lieu, une offre compl\u00e8te de produits et de services, mais \u00e9galement un programme riche?: exposition immersive, \u00e9v\u00e8nements \u00e9ph\u00e9m\u00e8res les week-ends, animations vari\u00e9es et temps forts festifs et familiaux !<\/p>\n<p><a class=\"url\" href=\"https:\/\/foiredegrenoble.com\/\" target=\"_blank\" rel=\"nofollow noopener\">Je prends ma place !<\/a><\/p>\n<tr>\n<td class=\"defaut\"><img loading=\"lazy\" decoding=\"async\" src=\"https:\/\/www.europesays.com\/fr\/wp-content\/uploads\/2025\/10\/1761520948_941_img\" width=\"295\" height=\"300\" border=\"0\" title=\"rbvehbvke\"\/><\/td>\n<\/tr>\n<p> <b>Rendez-vous : le 2 novembre, de 11h \u00e0 15h, \u00e0 l&rsquo;Impertinence.<\/b><\/p>\n<p>L&rsquo;Imp&rsquo; (re)fait son brunch d&rsquo;Halloween !<br \/>Rendez-vous dimanche 2 novembre pour un brunch aussi gourmand qu&rsquo;effrayant !<\/p>\n<p>Au programme : un buffet aux couleurs d&rsquo;Halloween, un \u00e9tablissement d\u00e9cor\u00e9 et une \u00e9quipe bien d\u00e9cid\u00e9e \u00e0 vous faire peur ! <br \/>Vous aussi, venez d\u00e9guis\u00e9s ! Les 3 meilleurs d\u00e9guisements remporteront chacun un bon cadeau pour un go\u00fbter r\u00e9confortant \u00e0 L&rsquo;Imp&rsquo; !<\/p>\n<p><a class=\"url\" href=\"https:\/\/www.grenoble-tourisme.com\/fr\/decouvrir\/evenements\/agenda\/detail\/brunch-d-halloween-7563214\/\" target=\"_blank\" rel=\"nofollow noopener\">Je prends ma place !<\/a><\/p>\n<tr>\n<td class=\"defaut\"><img loading=\"lazy\" decoding=\"async\" src=\"https:\/\/www.radioscoop.com\/dyn\/img.php?id=712347.png&amp;w=201&amp;h=251\" width=\"201\" height=\"251\" border=\"0\" title=\"eheejkzbf\"\/><\/td>\n<\/tr>\n<p><p>Les Bons Plans \u00e0 Chamb\u00e9ry :<\/p>\n<p><\/p>\n<p> <b>Rendez-vous : le 31 octobre, de 19h30 \u00e0 21h30, au Chamb\u00e9ry Savoie Stadium.<\/b><\/p>\n<p>R\u00e9servez-d\u00e8s maintenant votre place pour assister un choc MONSTRUEUX entre Chamb\u00e9ry et Massy le vendredi 31 octobre au Chamb\u00e9ry Savoie Stadium !<\/p>\n<p><a class=\"url\" href=\"https:\/\/www.chambery.fr\/agenda\/1282\/316-chambery-vs-massy-match-halloween.htm\/\" target=\"_blank\" rel=\"nofollow noopener\">Je prends ma place !<\/a><\/p>\n<tr>\n<td class=\"defaut\"><a href=\"https:\/\/www.radioscoop.com\/agenda\/javascript:void(0)\" onclick=\"parent.RS.diaporama.addMedia(712478) ;\" rel=\"nofollow noopener\" target=\"_blank\"><img loading=\"lazy\" decoding=\"async\" src=\"https:\/\/www.europesays.com\/fr\/wp-content\/uploads\/2025\/10\/1761520951_895_img\" width=\"640\" height=\"427\" border=\"0\" title=\"bvdbsjhd\"\/><\/a><\/td>\n<\/tr>\n<p> <b>Rendez-vous : le 31 octobre, de 20h30 \u00e0 23h, \u00e0 la Patinoire de Chamb\u00e9ry.<\/b><\/p>\n<p>Soir\u00e9e terrifiante d&rsquo;Halloween \u00e0 la Patinoire <\/p>\n<p>La glace devient le th\u00e9\u00e2tre de l&rsquo;horreur\u2026 plong\u00e9e dans les brumes et les lueurs sanglantes. Au d\u00e9tour d&rsquo;un couloir sombre ou sur la glace, attendez vous \u00e0 croiser des morts-vivants en d\u00e9ambulation.<\/p>\n<p><a class=\"url\" href=\"https:\/\/www.chambery.fr\/agenda\/1073\/316-halloween-2025-frissons-sur-la-glace.htm\/\" target=\"_blank\" rel=\"nofollow noopener\">Je prends ma place !<\/a><\/p>\n<tr>\n<td class=\"defaut\"><a href=\"https:\/\/www.radioscoop.com\/agenda\/javascript:void(0)\" onclick=\"parent.RS.diaporama.addMedia(712479) ;\" rel=\"nofollow noopener\" target=\"_blank\"><img loading=\"lazy\" decoding=\"async\" src=\"https:\/\/www.europesays.com\/fr\/wp-content\/uploads\/2025\/10\/1761520953_828_img\" width=\"640\" height=\"512\" border=\"0\" title=\"bdbjzz\"\/><\/a><\/td>\n<\/tr>\n<p><\/p>\n","protected":false},"excerpt":{"rendered":"Chaque semaine, retrouvez les meilleurs bons plans de Grenoble et Chamb\u00e9ry ! Que vous soyez \u00e0 la recherche&hellip;\n","protected":false},"author":2,"featured_media":492067,"comment_status":"","ping_status":"","sticky":false,"template":"","format":"standard","meta":{"footnotes":""},"categories":[9566],"tags":[1111,11,2430,677,12362,1777,674,1011,27,2731,12,7518,25],"class_list":{"0":"post-492066","1":"post","2":"type-post","3":"status-publish","4":"format-standard","5":"has-post-thumbnail","7":"category-grenoble","8":"tag-actu","9":"tag-actualites","10":"tag-auvergne-rhone-alpes","11":"tag-bons-plans","12":"tag-chambry","13":"tag-eu","14":"tag-europe","15":"tag-fr","16":"tag-france","17":"tag-grenoble","18":"tag-news","19":"tag-octobre","20":"tag-republique-francaise"},"share_on_mastodon":{"url":"https:\/\/pubeurope.com\/@fr\/115443044077549625","error":""},"_links":{"self":[{"href":"https:\/\/www.europesays.com\/fr\/wp-json\/wp\/v2\/posts\/492066","targetHints":{"allow":["GET"]}}],"collection":[{"href":"https:\/\/www.europesays.com\/fr\/wp-json\/wp\/v2\/posts"}],"about":[{"href":"https:\/\/www.europesays.com\/fr\/wp-json\/wp\/v2\/types\/post"}],"author":[{"embeddable":true,"href":"https:\/\/www.europesays.com\/fr\/wp-json\/wp\/v2\/users\/2"}],"replies":[{"embeddable":true,"href":"https:\/\/www.europesays.com\/fr\/wp-json\/wp\/v2\/comments?post=492066"}],"version-history":[{"count":0,"href":"https:\/\/www.europesays.com\/fr\/wp-json\/wp\/v2\/posts\/492066\/revisions"}],"wp:featuredmedia":[{"embeddable":true,"href":"https:\/\/www.europesays.com\/fr\/wp-json\/wp\/v2\/media\/492067"}],"wp:attachment":[{"href":"https:\/\/www.europesays.com\/fr\/wp-json\/wp\/v2\/media?parent=492066"}],"wp:term":[{"taxonomy":"category","embeddable":true,"href":"https:\/\/www.europesays.com\/fr\/wp-json\/wp\/v2\/categories?post=492066"},{"taxonomy":"post_tag","embeddable":true,"href":"https:\/\/www.europesays.com\/fr\/wp-json\/wp\/v2\/tags?post=492066"}],"curies":[{"name":"wp","href":"https:\/\/api.w.org\/{rel}","templated":true}]}}