{"id":492074,"date":"2025-10-26T23:27:12","date_gmt":"2025-10-26T23:27:12","guid":{"rendered":"https:\/\/www.europesays.com\/fr\/492074\/"},"modified":"2025-10-26T23:27:12","modified_gmt":"2025-10-26T23:27:12","slug":"etats-unis-des-lyceens-strasbourgeois-temoins-dune-agression-a-la-fourchette-dans-un-vol-chicago-francfort","status":"publish","type":"post","link":"https:\/\/www.europesays.com\/fr\/492074\/","title":{"rendered":"Etats-Unis. Des lyc\u00e9ens strasbourgeois t\u00e9moins d&rsquo;une agression \u00e0 la fourchette dans un vol Chicago-Francfort"},"content":{"rendered":"<p>Samedi soir \u00e0 16\u00a0h, les vingt lyc\u00e9ens de premi\u00e8re et leurs deux professeures d\u2019anglais, Fr\u00e9d\u00e9rique Zelaznik et Isabelle Kaichinger, d\u00e9collaient de l\u2019a\u00e9roport de Chicago direction Francfort. Ainsi s\u2019achevait un s\u00e9jour d\u2019une douzaine de jours entre \u00ab\u00a0Windy City\u00a0\u00bb et la ville de Fort Wayne, dans l\u2019Indiana, o\u00f9 les lyc\u00e9ens de l\u2019Institution Sainte-Clotilde \u00e0 Strasbourg ont retrouv\u00e9 leurs correspondants am\u00e9ricains. Une riche exp\u00e9rience culturelle et de joyeux moments, on s\u2019en doute.<\/p>\n<p>  Le personnel se jette sur l\u2019homme<\/p>\n<p>Au moment o\u00f9 le d\u00eener \u00e9tait servi \u00e0 bord, les jeunes passagers et leurs accompagnatrices ont entendu de grands cris, un grand raffut \u00e0 seulement quatre ou cinq si\u00e8ges derri\u00e8re. \u00ab\u00a0Il y a eu un attroupement, le personnel de bord a surgi. Il y avait un type qui a plant\u00e9 une fourchette m\u00e9tallique dans le bras d\u2019un jeune gar\u00e7on et dans la t\u00eate d\u2019un autre gamin\u00a0!\u00a0\u00bb Deux ados qui participaient eux aussi \u00e0 un voyage scolaire, mais dans un groupe venu de Marseille. Le personnel de la Lufthansa s\u2019est jet\u00e9 sur l\u2019homme, ils ont \u00e9t\u00e9 plusieurs \u00e0 le ma\u00eetriser, \u00e9paul\u00e9s par un ou des passagers. \u00ab\u00a0J\u2019ai entendu ces cris, j\u2019ai vu quand ils l\u2019ont ma\u00eetris\u00e9, ils lui ont mis des menottes et une sorte de veste de contention\u00a0!\u00a0\u00bb L\u2019homme est attach\u00e9 \u00e0 un si\u00e8ge. Tous ses voisins imm\u00e9diats sont invit\u00e9s \u00e0 aller s\u2019asseoir ailleurs, certains restent debout. Tout cela est tr\u00e8s confus et plusieurs voyageurs qui entreprennent de filmer les \u00e9v\u00e9nements avec leur portable se font rabrouer par le personnel de bord.<\/p>\n<p>L\u2019appareil se trouvait approximativement au-dessus de l\u2019archipel fran\u00e7ais de Saint-Pierre-et-Miquelon lorsqu\u2019il a commenc\u00e9 \u00e0 amorcer un virage, direction Boston, retour aux \u00c9tats-Unis. \u00ab\u00a0Les \u00e9l\u00e8ves se demandaient ce qui allait se passer. Certains rigolaient, d\u2019autres \u00e9taient apeur\u00e9s.\u00a0\u00bb \u00c0 peine l\u2019avion pos\u00e9 sur le tarmac de la capitale du Massachusetts, une escouade de policiers monte \u00e0 bord et embarque l\u2019agresseur.<\/p>\n<p>  Presque plus d\u2019argent en poche<\/p>\n<p>Les 363 passagers du Boeing 747, eux, finissent par se retrouver dans l\u2019un des terminaux de l\u2019a\u00e9roport Logan. Ils r\u00e9cup\u00e8rent leurs bagages et l\u00e0, la prise en charge de la compagnie Lufthansa laisse un peu \u00e0 d\u00e9sirer, d\u2019apr\u00e8s eux. Les accompagnatrices n\u2019ont plus gu\u00e8re de sous en poche. La somme est suffisante pour un petit-d\u00e9jeuner \u00e0 l\u2019a\u00e9roport de Francfort \u00e0 l\u2019arriv\u00e9e, mais pas pour 22 nuits d\u2019h\u00f4tel \u00e0 Boston et des repas suppl\u00e9mentaires pour tout ce petit monde. D\u2019autre part, on est au c\u0153ur de la nuit en France, alors qui joindre\u00a0? D\u2019autres passagers ne sont gu\u00e8re mieux lotis. Une octog\u00e9naire en fauteuil roulant, qui voyageait dans le m\u00eame avion, est laiss\u00e9e un peu \u00e0 l\u2019abandon.<\/p>\n<p>Finalement, les voyageurs strasbourgeois finissent par mobiliser quelques contacts. Isabelle Kaichinger d\u00e9gote sept chambres d\u2019h\u00f4tel dans la banlieue bostonienne. Le conjoint de Fr\u00e9d\u00e9rique Zelaznik, extrait de son sommeil, vire 4\u00a0500\u00a0\u20ac en urgence \u00e0 son \u00e9pouse. Les taxis pay\u00e9s, tout le groupe finit par arriver \u00e0 l\u2019h\u00f4tel \u00e0 5\u00a0h du matin heure locale. Les lyc\u00e9ens, choqu\u00e9s par la sc\u00e8ne de l\u2019avion, ont pour certains pein\u00e9 \u00e0 trouver la force de dormir.<\/p>\n<p>Le vol du retour aura finalement lieu lundi, d\u00e9part de Boston \u00e0 17\u00a0h\u00a020, pour une arriv\u00e9e sans encombre on l\u2019esp\u00e8re \u00e0 5\u00a0h\u00a030 \u00e0 Francfort. Puis quelques heures plus tard \u00e0 Strasbourg.<\/p>\n<p>La presse allemande a fait \u00e9tat de cette agression en plein vol, provoqu\u00e9e par \u00ab\u00a0un passager indisciplin\u00e9\u00a0\u00bb, qui a \u00ab\u00a0agress\u00e9 plusieurs personnes\u00a0\u00bb, dont une aurait \u00e9t\u00e9 \u00ab\u00a0l\u00e9g\u00e8rement bless\u00e9e\u00a0\u00bb, rapporte la Frankfurter Allgemeine Zeitung. RTL.de parle d\u2019un passager devenu \u00ab\u00a0fou furieux\u00a0\u00bb, mais on n\u2019en sait pas davantage sur ses motivations.<\/p>\n","protected":false},"excerpt":{"rendered":"Samedi soir \u00e0 16\u00a0h, les vingt lyc\u00e9ens de premi\u00e8re et leurs deux professeures d\u2019anglais, Fr\u00e9d\u00e9rique Zelaznik et Isabelle&hellip;\n","protected":false},"author":2,"featured_media":492075,"comment_status":"","ping_status":"","sticky":false,"template":"","format":"standard","meta":{"footnotes":""},"categories":[2820],"tags":[1111,11,2389,2649,3599,271,272,33,1057,1777,674,274,107,1011,27,775,12,25,104,640,602,2803],"class_list":{"0":"post-492074","1":"post","2":"type-post","3":"status-publish","4":"format-standard","5":"has-post-thumbnail","7":"category-strasbourg","8":"tag-actu","9":"tag-actualites","10":"tag-alsace","11":"tag-bas-rhin","12":"tag-college-lycee","13":"tag-crime","14":"tag-delit-et-contravention","15":"tag-economie","16":"tag-education","17":"tag-eu","18":"tag-europe","19":"tag-faits-divers-justice","20":"tag-fil-info","21":"tag-fr","22":"tag-france","23":"tag-grand-est","24":"tag-news","25":"tag-republique-francaise","26":"tag-societe","27":"tag-strasbourg","28":"tag-tourisme","29":"tag-transport"},"share_on_mastodon":{"url":"https:\/\/pubeurope.com\/@fr\/115443062765022100","error":""},"_links":{"self":[{"href":"https:\/\/www.europesays.com\/fr\/wp-json\/wp\/v2\/posts\/492074","targetHints":{"allow":["GET"]}}],"collection":[{"href":"https:\/\/www.europesays.com\/fr\/wp-json\/wp\/v2\/posts"}],"about":[{"href":"https:\/\/www.europesays.com\/fr\/wp-json\/wp\/v2\/types\/post"}],"author":[{"embeddable":true,"href":"https:\/\/www.europesays.com\/fr\/wp-json\/wp\/v2\/users\/2"}],"replies":[{"embeddable":true,"href":"https:\/\/www.europesays.com\/fr\/wp-json\/wp\/v2\/comments?post=492074"}],"version-history":[{"count":0,"href":"https:\/\/www.europesays.com\/fr\/wp-json\/wp\/v2\/posts\/492074\/revisions"}],"wp:featuredmedia":[{"embeddable":true,"href":"https:\/\/www.europesays.com\/fr\/wp-json\/wp\/v2\/media\/492075"}],"wp:attachment":[{"href":"https:\/\/www.europesays.com\/fr\/wp-json\/wp\/v2\/media?parent=492074"}],"wp:term":[{"taxonomy":"category","embeddable":true,"href":"https:\/\/www.europesays.com\/fr\/wp-json\/wp\/v2\/categories?post=492074"},{"taxonomy":"post_tag","embeddable":true,"href":"https:\/\/www.europesays.com\/fr\/wp-json\/wp\/v2\/tags?post=492074"}],"curies":[{"name":"wp","href":"https:\/\/api.w.org\/{rel}","templated":true}]}}