{"id":492084,"date":"2025-10-26T23:33:15","date_gmt":"2025-10-26T23:33:15","guid":{"rendered":"https:\/\/www.europesays.com\/fr\/492084\/"},"modified":"2025-10-26T23:33:15","modified_gmt":"2025-10-26T23:33:15","slug":"loire-atlantique-tennis-de-table-pro-b-nantes-sincline-sur-le-fil-malgre-les-deux-victoires","status":"publish","type":"post","link":"https:\/\/www.europesays.com\/fr\/492084\/","title":{"rendered":"Loire Atlantique &#8211; Tennis de table &#8211; Pro B. Nantes s\u2019incline sur le fil malgr\u00e9 les deux victoires"},"content":{"rendered":"<p>D\u00e9but match timide pour le Nantes TT, avec une d\u00e9faite inaugurale de Georgios Stamatouros. Heureusement, Panagiotis Gionis a vite remis les Nantais sur de bons rails (1-1). Pour le troisi\u00e8me match, l\u2019habituel coach et pompier de service, Segun Toriola, a ressorti la raquette, pour disputer son premier match de la saison \u00e0 ce niveau. Malheureusement, un peu juste physiquement, il s\u2019inclinait face au Russe Abusev, qui redonnait l\u2019avantage \u00e0 Compi\u00e8gne (2-1).<\/p>\n<p>Gionis remporte son sixi\u00e8me match<\/p>\n<p>Le match potentiellement d\u00e9cisif voyait le retour \u00e0 la table de notre dentiste grec aux six olympiades disput\u00e9es, Panagiotis Gionis. Ce match voyait les deux adversaires se rendre coup pour coup. Dans le cinqui\u00e8me set, l\u2019exp\u00e9rience parlait et le mur grec permettait \u00e0 Nantes de recoller \u00e0 2-2 et d\u2019offrir ainsi \u00e0 son \u00e9quipe un cinqui\u00e8me match d\u00e9terminant. Cette victoire \u00e9tait aussi la sixi\u00e8me cons\u00e9cutive de Gionis depuis le d\u00e9but de la saison\u00a0!<\/p>\n<p><strong>Lire aussi\u00a0: <\/strong> <a href=\"https:\/\/caen.maville.com\/sport\/detail_-tennis-de-table.-pro-a-des-caennais-impuissants-s-inclinent-severement-face-a-bruille-_52656-7037943_actu.Htm\" target=\"_blank\" rel=\"nofollow noopener\">Tennis de table. Pro A\u00a0: des Caennais impuissants s\u2019inclinent s\u00e9v\u00e8rement face \u00e0 Bruille<\/a><\/p>\n<p>Le second Grec de l\u2019\u00e9quipe du Nantes TT &#8211; Georgios Stamatouros &#8211; \u00e9tait donc convoqu\u00e9 avec la lourde responsabilit\u00e9 de faire pencher la balance d\u2019un c\u00f4t\u00e9 ou de l\u2019autre. Mais au fil de ce dernier duel, Georgios Stamatouros subissait les coups du Fran\u00e7ais Abdel-Kader Salifou. Malgr\u00e9 cette d\u00e9faite, Nantes repart avec deux tr\u00e8s bons points de ce match marathon de plus de 3\u00a0heures, et reste 5e\u00a0au classement.<\/p>\n<p>COMPI\u00c8GNE &#8211; NANTES TT\u00a0: 3-2.<\/p>\n<p>E. Angles (n\u00b0\u00a065) &#8211; G. Stamatouros (n\u00b0\u00a0119)\u00a0: 3-1 (11-9, 7-11, 12-10, 11-6)\u00a0; A. Salifou (n\u00b0\u00a083) &#8211; P. Gionis (n\u00b0\u00a035)\u00a0: 1-3 (13-11, 9-11, 8-11, 5-11)\u00a0; A. Abusev &#8211; S. Toriola (n\u00b0\u00a0137)\u00a0: 3-0 (11-9, 11-8, 11-5)\u00a0; E. Angles &#8211; P. Gionis\u00a0: 2-3 (10-12, 11-7, 11-6, 9-11, 1-11). A. Salifou &#8211; G. Stamatouros\u00a0: 3-1 (9-11, 11-7, 11-7, 11-8).<\/p>\n<p>\u00a0<\/p>\n","protected":false},"excerpt":{"rendered":"D\u00e9but match timide pour le Nantes TT, avec une d\u00e9faite inaugurale de Georgios Stamatouros. Heureusement, Panagiotis Gionis a&hellip;\n","protected":false},"author":2,"featured_media":492085,"comment_status":"","ping_status":"","sticky":false,"template":"","format":"standard","meta":{"footnotes":""},"categories":[2818],"tags":[1111,11,1438,2063,1777,674,1011,27,1922,1393,2487,766,12,2636,1404,25,2923,4251,853],"class_list":{"0":"post-492084","1":"post","2":"type-post","3":"status-publish","4":"format-standard","5":"has-post-thumbnail","7":"category-nantes","8":"tag-actu","9":"tag-actualites","10":"tag-angers","11":"tag-annonces","12":"tag-eu","13":"tag-europe","14":"tag-fr","15":"tag-france","16":"tag-info","17":"tag-loisirs","18":"tag-meteo","19":"tag-nantes","20":"tag-news","21":"tag-pays-de-la-loire","22":"tag-quotidien","23":"tag-republique-francaise","24":"tag-restaurants","25":"tag-sortir","26":"tag-spectacles"},"share_on_mastodon":{"url":"","error":""},"_links":{"self":[{"href":"https:\/\/www.europesays.com\/fr\/wp-json\/wp\/v2\/posts\/492084","targetHints":{"allow":["GET"]}}],"collection":[{"href":"https:\/\/www.europesays.com\/fr\/wp-json\/wp\/v2\/posts"}],"about":[{"href":"https:\/\/www.europesays.com\/fr\/wp-json\/wp\/v2\/types\/post"}],"author":[{"embeddable":true,"href":"https:\/\/www.europesays.com\/fr\/wp-json\/wp\/v2\/users\/2"}],"replies":[{"embeddable":true,"href":"https:\/\/www.europesays.com\/fr\/wp-json\/wp\/v2\/comments?post=492084"}],"version-history":[{"count":0,"href":"https:\/\/www.europesays.com\/fr\/wp-json\/wp\/v2\/posts\/492084\/revisions"}],"wp:featuredmedia":[{"embeddable":true,"href":"https:\/\/www.europesays.com\/fr\/wp-json\/wp\/v2\/media\/492085"}],"wp:attachment":[{"href":"https:\/\/www.europesays.com\/fr\/wp-json\/wp\/v2\/media?parent=492084"}],"wp:term":[{"taxonomy":"category","embeddable":true,"href":"https:\/\/www.europesays.com\/fr\/wp-json\/wp\/v2\/categories?post=492084"},{"taxonomy":"post_tag","embeddable":true,"href":"https:\/\/www.europesays.com\/fr\/wp-json\/wp\/v2\/tags?post=492084"}],"curies":[{"name":"wp","href":"https:\/\/api.w.org\/{rel}","templated":true}]}}