{"id":492090,"date":"2025-10-26T23:36:13","date_gmt":"2025-10-26T23:36:13","guid":{"rendered":"https:\/\/www.europesays.com\/fr\/492090\/"},"modified":"2025-10-26T23:36:13","modified_gmt":"2025-10-26T23:36:13","slug":"un-appel-a-temoins-lance-7","status":"publish","type":"post","link":"https:\/\/www.europesays.com\/fr\/492090\/","title":{"rendered":"un appel \u00e0 t\u00e9moins lanc\u00e9"},"content":{"rendered":"<p>            Par<br \/>\n        <strong><br \/>\n            <a href=\"https:\/\/actu.fr\/auteur\/anaelle-montagne\" title=\"Consulter tous les articles de Anaelle Montagne\" rel=\"nofollow noopener\" target=\"_blank\">Anaelle Montagne<\/a><br \/>\n        <\/strong><\/p>\n<p>        Publi\u00e9 le<\/p>\n<p>            26 oct. 2025 \u00e0 17h02        <\/p>\n<p>Depuis ce trajet sur <a href=\"https:\/\/actu.fr\/tag\/peripherique-de-toulouse\" rel=\"nofollow noopener\" target=\"_blank\">le p\u00e9riph\u00e9rique de Toulouse<\/a> qui a tourn\u00e9 au cauchemar, un dimanche de juillet, Ma\u00ebl et sa femme cherchent une aiguille dans une botte de foin. Le couple a eu un i<strong>mpressionnant accident<\/strong> \u00e0 cause de la conduite dangereuse d\u2019un chauffard, qui a ensuite pris la fuite. Alors trois mois plus tard, fin octobre 2025, ils lancent un appel \u00e0 t\u00e9moin, au cas o\u00f9 d\u2019autres automobilistes pr\u00e9sents ce soir-l\u00e0 pourraient les aider \u00e0 le retrouver.\u00a0<\/p>\n<p>Une voiture grise qui fait des zigzags<\/p>\n<p class=\" wall-content\">Ce dimanche 13 juillet 2025, veille de f\u00eate nationale, Ma\u00ebl et sa femme circulent sur le p\u00e9riph\u00e9rique en fin de journ\u00e9e. Ils viennent de Montaudran et se dirigent vers <a href=\"https:\/\/actu.fr\/tag\/chu-de-toulouse\" rel=\"nofollow noopener\" target=\"_blank\">Purpan<\/a>. La circulation est fluide, le jeune trentenaire respecte la vitesse. Il est entre 19h15 et 19h30 quand le conducteur aper\u00e7oit une voiture grise \u00ab\u00a0faire des zigzags\u00a0\u00bb entre la voie d\u2019insertion et la voie du milieu.\u00a0<\/p>\n<p class=\" wall-content\">\u00ab\u00a0J\u2019ai juste eu le temps de freiner pour l\u2019\u00e9viter et ne pas l\u2019encastrer\u00a0\u00bb, se souvient Ma\u00ebl. \u00ab\u00a0J\u2019ai regard\u00e9 ma compagne me disant <strong>qu\u2019on avait \u00e9chapp\u00e9 au pire<\/strong>, et l\u00e0, <strong>une autre voiture est venue nous percuter<\/strong> par derri\u00e8re.\u00a0\u00bb C\u2019est une Jeep, qui a elle aussi fait les frais du m\u00eame chauffard dangereux.\u00a0<\/p>\n<p>T\u00eates \u00e0 queue et tonneaux<\/p>\n<p class=\" wall-content\">Percut\u00e9e, la Seat du couple est <strong>projet\u00e9e vers l\u2019avant<\/strong>. Elle fait plusieurs t\u00eates \u00e0 queue, puis des <strong>tonneaux<\/strong>. Fort heureusement, Ma\u00ebl et sa compagne s\u2019en sortent sans blessure grave. Tout comme les passagers de la Jeep qui leur est rentr\u00e9e dedans.\u00a0<\/p>\n<p class=\" wall-content\">\u00ab\u00a0En sortant de la voiture la douleur \u00e9tait telle que je me suis effondr\u00e9 apr\u00e8s deux pas\u00a0\u00bb, souffle le Toulousain, \u00ab\u00a0mais finalement on n\u2019en garde que de petites s\u00e9quelles, moi une petite douleur au dos et ma compagne, \u00e0 la hanche\u00a0\u00bb.\u00a0<\/p>\n<p>    <img   decoding=\"async\" loading=\"lazy\" src=\"https:\/\/www.europesays.com\/fr\/wp-content\/uploads\/2025\/10\/img-20251025-wa0006-960x640.jpg\" alt=\"La voiture accident\u00e9e de Ma\u00ebl et sa compagne.\" width=\"960\" height=\"640\"\/><br \/>\n    La voiture accident\u00e9e de Ma\u00ebl et sa compagne. (\u00a9Ma\u00ebl \/ image transmise \u00e0 Actu Toulouse)Vid\u00e9os : en ce moment sur ActuEvapor\u00e9e<\/p>\n<p class=\" wall-content\">Dans la pr\u00e9cipitation et le choc, <strong>personne n\u2019a eu le temps de relever la plaque d\u2019immatriculation <\/strong>ou la marque du v\u00e9hicule qui a provoqu\u00e9 ce chaos. <strong>La voiture grise<\/strong> s\u2019est \u00e9vapor\u00e9e dans la nature.\u00a0<\/p>\n<p>Qui contacter si vous avez vu quelque chose ?\u00a0<\/p>\n<p class=\" wall-content\">Ma\u00ebl et sa compagne ont donc lanc\u00e9 un appel \u00e0 t\u00e9moins pour le retrouver le chauffard : \u00ab\u00a0Si vous avez vu la sc\u00e8ne, les v\u00e9hicules avant ou apr\u00e8s l\u2019impact, ou si vous disposez d\u2019une dashcam ayant enregistr\u00e9 l\u2019incident, merci de bien vouloir me contacter en message priv\u00e9 par mail <a href=\"https:\/\/actu.fr\/cdn-cgi\/l\/email-protection\" class=\"__cf_email__\" data-cfemail=\"4f222e2a233c2a3d2e3f2726212a0f27203b222e262361293d\" rel=\"nofollow noopener\" target=\"_blank\">[email\u00a0protected]<\/a> ou par t\u00e9l\u00e9phone au 06 98 45 50 07 ou de prendre contact avec le Commissariat central de Toulouse au 05 61 12 73 73 en mentionnant cet appel \u00e0 t\u00e9moins.\u00a0\u00bb Pour rappel, le v\u00e9hicule du chauffard recherch\u00e9 est une voiture grise, de marque inconnue.\u00a0<\/p>\n<p>Votre r\u00e9gion, votre actu !<\/p>\n<p>Recevez chaque jour les infos qui comptent pour vous.<\/p>\n<p>\t<a href=\"https:\/\/actu.fr\/newsletter\" class=\"ac-btn ac-btn--corner ac-btn--medium ac-btn--blue800\" rel=\"nofollow noopener\" target=\"_blank\">S&rsquo;incrire<\/a><\/p>\n<p class=\" wall-content\">Personnalisez votre actualit\u00e9 en ajoutant vos villes et m\u00e9dias en favori avec <a href=\"https:\/\/moncompte.actu.fr\" title=\"D\u00e9couvez Mon Actu\" rel=\"nofollow noopener\" data-trk=\"{&quot;cta&quot;:{&quot;action&quot;:&quot;https:\\\/\\\/moncompte.actu.fr&quot;,&quot;category&quot;:&quot;mon compte&quot;,&quot;from&quot;:&quot;article footer&quot;,&quot;name&quot;:&quot;Mon actu&quot;,&quot;type&quot;:&quot;cta&quot;}}\" target=\"_blank\">Mon Actu<\/a>.<\/p>\n","protected":false},"excerpt":{"rendered":"Par Anaelle Montagne Publi\u00e9 le 26 oct. 2025 \u00e0 17h02 Depuis ce trajet sur le p\u00e9riph\u00e9rique de Toulouse&hellip;\n","protected":false},"author":2,"featured_media":492091,"comment_status":"","ping_status":"","sticky":false,"template":"","format":"standard","meta":{"footnotes":""},"categories":[2816],"tags":[119,1111,11,1777,674,118,1011,27,12,2680,25,2312],"class_list":{"0":"post-492090","1":"post","2":"type-post","3":"status-publish","4":"format-standard","5":"has-post-thumbnail","7":"category-toulouse","8":"tag-accident","9":"tag-actu","10":"tag-actualites","11":"tag-eu","12":"tag-europe","13":"tag-faits-divers","14":"tag-fr","15":"tag-france","16":"tag-news","17":"tag-occitanie","18":"tag-republique-francaise","19":"tag-toulouse"},"share_on_mastodon":{"url":"https:\/\/pubeurope.com\/@fr\/115443098907834929","error":""},"_links":{"self":[{"href":"https:\/\/www.europesays.com\/fr\/wp-json\/wp\/v2\/posts\/492090","targetHints":{"allow":["GET"]}}],"collection":[{"href":"https:\/\/www.europesays.com\/fr\/wp-json\/wp\/v2\/posts"}],"about":[{"href":"https:\/\/www.europesays.com\/fr\/wp-json\/wp\/v2\/types\/post"}],"author":[{"embeddable":true,"href":"https:\/\/www.europesays.com\/fr\/wp-json\/wp\/v2\/users\/2"}],"replies":[{"embeddable":true,"href":"https:\/\/www.europesays.com\/fr\/wp-json\/wp\/v2\/comments?post=492090"}],"version-history":[{"count":0,"href":"https:\/\/www.europesays.com\/fr\/wp-json\/wp\/v2\/posts\/492090\/revisions"}],"wp:featuredmedia":[{"embeddable":true,"href":"https:\/\/www.europesays.com\/fr\/wp-json\/wp\/v2\/media\/492091"}],"wp:attachment":[{"href":"https:\/\/www.europesays.com\/fr\/wp-json\/wp\/v2\/media?parent=492090"}],"wp:term":[{"taxonomy":"category","embeddable":true,"href":"https:\/\/www.europesays.com\/fr\/wp-json\/wp\/v2\/categories?post=492090"},{"taxonomy":"post_tag","embeddable":true,"href":"https:\/\/www.europesays.com\/fr\/wp-json\/wp\/v2\/tags?post=492090"}],"curies":[{"name":"wp","href":"https:\/\/api.w.org\/{rel}","templated":true}]}}