{"id":492100,"date":"2025-10-26T23:42:12","date_gmt":"2025-10-26T23:42:12","guid":{"rendered":"https:\/\/www.europesays.com\/fr\/492100\/"},"modified":"2025-10-26T23:42:12","modified_gmt":"2025-10-26T23:42:12","slug":"anniversaire-50-ans-du-musee-lugdunum","status":"publish","type":"post","link":"https:\/\/www.europesays.com\/fr\/492100\/","title":{"rendered":"Anniversaire 50 ans du Mus\u00e9e Lugdunum"},"content":{"rendered":"<p>Rendez-vous samedi 15 et dimanche 16 novembre 2025, au mus\u00e9e Lugdunum.<\/p>\n<p>Un mus\u00e9e en f\u00eate<\/p>\n<p>Pour marquer ses 50 ans, <b>lugdunum \u2013 mus\u00e9e et th\u00e9\u00e2tres romains<\/b> ponctuera sa prochaine saison culturelle de festivit\u00e9s et de grands \u00e9v\u00e8nements gratuits, tout public, pour vivre le mus\u00e9e sous un nouveau jour.<\/p>\n<p>Un week-end anniversaire <\/p>\n<p>Un week-end pour s&rsquo;\u00e9merveiller, partager, apprendre, cr\u00e9er et poser un nouveau regard sur le mus\u00e9e. En cr\u00e9ant un dialogue artistique entre les \u0153uvres et leur environnement, l&rsquo;institution invite ses visiteurs \u00e0 faire l&rsquo;exp\u00e9rience d&rsquo;un lieu vivant, \u00e0 travers un panel d&rsquo;activit\u00e9s o\u00f9 l&rsquo;accessibilit\u00e9 des savoirs et la c\u00e9l\u00e9bration seront \u00e0 l&rsquo;honneur. 50 ans de m\u00e9moire du mus\u00e9e, ses m\u00e9tiers, son site arch\u00e9ologique et ses collections seront partag\u00e9s avec le public.<\/p>\n<p>Une offre in\u00e9dite de conf\u00e9rences, visites, exposition r\u00e9trospective, photobooth et \u0153uvre participative g\u00e9ante sera propos\u00e9e au public et pour rendre cet anniversaire inoubliable, des compagnies de danse et de th\u00e9\u00e2tre en d\u00e9ambulation dans le mus\u00e9e et sur le site des th\u00e9\u00e2tres romains rythmeront ces deux journ\u00e9es.<\/p>\n<p>Rendez-vous samedi 15 et dimanche 16 novembre 2025, <br \/>au mus\u00e9e Lugdunum<\/p>\n<p>Infos pratiques:<br \/>&#8211; Horaires d&rsquo;ouverture Mus\u00e9e : du mardi au vendredi de 11h \u00e0 18h, samedi et dimanche de 10h \u00e0 18h<br \/>&#8211; Horaires d&rsquo;ouverture Th\u00e9\u00e2tres : du 1er mai au 30 sept. de 7h \u00e0 21h, du 1er oct. au 30 avr. de 7h \u00e0 19h<br \/>&#8211; Tarifs mus\u00e9e : 4 euros<br \/>&#8211; Adresse : 17 rue Cl\u00e9berg, 69005 Lyon<\/p>\n<p>Plus d&rsquo;infos sur le site <a class=\"url\" href=\"https:\/\/lugdunum.grandlyon.com\/fr\/\" target=\"_blank\" rel=\"nofollow noopener\">Lugdunum<\/a>.<\/p>\n<p>Radio SCOOP est partenaire de l&rsquo;\u00e9v\u00e8nement<\/p>\n<p><\/p>\n","protected":false},"excerpt":{"rendered":"Rendez-vous samedi 15 et dimanche 16 novembre 2025, au mus\u00e9e Lugdunum. Un mus\u00e9e en f\u00eate Pour marquer ses&hellip;\n","protected":false},"author":2,"featured_media":492101,"comment_status":"","ping_status":"","sticky":false,"template":"","format":"standard","meta":{"footnotes":""},"categories":[1889],"tags":[4414,44129,1111,11,3581,3863,2430,251,1777,674,61492,1011,27,2428,61489,5762,61488,12,13813,20958,25,61490,61491,11046,54217],"class_list":{"0":"post-492100","1":"post","2":"type-post","3":"status-publish","4":"format-standard","5":"has-post-thumbnail","7":"category-lyon","8":"tag-50-ans","9":"tag-activits","10":"tag-actu","11":"tag-actualites","12":"tag-anniversaire","13":"tag-apprendre","14":"tag-auvergne-rhone-alpes","15":"tag-culture","16":"tag-eu","17":"tag-europe","18":"tag-festivits","19":"tag-fr","20":"tag-france","21":"tag-lyon","22":"tag-mmoire","23":"tag-metiers","24":"tag-muse-lugdunum","25":"tag-news","26":"tag-oeuvres","27":"tag-partager","28":"tag-republique-francaise","29":"tag-site-archologique","30":"tag-theatre-romains","31":"tag-visiteurs","32":"tag-we"},"share_on_mastodon":{"url":"https:\/\/pubeurope.com\/@fr\/115443121853356458","error":""},"_links":{"self":[{"href":"https:\/\/www.europesays.com\/fr\/wp-json\/wp\/v2\/posts\/492100","targetHints":{"allow":["GET"]}}],"collection":[{"href":"https:\/\/www.europesays.com\/fr\/wp-json\/wp\/v2\/posts"}],"about":[{"href":"https:\/\/www.europesays.com\/fr\/wp-json\/wp\/v2\/types\/post"}],"author":[{"embeddable":true,"href":"https:\/\/www.europesays.com\/fr\/wp-json\/wp\/v2\/users\/2"}],"replies":[{"embeddable":true,"href":"https:\/\/www.europesays.com\/fr\/wp-json\/wp\/v2\/comments?post=492100"}],"version-history":[{"count":0,"href":"https:\/\/www.europesays.com\/fr\/wp-json\/wp\/v2\/posts\/492100\/revisions"}],"wp:featuredmedia":[{"embeddable":true,"href":"https:\/\/www.europesays.com\/fr\/wp-json\/wp\/v2\/media\/492101"}],"wp:attachment":[{"href":"https:\/\/www.europesays.com\/fr\/wp-json\/wp\/v2\/media?parent=492100"}],"wp:term":[{"taxonomy":"category","embeddable":true,"href":"https:\/\/www.europesays.com\/fr\/wp-json\/wp\/v2\/categories?post=492100"},{"taxonomy":"post_tag","embeddable":true,"href":"https:\/\/www.europesays.com\/fr\/wp-json\/wp\/v2\/tags?post=492100"}],"curies":[{"name":"wp","href":"https:\/\/api.w.org\/{rel}","templated":true}]}}