{"id":492108,"date":"2025-10-26T23:48:21","date_gmt":"2025-10-26T23:48:21","guid":{"rendered":"https:\/\/www.europesays.com\/fr\/492108\/"},"modified":"2025-10-26T23:48:21","modified_gmt":"2025-10-26T23:48:21","slug":"paris-le-palais-beaubourg-ferme-pour-travaux-apres-une-grosse-fete-a-tous-les-etages","status":"publish","type":"post","link":"https:\/\/www.europesays.com\/fr\/492108\/","title":{"rendered":"Paris\u00a0: le palais Beaubourg ferme pour travaux apr\u00e8s une grosse f\u00eate \u00e0 tous les \u00e9tages"},"content":{"rendered":"\n<p>\u201cJe suis venu parce que j\u2019ai entendu dire que c\u2019\u00e9tait la fermeture. Et j\u2019avais envie de participer \u00e0 \u00e7a une derni\u00e8re fois, pour en profiter un petit peu\u201d, t\u00e9moigne Eliot, 23 ans, en coloriant une fresque participative.<\/p>\n<p>Ferm\u00e9 au public depuis le 22 septembre, le b\u00e2timent aux embl\u00e9matiques tuyaux color\u00e9s rouvre ses portes ce week-end avec un parcours in\u00e9dit. De vendredi \u00e0 dimanche, quelque 80 artistes sont donn\u00e9 concerts, DJ sets, performances, masterclasses, projections et exp\u00e9riences immersives sur les huit \u00e9tages.<\/p>\n<p>\u201cC\u2019est le plus grand \u00e9v\u00e9nement que le Centre Pompidou ait fait depuis son ouverture\u201d, assure Paul Mourey, codirecteur artistique de l\u2019\u00e9v\u00e9nement, imagin\u00e9 avec le label Because Music.<\/p>\n<p>Chaque \u00e9tage a ainsi propos\u00e9 une exp\u00e9rience diff\u00e9rente. Au niveau -1, des pianistes amateurs se lan\u00e7aient devant une fresque des \u00e9tudiants des Beaux-Arts, tandis que le Forum, au rez-de-chauss\u00e9e, s\u2019est transform\u00e9 en th\u00e9\u00e2tre de performances en journ\u00e9e et un club illumin\u00e9 la nuit.<\/p>\n<p>Le Village des enfants se tenait lui au 3e \u00e9tage, tandis que plusieurs artistes et soci\u00e9t\u00e9s ont investi le 4e niveau. Shygirl, Shay ou Pedro Winter, fondateur du label Ed Banger, ainsi que les entreprises Spotify, Samsung et Snapchat, qui proposent de tester ses lunettes de r\u00e9alit\u00e9 augment\u00e9e, participaient \u00e0 des installations et exp\u00e9riences interactives. Autant de partenaires qui ont contribu\u00e9 \u00e0 financer l\u2019\u00e9v\u00e9nement.<\/p>\n<p>Le premier et le sixi\u00e8me \u00e9tage accueillaient, de jour comme de nuit, des artistes tels que Catherine Ringer, Christine and the Queens, Selah Sue, Keziah Jones ou S\u00e9bastien Tellier.<\/p>\n<p>Le musicien fran\u00e7ais a profit\u00e9 de l\u2019\u00e9v\u00e9nement pour promouvoir son nouvel album pr\u00e9vu en janvier. \u201cLa culture, aujourd\u2019hui, elle est rare. Quand il y a des petits \u00eelots de culture, c\u2019est important d\u2019y \u00eatre. Je n\u2019avais pas envie de manquer \u00e7a\u201d, t\u00e9moigne-t-il.<\/p>\n<p>Brigitte Baleo, 78 ans, confie son \u201cspleen\u201d.Elle qui a travaill\u00e9 dix ans \u00e0 la biblioth\u00e8que. \u201c\u00c7a tend l\u2019estomac, il y a trop de souvenirs. Mais il faut que la fermeture ait lieu, pour r\u00e9habiliter ce monument\u201d.<\/p>\n<p>Une m\u00e9tamorphose n\u00e9cessaire<\/p>\n<p>Con\u00e7u en 1977 comme un lieu \u201couvert \u00e0 tous\u201d par les architectes Renzo Piano et Richard Rogers, le b\u00e2timent souffre aujourd\u2019hui de v\u00e9tust\u00e9.<\/p>\n<p>D\u00e9samiantage, accessibilit\u00e9 du lieu, s\u00e9curit\u00e9 et complet r\u00e9am\u00e9nagement int\u00e9rieur sont au menu de ses importants travaux de r\u00e9novation.<\/p>\n<p>Cette fermeture, \u201cc\u2019est quelque chose qui me touche\u201d, abonde Florence. F\u00e9rue d\u2019\u00e9lectro, la Bordelaise de 57 ans vient d\u2019assister au deuxi\u00e8me \u00e9tage \u00e0 \u201cSpace Opera\u201d, un film musical du duo fran\u00e7ais Justice projet\u00e9 comme une exp\u00e9rience de clubbing, \u00e0 quelques pas de l\u2019installation in\u00e9dite Camera\/Man de Thomas Bangalter, un des deux membres de Daft Punk. Pour encore plus de mouvements, elle compte bien exp\u00e9rimenter le Roller Disco qui fait vibrer l\u2019ancienne galerie 1, au dernier \u00e9tage.<\/p>\n<p>Entre DJ sets, patins \u00e0 roulettes et vues panoramiques sur Paris, l\u2019ambiance m\u00eale nostalgie et effervescence festive. Gulliver, \u00e9tudiant britannique de 20 ans, savoure lui sa premi\u00e8re visite. \u201cC\u2019est une chance de le voir avant sa fermeture!\u201d<\/p>\n<p>En journ\u00e9e, le programme \u00e9tait enti\u00e8rement gratuit, et les organisateurs esp\u00e8rent accueillir entre 10 000 et 15 000 visiteurs par jour.<\/p>\n<p>Le programme nocturne, payant, a lui \u00e9t\u00e9 pris d\u2019assaut\u202f: les 12 000 billets se sont arrach\u00e9s en \u00e0 peine une journ\u00e9e.<\/p>\n","protected":false},"excerpt":{"rendered":"\u201cJe suis venu parce que j\u2019ai entendu dire que c\u2019\u00e9tait la fermeture. Et j\u2019avais envie de participer \u00e0&hellip;\n","protected":false},"author":2,"featured_media":492109,"comment_status":"","ping_status":"","sticky":false,"template":"","format":"standard","meta":{"footnotes":""},"categories":[1888],"tags":[11,7702,4223,1697,1777,674,1011,27,326,20780,873,12,626,3239,25,2086],"class_list":{"0":"post-492108","1":"post","2":"type-post","3":"status-publish","4":"format-standard","5":"has-post-thumbnail","7":"category-paris","8":"tag-actualites","9":"tag-bibliotheque","10":"tag-centre-pompidou","11":"tag-concert","12":"tag-eu","13":"tag-europe","14":"tag-fr","15":"tag-france","16":"tag-gratuit","17":"tag-masterclass","18":"tag-musique","19":"tag-news","20":"tag-paris","21":"tag-performance","22":"tag-republique-francaise","23":"tag-travaux"},"share_on_mastodon":{"url":"https:\/\/pubeurope.com\/@fr\/115443145794076262","error":""},"_links":{"self":[{"href":"https:\/\/www.europesays.com\/fr\/wp-json\/wp\/v2\/posts\/492108","targetHints":{"allow":["GET"]}}],"collection":[{"href":"https:\/\/www.europesays.com\/fr\/wp-json\/wp\/v2\/posts"}],"about":[{"href":"https:\/\/www.europesays.com\/fr\/wp-json\/wp\/v2\/types\/post"}],"author":[{"embeddable":true,"href":"https:\/\/www.europesays.com\/fr\/wp-json\/wp\/v2\/users\/2"}],"replies":[{"embeddable":true,"href":"https:\/\/www.europesays.com\/fr\/wp-json\/wp\/v2\/comments?post=492108"}],"version-history":[{"count":0,"href":"https:\/\/www.europesays.com\/fr\/wp-json\/wp\/v2\/posts\/492108\/revisions"}],"wp:featuredmedia":[{"embeddable":true,"href":"https:\/\/www.europesays.com\/fr\/wp-json\/wp\/v2\/media\/492109"}],"wp:attachment":[{"href":"https:\/\/www.europesays.com\/fr\/wp-json\/wp\/v2\/media?parent=492108"}],"wp:term":[{"taxonomy":"category","embeddable":true,"href":"https:\/\/www.europesays.com\/fr\/wp-json\/wp\/v2\/categories?post=492108"},{"taxonomy":"post_tag","embeddable":true,"href":"https:\/\/www.europesays.com\/fr\/wp-json\/wp\/v2\/tags?post=492108"}],"curies":[{"name":"wp","href":"https:\/\/api.w.org\/{rel}","templated":true}]}}