{"id":492110,"date":"2025-10-26T23:49:57","date_gmt":"2025-10-26T23:49:57","guid":{"rendered":"https:\/\/www.europesays.com\/fr\/492110\/"},"modified":"2025-10-26T23:49:57","modified_gmt":"2025-10-26T23:49:57","slug":"quelles-perturbations-prevoir-pour-la-ratp-et-la-sncf-cette-semaine-49","status":"publish","type":"post","link":"https:\/\/www.europesays.com\/fr\/492110\/","title":{"rendered":"Quelles perturbations pr\u00e9voir pour la RATP et la SNCF cette semaine\u00a0?"},"content":{"rendered":"<p>Du 27\u00a0octobre au dimanche 2\u00a0novembre, des changements sont \u00e0 pr\u00e9voir sur les lignes de transport parisiennes et franciliennes, aussi bien \u00e0 la SNCF qu\u2019\u00e0 la RATP. En cette deuxi\u00e8me semaine des vacances scolaires, des travaux sont notamment \u00e0 prendre en consid\u00e9ration.<\/p>\n<p>Les perturbations SNCF et RATP du 27\u00a0octobre au 2\u00a0novembreM\u00e9tro<\/p>\n<ul>\n<li>Ligne 6\u00a0: jusqu\u2019au 30\u00a0octobre, le trafic sera interrompu entre Place d\u2019Italie et La Motte-Picquet \u2013 <a href=\"https:\/\/www.20minutes.fr\/dossier\/grenelle\" class=\"c-link c-link--is-underlined\" rel=\"nofollow noopener\" target=\"_blank\">Grenelle<\/a> (travaux). Des bus de substitution sont pr\u00e9vus.<\/li>\n<\/ul>\n<p>RER<\/p>\n<ul>\n<li>RER A\u00a0: jusqu\u2019au 30\u00a0octobre, du lundi au vendredi d\u00e8s 22 heures, le trafic sera interrompu entre Nanterre-Pr\u00e9fecture et Cergy Le-Haut et Poissy (travaux). Du 28\u00a0octobre au 13\u00a0d\u00e9cembre, du mardi au samedi jusqu\u2019\u00e0 5h10, le trafic sera interrompu de Cergy \u2013 Le Haut \u00e0 Maisons-Laffitte (travaux). Des bus de substitution sont pr\u00e9vus \u00e0 Cergy \u2013 Le Haut jusqu\u2019\u00e0 Maisons-Laffitte.<\/li>\n<li><a href=\"https:\/\/www.20minutes.fr\/dossier\/rer_b\" class=\"c-link c-link--is-underlined\" rel=\"nofollow noopener\" target=\"_blank\">RER B<\/a>\u00a0: jusqu\u2019au 12\u00a0d\u00e9cembre, du lundi au vendredi d\u00e8s 22h45, le trafic est interrompu entre Gare du Nord et A\u00e9roport Charles de Gaulle 2 \u2013 TGV et Mitry \u2013 Claye (travaux). Des bus de substitution sont pr\u00e9vus. Retrouvez les d\u00e9tails et dates compl\u00e8tes sur MaLigneB. fr. Jusqu\u2019au 10\u00a0novembre, du lundi au vendredi d\u00e8s 22h45, le trafic sera interrompu entre\u200b\u200b\u200b\u200b Ch\u00e2telet \u2013 Les Halles et Mitry \u2013 Claye \u2022 A\u00e9roport CDG 2 en raison de travaux de maintenance. Le <a href=\"https:\/\/www.20minutes.fr\/dossier\/week-end\" class=\"c-link c-link--is-underlined\" rel=\"nofollow noopener\" target=\"_blank\">week-end<\/a> des samedi 1 et dimanche 2\u00a0novembre (travaux), le trafic sera interrompu entre Denfert-Rochereau et Robinson via La Croix de Berny.<\/li>\n<li>RER C\u00a0: jusqu\u2019au 31\u00a0octobre, du lundi au vendredi d\u00e8s 23h30, le trafic est interrompu entre Gare d\u2019Austerlitz et Saint-Martin d\u2019\u00c9tampes, et entre Dourdan la For\u00eat et Gare d\u2019Austerlitz. Des bus de substitution sont pr\u00e9vus. Jusqu\u2019au mercredi vendredi 31\u00a0octobre, le trafic sera interrompu de Saint-Quentin en Yvelines vers Javel d\u00e8s 23h30. M\u00eame chose entre Javel et Versailles Ch\u00e2teau Rive Gauche. Il en va de m\u00eame entre Paris Austerlitz et Juvisy jusqu\u2019au 31\u00a0octobre d\u00e8s 23 heures et entre Paris Austerlitz et Pont de Rungis d\u00e8s 23 heures. Le samedi\u00a025 et le dimanche 26\u00a0octobre. Les trains seront directs de Choisy le Roi \u00e0 Juvisy. Jusqu\u2019au 11\u00a0janvier, l\u2019arr\u00eat ne sera pas desservi \u00e0 Issy vers Versailles Ch\u00e2teau Rive Gauche et <a href=\"https:\/\/www.20minutes.fr\/dossier\/saint_quentin\" class=\"c-link c-link--is-underlined\" rel=\"nofollow noopener\" target=\"_blank\">Saint-Quentin<\/a> en Yvelines \u2013 Montigny-le-Bretonneux (travaux). Les samedi\u00a025 et dimanche 26\u00a0octobre. Le trafic sera interrompu de Versailles Ch\u00e2teau RG vers <a href=\"https:\/\/www.20minutes.fr\/dossier\/invalides\" class=\"c-link c-link--is-underlined\" rel=\"nofollow noopener\" target=\"_blank\">Invalides<\/a>. Report\u00a0: Ligne N ou bus de ville. Samedi 1er\u00a0novembre, le trafic sera interrompu entre Dourdan et Paris Austerlitz d\u00e8s 23h45. Samedi 1 et dimanche 2\u00a0novembre, le trafic sera interrompu de Juvisy \u00e0 Versailles Ch\u00e2teau RG d\u00e8s 23h55. Samedi 1er et dimanche 2\u00a0novembre. Les trains seront directs de Juvisy \u00e0 Choisy le Roi uniquement dans ce sens. Les gares de Athis Mons, Ablon et Villeneuve le Roi ne seront pas desservies par les trains \u00e0 destination de Paris.<\/li>\n<li>RER D\u00a0: En semaine d\u00e8s 23h35 du 13\u00a0octobre au vendredi 28\u00a0novembre\u00a0: le trafic sera interrompu entre Paris Gare du Nord et Creil. Jusqu\u2019au vendredi 31\u00a0octobre, d\u00e8s 23h20, le trafic sera interrompu entre Paris Gare du Nord et Creil. Jusqu\u2019au 31\u00a0octobre, du lundi au vendredi d\u00e8s 23h20, le trafic sera interrompu entre Gare du Nord et Creil (travaux). Jusqu\u2019au 31\u00a0octobre, du lundi au vendredi d\u00e8s 22h30, les arr\u00eats ne sont pas desservis \u00e0 Maisons-Alfort \u2013 Alfortville, Le Vert de Maisons, <a href=\"https:\/\/www.20minutes.fr\/dossier\/creteil\" class=\"c-link c-link--is-underlined\" rel=\"nofollow noopener\" target=\"_blank\">Cr\u00e9teil<\/a> Pompadour et Villeneuve Triage (travaux). Des bus de substitution sont pr\u00e9vus.<\/li>\n<li>RER E\u00a0: jusqu\u2019au 31\u00a0octobre, du lundi au vendredi d\u00e8s 22h45, le trafic sera interrompu entre Nanterre-La-Folie et Chelles \u2013 Gournay. Des bus de substitution sont pr\u00e9vus. Jusqu\u2019au 31\u00a0octobre, le trafic sera interrompu entre Nanterre-La-Folie et Villiers-sur-Marne et entre Nanterre-la-Folie et Tournan. Samedi\u00a01er et dimanche 2\u00a0novembre, le trafic est interrompu entre Nanterre-la-Folie et Villiers-sur-Marne et entre Nanterre-la-Folie et Tournan d\u00e8s 22h15. Du lundi\u00a027 au vendredi 31\u00a0octobre 1 train sur 2 entre Nanterre-La-Folie et <a href=\"https:\/\/www.20minutes.fr\/dossier\/villiers_sur_marne\" class=\"c-link c-link--is-underlined\" rel=\"nofollow noopener\" target=\"_blank\">Villiers-sur-Marne<\/a>, de 11h45 \u00e0 15h30.<\/li>\n<\/ul>\n<p>Transilien<\/p>\n<ul>\n<li>Ligne H\u00a0: 22h50 \u00e0 8h50, samedi\u00a01er et dimanche 2\u00a0novembre, le trafic sera interrompu entre Gare du Nord et Ermont \u2013 Eaubonne.<\/li>\n<li>Ligne J\u00a0: jusqu\u2019au jeudi 30\u00a0octobre, d\u00e8s 21 heures, le trafic est interrompu entre Argenteuil et Pontoise \u2022 Mantes-la-Jolie via Conflans-Ste-Honorine. Les deux derniers trains de Paris Saint-Lazare vers Argenteuil seront supprim\u00e9s. Les deux derniers trains au d\u00e9part de Gare Saint-Lazare et \u00e0 destination de Mantes-la-J. via Poissy sont supprim\u00e9s. Le dernier train de Mantes-la-J. via Poissy vers Gare Saint-Lazare est supprim\u00e9 d\u00e8s 22h40. Le samedi\u00a01er et dimanche 2\u00a0novembre, le trafic sera interrompu entre Conflans Sainte-Honorine  <a href=\"https:\/\/www.20minutes.fr\/dossier\/pontoise\" class=\"c-link c-link--is-underlined\" rel=\"nofollow noopener\" target=\"_blank\">Pontoise<\/a>\/Boissy l\u2019Aillerie\/Gisors. Des bus de substitution seront pr\u00e9vus (travaux).<\/li>\n<li>Ligne K\u00a0: en semaine de soir\u00e9e jusqu\u2019au samedi matin, du lundi 19\u00a0mai au samedi 20\u00a0d\u00e9cembre. Le trafic sera interrompu entre Gare du Nord et Cr\u00e9py-en-Valois.<\/li>\n<li>Ligne L\u00a0: jusqu\u2019au vendredi 7\u00a0novembre, le trafic sera interrompu entre Paris Saint-Lazare et La D\u00e9fense d\u00e8s 21h45. Du lundi\u00a027 au jeudi 30\u00a0octobre. Modification de desserte entre Paris Saint-Lazare et Maisons-Laffitte d\u00e8s 21h50.<\/li>\n<li>Ligne N\u00a0: en semaine \u00e0 partir de 22h30. Dates\u00a0: du lundi\u00a027 au vendredi 31\u00a0octobre. Le trafic sera interrompu entre Paris Montparnasse et Dreux. Le samedi 1er\u00a0novembre, le trafic sera interrompu entre Paris Montparnasse et Rambouillet.<\/li>\n<li>Ligne P\u00a0: en semaine d\u00e8s 22h20, du lundi 29\u00a0septembre au vendredi 31\u00a0octobre. Le trafic sera interrompu entre Paris Est et <a href=\"https:\/\/www.20minutes.fr\/dossier\/meaux\" class=\"c-link c-link--is-underlined\" rel=\"nofollow noopener\" target=\"_blank\">Meaux<\/a>. Du lundi 29\u00a0septembre au vendredi 31\u00a0octobre, d\u00e8s 22 heures, le trafic sera interrompu entre Paris Est et Ch\u00e2teau-Thierry. Du lundi 29\u00a0septembre au vendredi 31\u00a0octobre. Le trafic sera interrompu entre Gare de l\u2019Est et Provins d\u00e8s 21h45. En semaine d\u00e8s 21h30, du lundi 15\u00a0septembre au vendredi 14\u00a0novembre. En semaine d\u00e8s 21h30, du lundi 18\u00a0ao\u00fbt au vendredi 19\u00a0d\u00e9cembre. Le trafic sera interrompu entre Paris Est et Coulommiers. Toute la journ\u00e9e, du samedi\u00a01er au dimanche 2\u00a0novembre. Le trafic sera interrompu entre Longueville et Provins.<\/li>\n<li>Ligne R\u00a0: du lundi\u00a020 au vendredi 31\u00a0octobre. Le trafic sera interrompu entre Melun Montargis. Des bus de substitution sont pr\u00e9vus (travaux). Du samedi 1 au dimanche 2\u00a0novembre, le trafic sera interrompu entre Melun et Montereau via Moret Veneux les S. Les trains seront d\u00e9tourn\u00e9s par H\u00e9ricy et marqueront l\u2019arr\u00eat \u00e0 Champagne-sur-Seine.<\/li>\n<li>Ligne U\u00a0: du lundi\u00a020 au vendredi 31\u00a0octobre. Le trafic sera interrompu entre La Verri\u00e8re et <a href=\"https:\/\/www.20minutes.fr\/dossier\/la_defense\" class=\"c-link c-link--is-underlined\" rel=\"nofollow noopener\" target=\"_blank\">La D\u00e9fense<\/a>. Des bus de substitution sont pr\u00e9vus (travaux).<\/li>\n<\/ul>\n<p>Tramway<\/p>\n<ul>\n<li>T1\u00a0: Le trafic sera interrompu entre Asni\u00e8res \u2013 Quatre Routes et Gare de Saint-Denis et perturb\u00e9 (d\u00e9gradation par un tiers \u00e0 L\u2019\u00cele-Saint-Denis). Aucune reprise de pr\u00e9vue pour l\u2019instant.<\/li>\n<li>T2\u00a0: Jusqu\u2019\u00e0 fin f\u00e9vrier\u00a02026, le trafic sera interrompu entre Porte de Versailles et Suzanne Lenglen (travaux). Pour rejoindre la Porte de Versailles, depuis Suzanne Lenglen, allez \u00e0 pied jusqu\u2019\u00e0 la station Balard du T3a.<\/li>\n<\/ul>\n","protected":false},"excerpt":{"rendered":"Du 27\u00a0octobre au dimanche 2\u00a0novembre, des changements sont \u00e0 pr\u00e9voir sur les lignes de transport parisiennes et franciliennes,&hellip;\n","protected":false},"author":2,"featured_media":492111,"comment_status":"","ping_status":"","sticky":false,"template":"","format":"standard","meta":{"footnotes":""},"categories":[1888],"tags":[11,1936,1777,674,1011,27,3314,662,12,626,625,1306,25,1937,1945,2215,2292,1125,1938],"class_list":{"0":"post-492110","1":"post","2":"type-post","3":"status-publish","4":"format-standard","5":"has-post-thumbnail","7":"category-paris","8":"tag-actualites","9":"tag-essonne","10":"tag-eu","11":"tag-europe","12":"tag-fr","13":"tag-france","14":"tag-hauts-de-seine","15":"tag-ile-de-france","16":"tag-news","17":"tag-paris","18":"tag-ratp","19":"tag-regions","20":"tag-republique-francaise","21":"tag-seine-et-marne","22":"tag-seine-saint-denis","23":"tag-sncf","24":"tag-val-doise","25":"tag-val-de-marne","26":"tag-yvelines"},"share_on_mastodon":{"url":"https:\/\/pubeurope.com\/@fr\/115443153174608647","error":""},"_links":{"self":[{"href":"https:\/\/www.europesays.com\/fr\/wp-json\/wp\/v2\/posts\/492110","targetHints":{"allow":["GET"]}}],"collection":[{"href":"https:\/\/www.europesays.com\/fr\/wp-json\/wp\/v2\/posts"}],"about":[{"href":"https:\/\/www.europesays.com\/fr\/wp-json\/wp\/v2\/types\/post"}],"author":[{"embeddable":true,"href":"https:\/\/www.europesays.com\/fr\/wp-json\/wp\/v2\/users\/2"}],"replies":[{"embeddable":true,"href":"https:\/\/www.europesays.com\/fr\/wp-json\/wp\/v2\/comments?post=492110"}],"version-history":[{"count":0,"href":"https:\/\/www.europesays.com\/fr\/wp-json\/wp\/v2\/posts\/492110\/revisions"}],"wp:featuredmedia":[{"embeddable":true,"href":"https:\/\/www.europesays.com\/fr\/wp-json\/wp\/v2\/media\/492111"}],"wp:attachment":[{"href":"https:\/\/www.europesays.com\/fr\/wp-json\/wp\/v2\/media?parent=492110"}],"wp:term":[{"taxonomy":"category","embeddable":true,"href":"https:\/\/www.europesays.com\/fr\/wp-json\/wp\/v2\/categories?post=492110"},{"taxonomy":"post_tag","embeddable":true,"href":"https:\/\/www.europesays.com\/fr\/wp-json\/wp\/v2\/tags?post=492110"}],"curies":[{"name":"wp","href":"https:\/\/api.w.org\/{rel}","templated":true}]}}