{"id":492114,"date":"2025-10-26T23:52:13","date_gmt":"2025-10-26T23:52:13","guid":{"rendered":"https:\/\/www.europesays.com\/fr\/492114\/"},"modified":"2025-10-26T23:52:13","modified_gmt":"2025-10-26T23:52:13","slug":"ukraine-les-18-22-ans-autorises-de-nouveau-a-sortir-du-territoire-relance-le-debat-sur-la-mobilisation","status":"publish","type":"post","link":"https:\/\/www.europesays.com\/fr\/492114\/","title":{"rendered":"Ukraine: les 18-22 ans autoris\u00e9s de nouveau \u00e0 sortir du territoire relance le d\u00e9bat sur la mobilisation"},"content":{"rendered":"<p>\n                                                L\u2019Allemagne constate une forte augmentation des arriv\u00e9es de jeunes Ukrainiens sur son territoire et cela commence \u00e0 faire grincer des dents. Le chef du Parti conservateur bavarois appelle l&rsquo;Union europ\u00e9enne \u00e0 faire pression pour que Kiev interdise aux jeunes hommes de quitter l&rsquo;Ukraine. Faisant valoir le r\u00f4le de l&rsquo;Allemagne comme premier fournisseur europ\u00e9en d&rsquo;aide militaire, Markus S\u00f6der mart\u00e8le que l&rsquo;Ukraine a besoin de \u00ab\u00a0soldats ukrainiens pour d\u00e9fendre leur propre pays\u00a0\u00bb. En ao\u00fbt dernier, les autorit\u00e9s ukrainiennes ont assoupli la loi martiale, en permettant aux hommes de\u00a018 \u00e0 22\u00a0ans de franchir la fronti\u00e8re, ce qui a entra\u00een\u00e9 une vague de d\u00e9parts. En Ukraine, la mesure ne fait pas consensus.                    <\/p>\n<p>De nos envoy\u00e9s sp\u00e9ciaux \u00e0 Kiev,<\/p>\n<p>Un terrain d\u2019entra\u00eenement \u00e0 une quinzaine de kilom\u00e8tres du front dans le Donbass. \u00c0 l\u2019abri d\u2019un sous-bois, de jeunes soldats s\u2019entra\u00eenent au pilotage de drones. Lorsqu\u2019on lui demande quels sont les d\u00e9fis les plus importants que son \u00e9quipe doit relever, Vova r\u00e9pond sans d\u00e9tours\u00a0: \u00ab\u00a0Ce qui manque le plus ce sont les gens, on manque de personnes normales, \u00e9quilibr\u00e9es, qui veulent faire quelque chose et qui prennent leur activit\u00e9 au s\u00e9rieux. Il y a tr\u00e8s peu de gens.\u00a0\u00bb<\/p>\n<p> <strong>Une r\u00e9glementation qui fait d\u00e9bat<\/strong> <\/p>\n<p>Pour faire face au manque d\u2019hommes dans l\u2019arm\u00e9e, plusieurs partenaires occidentaux de l\u2019Ukraine, les \u00c9tats-Unis en t\u00eate, ont longtemps plaid\u00e9 pour un abaissement de l\u2019\u00e2ge de la mobilisation, aujourd\u2019hui fix\u00e9 \u00e0 25\u00a0ans. Mais les autorit\u00e9s ukrainiennes s\u2019y sont toujours refus\u00e9es. \u00c0 l\u2019inverse, elles ont d\u00e9cid\u00e9 d\u2019assouplir la loi martiale, en autorisant les 18-22\u00a0ans \u00e0 franchir la fronti\u00e8re. Une mauvaise d\u00e9cision, selon l\u2019op\u00e9rateur de drones Mikhailo, alias \u00ab\u00a0Mamba\u00a0\u00bb\u00a0: \u00ab\u00a0Ceux qui partiront ne reviendront pas. Personnellement, je n\u2019aurais pas adopt\u00e9 une telle loi. Parce que le r\u00e9sultat, c\u2019est que tous ceux qui auraient pu venir nous pr\u00eater main-forte vont partir. Or, si on unissait nos forces, on pourrait sans doute stopper les Russes.\u00a0\u00bb<\/p>\n<p>La nouvelle loi vise notamment \u00e0 endiguer les d\u00e9parts de jeunes gar\u00e7ons de 17\u00a0ans. Ils \u00e9taient nombreux \u00e0 quitter l\u2019Ukraine avant d\u2019avoir termin\u00e9 le lyc\u00e9e pour ne pas se retrouver coinc\u00e9s dans le pays \u00e0 leur majorit\u00e9. Mais des observateurs redoutent que cette r\u00e9glementation ne provoque un exode massif de jeunes hommes.<\/p>\n<p>Maksim, \u00e9tudiant en m\u00e9decine de 21\u00a0ans, a d\u00e9j\u00e0 vu plusieurs jeunes de son entourage partir \u00e0 l\u2019\u00e9tranger apr\u00e8s l\u2019adoption de cette loi, dont son meilleur ami\u00a0: \u00ab\u00a0Il est parti \u00e0 l\u2019\u00e9tranger en disant qu\u2019il ne reviendrait que lorsque la guerre serait termin\u00e9e. Il dit que tant qu\u2019il y a la guerre, il ne veut pas prendre de risque. Il me semble que \u00e7a n\u2019est pas bien, parce qu\u2019on va finir par ne plus avoir d\u2019arm\u00e9e.\u00a0\u00bb<\/p>\n<p> <strong>Une mobilisation en question<\/strong> <\/p>\n<p>Cette loi aura-t-elle des cons\u00e9quences militaires\u00a0? Aura-t-elle une influence sur la capacit\u00e9 de l\u2019arm\u00e9e ukrainienne \u00e0 mobiliser dans les ann\u00e9es qui viennent\u00a0? Le d\u00e9put\u00e9 d\u2019opposition Oleksiy Honcharenko ne le pense pas\u00a0: \u00ab\u00a0Tous ceux qui voulaient quitter l&rsquo;Ukraine, l&rsquo;ont d\u00e9j\u00e0 fait de toute fa\u00e7on, par des moyens ill\u00e9gaux. Cette loi s\u2019applique aux jeunes jusqu&rsquo;\u00e0 22\u00a0ans. Or, en Ukraine, la mobilisation, c&rsquo;est \u00e0 partir de 25\u00a0ans. Il n&rsquo;y a donc aucune influence directe sur la mobilisation, pas m\u00eame en th\u00e9orie. Il y a en revanche un point avec lequel je suis d\u2019accord avec nos militaires\u00a0: nous avons un tr\u00e8s mauvais processus de mobilisation. Malheureusement, rien n\u2019est fait pour inciter les gens \u00e0 s&rsquo;engager dans l&rsquo;arm\u00e9e.\u00a0\u00bb<\/p>\n<p>Pour tenter d\u2019attirer des recrues motiv\u00e9es, l\u2019arm\u00e9e ukrainienne a mis en place en f\u00e9vrier dernier un contrat assorti d\u2019incitations financi\u00e8res pour les jeunes de 18 \u00e0 24\u00a0ans, sur la base du volontariat. Mais le succ\u00e8s escompt\u00e9 n\u2019est pas au rendez-vous. Sur le front, les soldats attendent toujours la rel\u00e8ve.<\/p>\n","protected":false},"excerpt":{"rendered":"L\u2019Allemagne constate une forte augmentation des arriv\u00e9es de jeunes Ukrainiens sur son territoire et cela commence \u00e0 faire&hellip;\n","protected":false},"author":2,"featured_media":492115,"comment_status":"","ping_status":"","sticky":false,"template":"","format":"standard","meta":{"footnotes":""},"categories":[1590],"tags":[11,554,1777,674,4075,12,2436,132,220],"class_list":{"0":"post-492114","1":"post","2":"type-post","3":"status-publish","4":"format-standard","5":"has-post-thumbnail","7":"category-ukraine","8":"tag-actualites","9":"tag-defense","10":"tag-eu","11":"tag-europe","12":"tag-jeunesse","13":"tag-news","14":"tag-reportage-international","15":"tag-russie","16":"tag-ukraine"},"share_on_mastodon":{"url":"https:\/\/pubeurope.com\/@fr\/115443161182442844","error":""},"_links":{"self":[{"href":"https:\/\/www.europesays.com\/fr\/wp-json\/wp\/v2\/posts\/492114","targetHints":{"allow":["GET"]}}],"collection":[{"href":"https:\/\/www.europesays.com\/fr\/wp-json\/wp\/v2\/posts"}],"about":[{"href":"https:\/\/www.europesays.com\/fr\/wp-json\/wp\/v2\/types\/post"}],"author":[{"embeddable":true,"href":"https:\/\/www.europesays.com\/fr\/wp-json\/wp\/v2\/users\/2"}],"replies":[{"embeddable":true,"href":"https:\/\/www.europesays.com\/fr\/wp-json\/wp\/v2\/comments?post=492114"}],"version-history":[{"count":0,"href":"https:\/\/www.europesays.com\/fr\/wp-json\/wp\/v2\/posts\/492114\/revisions"}],"wp:featuredmedia":[{"embeddable":true,"href":"https:\/\/www.europesays.com\/fr\/wp-json\/wp\/v2\/media\/492115"}],"wp:attachment":[{"href":"https:\/\/www.europesays.com\/fr\/wp-json\/wp\/v2\/media?parent=492114"}],"wp:term":[{"taxonomy":"category","embeddable":true,"href":"https:\/\/www.europesays.com\/fr\/wp-json\/wp\/v2\/categories?post=492114"},{"taxonomy":"post_tag","embeddable":true,"href":"https:\/\/www.europesays.com\/fr\/wp-json\/wp\/v2\/tags?post=492114"}],"curies":[{"name":"wp","href":"https:\/\/api.w.org\/{rel}","templated":true}]}}