{"id":492123,"date":"2025-10-26T23:58:14","date_gmt":"2025-10-26T23:58:14","guid":{"rendered":"https:\/\/www.europesays.com\/fr\/492123\/"},"modified":"2025-10-26T23:58:14","modified_gmt":"2025-10-26T23:58:14","slug":"les-socialistes-vendent-leur-version-light-liberation","status":"publish","type":"post","link":"https:\/\/www.europesays.com\/fr\/492123\/","title":{"rendered":"les socialistes vendent leur version \u00ablight\u00bb \u2013 Lib\u00e9ration"},"content":{"rendered":"<p class=\"sc-cPiKLX AiZTS text-element\">Il leur avait donn\u00e9 jusqu\u2019\u00e0 ce \u00ablundi\u00bb. Mais Olivier Faure s\u2019est vu contraint, ce dimanche 26 octobre, de prolonger le nouvel ultimatum des socialistes \u00e0 S\u00e9bastien Lecornu <a href=\"https:\/\/www.liberation.fr\/politique\/debats-du-projet-de-loi-de-finances-face-a-la-tempete-sebastien-lecornu-ne-se-mouille-pas-20251024_UDM63S5ABVCTRMC4CA6TMW5KYY\/\" target=\"_blank\" rel=\"noreferrer noopener\" title=\"https:\/\/www.liberation.fr\/politique\/debats-du-projet-de-loi-de-finances-face-a-la-tempete-sebastien-lecornu-ne-se-mouille-pas-20251024_UDM63S5ABVCTRMC4CA6TMW5KYY\/\">pour lui \u00e9viter une censure de son gouvernement<\/a> avant m\u00eame la fin des d\u00e9bats budg\u00e9taires. \u00abA la fin de cette semaine, a pr\u00e9venu<a href=\"https:\/\/www.liberation.fr\/politique\/budget-olivier-faure-laisse-aux-macronistes-jusqua-la-fin-de-la-semaine-pour-eviter-la-censure-et-une-dissolution-20251026_5VYTX324O5GRHMO4HQGFFKBY4E\/\" target=\"_blank\" rel=\"noreferrer noopener\" title=\"https:\/\/www.liberation.fr\/politique\/budget-olivier-faure-laisse-aux-macronistes-jusqua-la-fin-de-la-semaine-pour-eviter-la-censure-et-une-dissolution-20251026_5VYTX324O5GRHMO4HQGFFKBY4E\/\"> le premier secr\u00e9taire du Parti socialiste sur LCI<\/a>, nous saurons si nous allons \u00e0 la dissolution ou pas.\u00bb Les discussions \u00e0 l\u2019Assembl\u00e9e ayant tra\u00een\u00e9 en longueur samedi dans l\u2019h\u00e9micycle et le gouvernement ayant d\u00e9cid\u00e9 d\u2019avancer certains articles pour qu\u2019ils soient d\u00e9fendus par le ministre de l\u2019Economie et des Finances, Roland Lescure, avant un d\u00e9placement \u00e0 Toronto pu <\/p>\n","protected":false},"excerpt":{"rendered":"Il leur avait donn\u00e9 jusqu\u2019\u00e0 ce \u00ablundi\u00bb. Mais Olivier Faure s\u2019est vu contraint, ce dimanche 26 octobre, de&hellip;\n","protected":false},"author":2,"featured_media":492124,"comment_status":"","ping_status":"","sticky":false,"template":"","format":"standard","meta":{"footnotes":""},"categories":[2],"tags":[11,25548,1011,27,12,429,25,52897],"class_list":{"0":"post-492123","1":"post","2":"type-post","3":"status-publish","4":"format-standard","5":"has-post-thumbnail","7":"category-actualites","8":"tag-actualites","9":"tag-budget-public","10":"tag-fr","11":"tag-france","12":"tag-news","13":"tag-ps","14":"tag-republique-francaise","15":"tag-taxe-zucman"},"share_on_mastodon":{"url":"https:\/\/pubeurope.com\/@fr\/115443184822692523","error":""},"_links":{"self":[{"href":"https:\/\/www.europesays.com\/fr\/wp-json\/wp\/v2\/posts\/492123","targetHints":{"allow":["GET"]}}],"collection":[{"href":"https:\/\/www.europesays.com\/fr\/wp-json\/wp\/v2\/posts"}],"about":[{"href":"https:\/\/www.europesays.com\/fr\/wp-json\/wp\/v2\/types\/post"}],"author":[{"embeddable":true,"href":"https:\/\/www.europesays.com\/fr\/wp-json\/wp\/v2\/users\/2"}],"replies":[{"embeddable":true,"href":"https:\/\/www.europesays.com\/fr\/wp-json\/wp\/v2\/comments?post=492123"}],"version-history":[{"count":0,"href":"https:\/\/www.europesays.com\/fr\/wp-json\/wp\/v2\/posts\/492123\/revisions"}],"wp:featuredmedia":[{"embeddable":true,"href":"https:\/\/www.europesays.com\/fr\/wp-json\/wp\/v2\/media\/492124"}],"wp:attachment":[{"href":"https:\/\/www.europesays.com\/fr\/wp-json\/wp\/v2\/media?parent=492123"}],"wp:term":[{"taxonomy":"category","embeddable":true,"href":"https:\/\/www.europesays.com\/fr\/wp-json\/wp\/v2\/categories?post=492123"},{"taxonomy":"post_tag","embeddable":true,"href":"https:\/\/www.europesays.com\/fr\/wp-json\/wp\/v2\/tags?post=492123"}],"curies":[{"name":"wp","href":"https:\/\/api.w.org\/{rel}","templated":true}]}}