{"id":492125,"date":"2025-10-26T23:59:14","date_gmt":"2025-10-26T23:59:14","guid":{"rendered":"https:\/\/www.europesays.com\/fr\/492125\/"},"modified":"2025-10-26T23:59:14","modified_gmt":"2025-10-26T23:59:14","slug":"les-syndiques-rejettent-loffre-de-lavionneur-pour-la-quatrieme-fois","status":"publish","type":"post","link":"https:\/\/www.europesays.com\/fr\/492125\/","title":{"rendered":"Les syndiqu\u00e9s rejettent l\u2019offre de l\u2019avionneur, pour la quatri\u00e8me fois"},"content":{"rendered":"<p>Un quatri\u00e8me refus depuis fin juillet. Les adh\u00e9rents du syndicat des machinistes (IAM), en gr\u00e8ve depuis le 4\u00a0ao\u00fbt dans plusieurs usines militaires de l\u2019avionneur Boeing aux \u00c9tats-Unis, ont rejet\u00e9 dimanche, une proposition d\u2019accord social de cinq ans, a annonc\u00e9 le syndicat. Sans donner le r\u00e9sultat du vote, qui s\u2019est d\u00e9roul\u00e9 dimanche matin, l\u2019IAM-District 837 a annonc\u00e9 dans un communiqu\u00e9 que les plus de 3.200 gr\u00e9vistes avaient rejet\u00e9 la derni\u00e8re offre en date de Boeing, \u00ab\u00a0envoyant un message clair selon lequel l\u2019entreprise n\u2019a pas r\u00e9gl\u00e9 les principales priorit\u00e9s\u00a0\u00bb des ouvriers. Boeing n\u2019a pas r\u00e9agi dans l\u2019imm\u00e9diat.<\/p>\n<\/p>\n<p>Une \u00ab\u00a0insulte\u00a0\u00bb envers les salari\u00e9s<\/p>\n<p>Cette offre remani\u00e9e avait \u00e9t\u00e9 annonc\u00e9e mercredi par le constructeur a\u00e9ronautique \u00e0 l\u2019issue de plusieurs jours de n\u00e9gociations, sous l\u2019\u00e9gide d\u2019une m\u00e9diation f\u00e9d\u00e9rale. \u00ab\u00a0Malheureusement, apr\u00e8s avoir parl\u00e9 pendant plusieurs semaines de votre processus d\u00e9mocratique, les dirigeants de l\u2019IAM refusent de vous permettre de voter sur cette offre et d\u2019avoir la chance de mettre un terme \u00e0 la gr\u00e8ve\u00a0\u00bb, avait affirm\u00e9 mercredi Dan Gillian, responsable de la branche Boeing Air Dominance, dans un message adress\u00e9 aux gr\u00e9vistes, assurant qu\u2019en cas d\u2019acceptation de cette offre, le travail pourrait reprendre d\u2019ici mardi.<\/p>\n<p>La direction du syndicat a finalement accept\u00e9 jeudi de soumettre dimanche cette offre \u00e0 ses adh\u00e9rents, dont le feu vert est n\u00e9cessaire pour que l\u2019accord social puisse entrer en vigueur et ainsi mettre fin \u00e0 la gr\u00e8ve. \u00ab\u00a0Boeing affirme qu\u2019il a \u00e9cout\u00e9 ses employ\u00e9s &#8211; le r\u00e9sultat d\u2019aujourd\u2019hui prouve que ce n\u2019est pas le cas\u00a0\u00bb, a comment\u00e9 Brian Bryant, pr\u00e9sident de l\u2019IAM International, cit\u00e9 dans le communiqu\u00e9, estimant que la proposition \u00e9tait une \u00ab\u00a0insulte\u00a0\u00bb envers les employ\u00e9s.<\/p>\n<p>Avions de combat<\/p>\n<p>Depuis le 4\u00a0ao\u00fbt, environ 3.200 employ\u00e9s de sites \u00e0 St. Louis et St. Charles dans le Missouri, et \u00e0 Mascoutah dans l\u2019Illinois, ont arr\u00eat\u00e9 le travail. Sont notamment fabriqu\u00e9s dans ces usines les avions de combat F-15 et F-18, le syst\u00e8me de formation pour les pilotes T-7 Red Hawk, ainsi que le drone MQ-25.<\/p>\n<p>Les n\u00e9gociateurs du groupe et du syndicat sont d\u00e9j\u00e0 tomb\u00e9s d\u2019accord \u00e0 plusieurs reprises depuis cet \u00e9t\u00e9 sur un projet de contrat social mais les adh\u00e9rents ont syst\u00e9matiquement vot\u00e9 non (27\u00a0juillet, 3\u00a0ao\u00fbt, 12\u00a0septembre et, d\u00e9sormais, 26\u00a0octobre).<\/p>\n","protected":false},"excerpt":{"rendered":"Un quatri\u00e8me refus depuis fin juillet. Les adh\u00e9rents du syndicat des machinistes (IAM), en gr\u00e8ve depuis le 4\u00a0ao\u00fbt&hellip;\n","protected":false},"author":2,"featured_media":492126,"comment_status":"","ping_status":"","sticky":false,"template":"","format":"standard","meta":{"footnotes":""},"categories":[2],"tags":[47,11,888,73,1011,27,6151,61494,12,25,104],"class_list":{"0":"post-492125","1":"post","2":"type-post","3":"status-publish","4":"format-standard","5":"has-post-thumbnail","7":"category-actualites","8":"tag-actualite","9":"tag-actualites","10":"tag-boeing","11":"tag-etats-unis","12":"tag-fr","13":"tag-france","14":"tag-greve","15":"tag-missouri","16":"tag-news","17":"tag-republique-francaise","18":"tag-societe"},"share_on_mastodon":{"url":"https:\/\/pubeurope.com\/@fr\/115443188835836871","error":""},"_links":{"self":[{"href":"https:\/\/www.europesays.com\/fr\/wp-json\/wp\/v2\/posts\/492125","targetHints":{"allow":["GET"]}}],"collection":[{"href":"https:\/\/www.europesays.com\/fr\/wp-json\/wp\/v2\/posts"}],"about":[{"href":"https:\/\/www.europesays.com\/fr\/wp-json\/wp\/v2\/types\/post"}],"author":[{"embeddable":true,"href":"https:\/\/www.europesays.com\/fr\/wp-json\/wp\/v2\/users\/2"}],"replies":[{"embeddable":true,"href":"https:\/\/www.europesays.com\/fr\/wp-json\/wp\/v2\/comments?post=492125"}],"version-history":[{"count":0,"href":"https:\/\/www.europesays.com\/fr\/wp-json\/wp\/v2\/posts\/492125\/revisions"}],"wp:featuredmedia":[{"embeddable":true,"href":"https:\/\/www.europesays.com\/fr\/wp-json\/wp\/v2\/media\/492126"}],"wp:attachment":[{"href":"https:\/\/www.europesays.com\/fr\/wp-json\/wp\/v2\/media?parent=492125"}],"wp:term":[{"taxonomy":"category","embeddable":true,"href":"https:\/\/www.europesays.com\/fr\/wp-json\/wp\/v2\/categories?post=492125"},{"taxonomy":"post_tag","embeddable":true,"href":"https:\/\/www.europesays.com\/fr\/wp-json\/wp\/v2\/tags?post=492125"}],"curies":[{"name":"wp","href":"https:\/\/api.w.org\/{rel}","templated":true}]}}