{"id":492128,"date":"2025-10-27T00:02:11","date_gmt":"2025-10-27T00:02:11","guid":{"rendered":"https:\/\/www.europesays.com\/fr\/492128\/"},"modified":"2025-10-27T00:02:11","modified_gmt":"2025-10-27T00:02:11","slug":"royan-encore-trop-juste-pour-enchainer","status":"publish","type":"post","link":"https:\/\/www.europesays.com\/fr\/492128\/","title":{"rendered":"Royan encore trop juste pour encha\u00eener"},"content":{"rendered":"<p>Entre deux formations pas forc\u00e9ment au m\u00eame stade de comp\u00e9titivit\u00e9, la d\u00e9faite des Royannais, samedi 25\u00a0octobre \u00e0 Cambrai (3-0), \u00e9tait quelque peu logique, comme le conc\u00e9dait l\u2019entra\u00eeneur des Pirates Gr\u00e9gory Alleix.<\/p>\n<p>\u00ab\u00a0La marche \u00e9tait haute compte tenu du fait que Cambrai est bien plus avanc\u00e9 sur nous en termes de rythme et d\u2019intensit\u00e9\u00a0\u00bb. Apr\u00e8s le soulagement de mardi avec en guise d\u2019ouverture une victoire pleine de promesses contre Rennes (3-1), le RAVB s\u2019est vite rendu compte que face \u00e0 une adversit\u00e9 bien sup\u00e9rieure, ses errements du moment reviennent comme un boomerang.<\/p>\n<p>Diop en manque de rythme<\/p>\n<p>Contre le co-leader du championnat, qui fait figure de favori cette saison pour remonter au plus haut niveau, les Maritimes n\u2019ont jamais vraiment pu croire en leurs chances. La faute \u00e0 des Cambr\u00e9siens au jeu l\u00e9ch\u00e9 et \u00e0 des automatismes d\u00e9j\u00e0 bien cr\u00e9\u00e9s, tout le contraire du RAVB, qui \u00e9tait sur un fil d\u00e8s la premi\u00e8re manche (16-8, 21-15, 25-18).<\/p>\n<p>Ses temps faibles trop r\u00e9currents sonnaient comme un point de non-retour au cours de la deuxi\u00e8me manche, o\u00f9 quelques trous d\u2019air offraient \u00e0 Cambrai l\u2019occasion de s\u00e9curiser ses arri\u00e8res (12-11, 15-11, 21-17, 25-22). Malgr\u00e9 ces vents contraires, les Royannais n\u2019abdiquaient pas pour autant, tentant de se sublimer, \u00e0 l\u2019instar de Cheikh Diop, pr\u00e9serv\u00e9 mardi dernier, mais rien n\u2019y faisait (14-14, 19-17, 25-21). \u00ab\u00a0L\u2019\u00e9quipe de Cambrai fait un tr\u00e8s gros match et nous ne nous \u00e9tions pas forc\u00e9ment pr\u00eats pour r\u00e9pondre \u00e0 cette intensit\u00e9, ils sont en avance sur nous sur beaucoup de compartiments du jeu\u00a0\u00bb, soulignait sans d\u00e9tour Gr\u00e9gory Alleix.<\/p>\n<p>La semaine de pr\u00e9paration ne sera pas de trop pour travailler sur la r\u00e9ception de Saint-Quentin, leader du championnat avec aucun set encore conc\u00e9d\u00e9. Un nouveau gros test en perspective, samedi 1er\u00a0novembre \u00e0 20\u00a0heures.<\/p>\n<p>    Cambrai 3 &#8211; Royan 0<br \/>\n<strong>Lieu<\/strong>\u00a0Cambrai (salle Jean-Marie-Vanpoulle) <strong>Spectateurs<\/strong>\u00a0550\u00a0<strong>Arbitres<\/strong>\u00a0MM. Ho et Haboul\u00a0<strong>Sets<\/strong>\u00a025-18 (27\u2019), 25-22 (29\u2019), 25-21 (30\u2019)<br \/><strong>CAMBRAI<\/strong>\u00a0Pepin (9 pts), Rosler (5), Lalisse (12), Bolzani Silva (19), Medeiros Da Silva (3), Brink (3).\u00a0<strong>ROYAN<\/strong>\u00a0Guelle (1), Bernard (4), Matheus Faustino (7), Diop (11), Lallemand (11), Kofane Boyomo (11).<\/p>\n","protected":false},"excerpt":{"rendered":"Entre deux formations pas forc\u00e9ment au m\u00eame stade de comp\u00e9titivit\u00e9, la d\u00e9faite des Royannais, samedi 25\u00a0octobre \u00e0 Cambrai&hellip;\n","protected":false},"author":2,"featured_media":492129,"comment_status":"","ping_status":"","sticky":false,"template":"","format":"standard","meta":{"footnotes":""},"categories":[1417],"tags":[1011,27,60,1470,1469],"class_list":{"0":"post-492128","1":"post","2":"type-post","3":"status-publish","4":"format-standard","5":"has-post-thumbnail","7":"category-volley","8":"tag-fr","9":"tag-france","10":"tag-sports","11":"tag-volley","12":"tag-volleyball"},"share_on_mastodon":{"url":"https:\/\/pubeurope.com\/@fr\/115443200463066260","error":""},"_links":{"self":[{"href":"https:\/\/www.europesays.com\/fr\/wp-json\/wp\/v2\/posts\/492128","targetHints":{"allow":["GET"]}}],"collection":[{"href":"https:\/\/www.europesays.com\/fr\/wp-json\/wp\/v2\/posts"}],"about":[{"href":"https:\/\/www.europesays.com\/fr\/wp-json\/wp\/v2\/types\/post"}],"author":[{"embeddable":true,"href":"https:\/\/www.europesays.com\/fr\/wp-json\/wp\/v2\/users\/2"}],"replies":[{"embeddable":true,"href":"https:\/\/www.europesays.com\/fr\/wp-json\/wp\/v2\/comments?post=492128"}],"version-history":[{"count":0,"href":"https:\/\/www.europesays.com\/fr\/wp-json\/wp\/v2\/posts\/492128\/revisions"}],"wp:featuredmedia":[{"embeddable":true,"href":"https:\/\/www.europesays.com\/fr\/wp-json\/wp\/v2\/media\/492129"}],"wp:attachment":[{"href":"https:\/\/www.europesays.com\/fr\/wp-json\/wp\/v2\/media?parent=492128"}],"wp:term":[{"taxonomy":"category","embeddable":true,"href":"https:\/\/www.europesays.com\/fr\/wp-json\/wp\/v2\/categories?post=492128"},{"taxonomy":"post_tag","embeddable":true,"href":"https:\/\/www.europesays.com\/fr\/wp-json\/wp\/v2\/tags?post=492128"}],"curies":[{"name":"wp","href":"https:\/\/api.w.org\/{rel}","templated":true}]}}