{"id":49213,"date":"2025-04-24T13:00:08","date_gmt":"2025-04-24T13:00:08","guid":{"rendered":"https:\/\/www.europesays.com\/fr\/49213\/"},"modified":"2025-04-24T13:00:08","modified_gmt":"2025-04-24T13:00:08","slug":"voici-la-date-de-fin-et-ce-qui-devrait-les-remplacer-selon-nokia","status":"publish","type":"post","link":"https:\/\/www.europesays.com\/fr\/49213\/","title":{"rendered":"voici la date de fin et ce qui devrait les remplacer selon Nokia"},"content":{"rendered":"<p>        Montrer le sommaire<br \/>\n        Cacher le sommaire <\/p>\n<p>Si nous pensons que les t\u00e9l\u00e9phones portables sont indispensables, d\u2019autres entrevoient d\u00e9j\u00e0 un monde o\u00f9 ils n\u2019existent plus. Bien \u00e9videmment,<strong> un tel monde nous semble difficile \u00e0 imaginer<\/strong>. Apr\u00e8s tout, les smartphones nous accompagnent tout au long de la journ\u00e9e.<\/p>\n<p>Ce n\u2019est pas la premi\u00e8re fois que nous abordons ce sujet sur Nuit France. En effet, <strong>nous vous avons d\u00e9j\u00e0 partag\u00e9 <a href=\"https:\/\/www.nuitfrance.fr\/a-la-une\/197378-mark-zuckerberg-confirme-la-fin-des-telephones-portables-ils-seront-remplaces-par-cet-appareil\/\" target=\"_blank\" rel=\"noopener\">les pr\u00e9visions de Mark Zuckerberg<\/a> concernant le futur du t\u00e9l\u00e9phone portable<\/strong>. Or, l\u2019entreprise Nokia, pionni\u00e8re des t\u00e9l\u00e9communications, partage cette analyse.\n<\/p>\n<p><strong>Bient\u00f4t la fin des t\u00e9l\u00e9phones portables ?<\/strong><\/p>\n<p>Pour Nokia, la fin des t\u00e9l\u00e9phones portables est proche. <strong>D\u2019ici 2030, l\u2019entreprise estime que d\u2019autres technologies les remplaceront peu \u00e0 peu.<\/strong> Deux technologies immersives, notamment, devraient se d\u00e9velopper <a href=\"https:\/\/www.nuitfrance.fr\/actualite\/192277-bientot-la-fin-des-telephones-portables-mark-zuckerberg-devoile-pourquoi-ils-deviendront-obsoletes\/\" target=\"_blank\" rel=\"noopener\">et se d\u00e9mocratiser<\/a>. Dans un premier temps, la r\u00e9alit\u00e9 augment\u00e9e, et dans un second temps le m\u00e9tavers.<\/p>\n<p>Cette \u00e9volution, nous avons du mal \u00e0 l\u2019envisager aujourd\u2019hui. Apr\u00e8s tout,<strong> les t\u00e9l\u00e9phones portables sont d\u00e9sormais abordables et s\u2019enrichissent de <a href=\"https:\/\/www.nuitfrance.fr\/actualite\/198200-le-wangiri-debarque-en-france-la-dangereuse-arnaque-qui-sinfiltre-sur-les-telephones-portables\/\" target=\"_blank\" rel=\"noopener\">nouvelles fonctionnalit\u00e9s<\/a><\/strong>. Mais Nishant Batra, directeur de la strat\u00e9gie et de la technologie chez Nokia, explique comment cette transition prendra place.<\/p>\n<p><a class=\"related-article simple\" href=\"https:\/\/www.nuitfrance.fr\/a-la-une\/197378-mark-zuckerberg-confirme-la-fin-des-telephones-portables-ils-seront-remplaces-par-cet-appareil\/\" target=\"_blank\" rel=\"noopener\"><br \/>\n                        \u00c0 voir<br \/>\n                        Mark Zuckerberg confirme la fin des t\u00e9l\u00e9phones portables: ils seront remplac\u00e9s par cet appareil<\/p>\n<p>                        <\/a><\/p>\n<p>Pour lui, les appareils de r\u00e9alit\u00e9 virtuelle et augment\u00e9e seront de plus en plus accessibles. En outre, <strong>la technologie <a href=\"https:\/\/www.nuitfrance.fr\/actualite\/197892-la-nouvelle-arnaque-bancaire-qui-debarque-sur-les-telephones-portables-est-tres-dangereuse\/\" target=\"_blank\" rel=\"noopener\">continuera de se perfectionner<\/a><\/strong>. Les connexions sans fil seront ultra-rapides, notamment gr\u00e2ce \u00e0 l\u2019arriv\u00e9e prochaine de la 6G.\n<\/p>\n<p>De plus, le m\u00e9tavers, qui fusionne r\u00e9alit\u00e9 physique et virtuelle, promet de transformer non seulement la communication, mais aussi la fa\u00e7on de travailler, d\u2019apprendre et de se divertir.<\/p>\n<p>\u00ab<strong>\u202fNotre conviction est que le t\u00e9l\u00e9phone portable sera d\u00e9pass\u00e9 par une exp\u00e9rience m\u00e9tavers dans la seconde moiti\u00e9 de la d\u00e9cennie<\/strong>\u202f\u00bb, d\u00e9clare Nishant Batra (Okdario).\n<\/p>\n<p><strong>Une \u00e9volution majeure \u00e0 venir<\/strong><\/p>\n<p>Cette possible disparition des t\u00e9l\u00e9phones portables ne se limite pas \u00e0 un simple changement d\u2019appareil. <strong>Elle implique une red\u00e9finition profonde des usages num\u00e9riques<\/strong>\u202f: de nombreux m\u00e9tiers et services reposent aujourd\u2019hui sur les applications mobiles, de la messagerie instantan\u00e9e \u00e0 la gestion de projet.\n<\/p>\n<p>L\u2019\u00e9mergence de la r\u00e9alit\u00e9 augment\u00e9e et du m\u00e9tavers va n\u00e9cessiter de nouvelles comp\u00e9tences, <strong>une adaptation des entreprises<\/strong> et une transformation des habitudes de communication et de formation.<\/p>\n<p><a class=\"related-article simple\" href=\"https:\/\/www.nuitfrance.fr\/actualite\/195689-mark-zuckerberg-va-tuer-les-telephones-portables-ils-resteront-plus-longtemps-dans-votre-poche\/\" target=\"_blank\" rel=\"noopener\"><br \/>\n                        \u00c0 voir<br \/>\n                        Mark Zuckerberg va tuer les t\u00e9l\u00e9phones portables: \u00ab\u00a0Ils resteront plus longtemps dans votre poche\u00a0\u00bb<\/p>\n<p>                        <\/a><\/p>\n<p>Apple, Xiaomi ou encore Meta (Facebook) investissent massivement dans le d\u00e9veloppement de lunettes connect\u00e9es et de dispositifs immersifs. <strong>Mark Zuckerberg, PDG de Meta, partage la vision de Nokia\u202f: selon lui, les lunettes de r\u00e9alit\u00e9 augment\u00e9e deviendront la prochaine grande plateforme technologique.<\/strong>\n<\/p>\n<p>Pour lui, cela ne fait aucun doute : les t\u00e9l\u00e9phones portables vont dispara\u00eetre. <strong>La raison est simple : les constructeurs ne peuvent pas aller plus loin. Ils ont atteint les limites.<\/strong>\n<\/p>\n<p><strong>Vers un monde sans smartphone ?<\/strong><\/p>\n<p>Si le t\u00e9l\u00e9phone portable reste aujourd\u2019hui indispensable, tout indique que son r\u00e8gne touche \u00e0 sa fin. D\u2019ici la fin de la d\u00e9cennie, <strong>nous pourrions assister \u00e0 une adoption massive de dispositifs AR\/VR.<\/strong><\/p>\n<p>Il existe d\u00e9j\u00e0, par exemple, des lunettes connect\u00e9es disponibles \u00e0 la vente. Nous pensons \u00e0 la paire de <strong>Ray-Ban Stories<\/strong> (en partenariat avec Meta), \u00e0 <strong>Amazon Echo Frames<\/strong> ou encore aux <strong>Vuzix Smart Glasses<\/strong>.\n<\/p>\n<p>Pour le moment, les t\u00e9l\u00e9phones portables r\u00e8gnent en ma\u00eetre. Ces lunettes ne profitent effectivement pas d\u2019un engouement mondial. Pour autant, les g\u00e9ants de la communication travaillent d\u00e9j\u00e0 sur cette transition. Ainsi, <strong>pr\u00e9parez-vous : le futur de la communication sera immersif, interactif et bien plus int\u00e9gr\u00e9 \u00e0 notre quotidien que jamais.<\/strong><\/p>\n","protected":false},"excerpt":{"rendered":"Montrer le sommaire Cacher le sommaire Si nous pensons que les t\u00e9l\u00e9phones portables sont indispensables, d\u2019autres entrevoient d\u00e9j\u00e0&hellip;\n","protected":false},"author":2,"featured_media":49214,"comment_status":"","ping_status":"","sticky":false,"template":"","format":"standard","meta":{"footnotes":""},"categories":[7],"tags":[1011,27,43,40,41,39,42,44,7225],"class_list":{"0":"post-49213","1":"post","2":"type-post","3":"status-publish","4":"format-standard","5":"has-post-thumbnail","7":"category-sciences-et-technologies","8":"tag-fr","9":"tag-france","10":"tag-science","11":"tag-science-and-technology","12":"tag-sciences","13":"tag-sciences-et-technologies","14":"tag-technologies","15":"tag-technology","16":"tag-telephones-portables"},"share_on_mastodon":{"url":"https:\/\/pubeurope.com\/@fr\/114393069876334462","error":""},"_links":{"self":[{"href":"https:\/\/www.europesays.com\/fr\/wp-json\/wp\/v2\/posts\/49213","targetHints":{"allow":["GET"]}}],"collection":[{"href":"https:\/\/www.europesays.com\/fr\/wp-json\/wp\/v2\/posts"}],"about":[{"href":"https:\/\/www.europesays.com\/fr\/wp-json\/wp\/v2\/types\/post"}],"author":[{"embeddable":true,"href":"https:\/\/www.europesays.com\/fr\/wp-json\/wp\/v2\/users\/2"}],"replies":[{"embeddable":true,"href":"https:\/\/www.europesays.com\/fr\/wp-json\/wp\/v2\/comments?post=49213"}],"version-history":[{"count":0,"href":"https:\/\/www.europesays.com\/fr\/wp-json\/wp\/v2\/posts\/49213\/revisions"}],"wp:featuredmedia":[{"embeddable":true,"href":"https:\/\/www.europesays.com\/fr\/wp-json\/wp\/v2\/media\/49214"}],"wp:attachment":[{"href":"https:\/\/www.europesays.com\/fr\/wp-json\/wp\/v2\/media?parent=49213"}],"wp:term":[{"taxonomy":"category","embeddable":true,"href":"https:\/\/www.europesays.com\/fr\/wp-json\/wp\/v2\/categories?post=49213"},{"taxonomy":"post_tag","embeddable":true,"href":"https:\/\/www.europesays.com\/fr\/wp-json\/wp\/v2\/tags?post=49213"}],"curies":[{"name":"wp","href":"https:\/\/api.w.org\/{rel}","templated":true}]}}