{"id":492130,"date":"2025-10-27T00:03:13","date_gmt":"2025-10-27T00:03:13","guid":{"rendered":"https:\/\/www.europesays.com\/fr\/492130\/"},"modified":"2025-10-27T00:03:13","modified_gmt":"2025-10-27T00:03:13","slug":"georges-henri-colombe-toulouse-evacue-sur-civiere-apres-un-deblayage-de-maa-nonu","status":"publish","type":"post","link":"https:\/\/www.europesays.com\/fr\/492130\/","title":{"rendered":"Georges-Henri Colombe (Toulouse) \u00e9vacu\u00e9 sur civi\u00e8re apr\u00e8s un d\u00e9blayage de Ma&rsquo;a Nonu"},"content":{"rendered":"<p>            Par<br \/>\n        <strong><br \/>\n            <a href=\"https:\/\/actu.fr\/auteur\/saintsevin-justine\" title=\"Consulter tous les articles de Justine Saint-Sevin\" target=\"_blank\" rel=\"noopener\">Justine Saint-Sevin<\/a><br \/>\n        <\/strong><\/p>\n<p>        Publi\u00e9 le<\/p>\n<p>            26 oct. 2025 \u00e0 23h10        <\/p>\n<p>L\u2019image est impressionnante\u2009: voir un colosse tel que le pilier droit de <a href=\"https:\/\/actu.fr\/tag\/stade-toulousain\" target=\"_blank\" rel=\"noopener\">Toulouse<\/a> <strong>Georges-Henri Colombe<\/strong> finir sur les fesses apr\u00e8s un d\u00e9blayage n\u2019a rien de commune. Malheureusement, il ne s\u2019en est pas relev\u00e9 et a \u00e9t\u00e9 \u00e9vacu\u00e9 sur civi\u00e8re visiblement touch\u00e9 aux cervicales, non sans rassurer son monde en levant le pouce. Elle restera l\u2019une des images cl\u00e9s de choc final de la 8e journ\u00e9e de <a href=\"https:\/\/actu.fr\/rugby\/top-14\" target=\"_blank\" rel=\"noopener\">Top\u00a014<\/a> entre Toulouse et Toulon, largement remport\u00e9 par les hommes d\u2019Ugo Mola (59-24).<\/p>\n<p class=\" wall-content\">Le contact, initi\u00e9 par le trois-quart centre n\u00e9o-z\u00e9landais <strong>Ma\u2019a Nonu<\/strong>, a eu lieu \u00e0 l\u2019heure de jeu. Toulouse, qui menait alors 38-10, tentait de chiper le ballon dans un ruck. Ma\u2019a Nonu a d\u00e9barqu\u00e9 pour faire le m\u00e9nage, dans une attitude d\u2019abord jug\u00e9e loyale par le trio arbitral.<\/p>\n<p>Des cartons qui ont plomb\u00e9 le RCT<\/p>\n<p class=\" wall-content\">Apr\u00e8s le visionnage de plusieurs angles, la sanction a \u00e9t\u00e9 arr\u00eat\u00e9e \u00e0 un carton jaune. La raison\u2009? \u00ab\u2009Un contact flagrant t\u00eate \u00e9paule avec deux circonstances att\u00e9nuantes, il est g\u00ean\u00e9 par un plaqueur au sol et il tente d\u2019enserrer\u2009\u00bb son adversaire.<\/p>\n<p class=\" wall-content\">Il s\u2019agissait d\u00e9j\u00e0 du deuxi\u00e8me carton inflig\u00e9 aux Varois apr\u00e8s celui de Rebbadj (28e). \u00c0 chaque fois, l\u2019inf\u00e9riorit\u00e9 num\u00e9rique a \u00e9t\u00e9 sanctionn\u00e9e dans la foul\u00e9e. D\u2019abord par un essai de Julien Marchand (17-3, 29e), puis par celui de l\u2019in\u00e9vitable Juan Cruz Mallia (62e), auteur d\u2019un tripl\u00e9. En tout, le RCT a r\u00e9colt\u00e9 trois cartons jaunes (Quere-Karaba, 73e), bien trop pour esp\u00e9rer ramener des points du Stadium.<\/p>\n<p class=\" wall-content\">Personnalisez votre actualit\u00e9 en ajoutant vos villes et m\u00e9dias en favori avec <a href=\"https:\/\/moncompte.actu.fr\" title=\"D\u00e9couvez Mon Actu\" rel=\"nofollow noopener\" data-trk=\"{&quot;cta&quot;:{&quot;action&quot;:&quot;https:\\\/\\\/moncompte.actu.fr&quot;,&quot;category&quot;:&quot;mon compte&quot;,&quot;from&quot;:&quot;article footer&quot;,&quot;name&quot;:&quot;Mon actu&quot;,&quot;type&quot;:&quot;cta&quot;}}\" target=\"_blank\">Mon Actu<\/a>.<\/p>\n","protected":false},"excerpt":{"rendered":"Par Justine Saint-Sevin Publi\u00e9 le 26 oct. 2025 \u00e0 23h10 L\u2019image est impressionnante\u2009: voir un colosse tel que&hellip;\n","protected":false},"author":2,"featured_media":492131,"comment_status":"","ping_status":"","sticky":false,"template":"","format":"standard","meta":{"footnotes":""},"categories":[1416],"tags":[1011,27,6717,479,1468,60,476,478],"class_list":{"0":"post-492130","1":"post","2":"type-post","3":"status-publish","4":"format-standard","5":"has-post-thumbnail","7":"category-rugby","8":"tag-fr","9":"tag-france","10":"tag-rct-rugby-club-toulonnais","11":"tag-rugby","12":"tag-rugby-football","13":"tag-sports","14":"tag-stade-toulousain","15":"tag-top-14"},"share_on_mastodon":{"url":"https:\/\/pubeurope.com\/@fr\/115443204364630209","error":""},"_links":{"self":[{"href":"https:\/\/www.europesays.com\/fr\/wp-json\/wp\/v2\/posts\/492130","targetHints":{"allow":["GET"]}}],"collection":[{"href":"https:\/\/www.europesays.com\/fr\/wp-json\/wp\/v2\/posts"}],"about":[{"href":"https:\/\/www.europesays.com\/fr\/wp-json\/wp\/v2\/types\/post"}],"author":[{"embeddable":true,"href":"https:\/\/www.europesays.com\/fr\/wp-json\/wp\/v2\/users\/2"}],"replies":[{"embeddable":true,"href":"https:\/\/www.europesays.com\/fr\/wp-json\/wp\/v2\/comments?post=492130"}],"version-history":[{"count":0,"href":"https:\/\/www.europesays.com\/fr\/wp-json\/wp\/v2\/posts\/492130\/revisions"}],"wp:featuredmedia":[{"embeddable":true,"href":"https:\/\/www.europesays.com\/fr\/wp-json\/wp\/v2\/media\/492131"}],"wp:attachment":[{"href":"https:\/\/www.europesays.com\/fr\/wp-json\/wp\/v2\/media?parent=492130"}],"wp:term":[{"taxonomy":"category","embeddable":true,"href":"https:\/\/www.europesays.com\/fr\/wp-json\/wp\/v2\/categories?post=492130"},{"taxonomy":"post_tag","embeddable":true,"href":"https:\/\/www.europesays.com\/fr\/wp-json\/wp\/v2\/tags?post=492130"}],"curies":[{"name":"wp","href":"https:\/\/api.w.org\/{rel}","templated":true}]}}