{"id":492146,"date":"2025-10-27T00:15:13","date_gmt":"2025-10-27T00:15:13","guid":{"rendered":"https:\/\/www.europesays.com\/fr\/492146\/"},"modified":"2025-10-27T00:15:13","modified_gmt":"2025-10-27T00:15:13","slug":"faut-il-aller-voir-ce-film-danimation","status":"publish","type":"post","link":"https:\/\/www.europesays.com\/fr\/492146\/","title":{"rendered":"faut-il aller voir ce film d&rsquo;animation\u00a0?"},"content":{"rendered":"<p>            Par<br \/>\n        <strong><br \/>\n            <a href=\"https:\/\/actu.fr\/auteur\/redaction-toulouse\" title=\"Consulter tous les articles de R\u00e9daction de Toulouse\" rel=\"nofollow noopener\" target=\"_blank\">R\u00e9daction de Toulouse<\/a><br \/>\n        <\/strong><\/p>\n<p>        Publi\u00e9 le<\/p>\n<p>            26 oct. 2025 \u00e0 20h10        <\/p>\n<p>Encore <strong>un biopic<\/strong> me direz-vous ? Oui, \u00ab\u00a0Marcel et monsieur Pagnol\u00a0\u00bb est encore une histoire en grande partie authentique, une de ces histoires qui font croire en l\u2019Homme, en son g\u00e9nie, son courage, en une race en compl\u00e8te perdition. Alors, oui, encore<a href=\"https:\/\/actu.fr\/toulouse\/\" rel=\"nofollow noopener\" target=\"_blank\"> un biopic<\/a> qui nous am\u00e8ne ici en un flot de nostalgie vers des temps pas si anciens et pourtant sans \u00e9cho aujourd\u2019hui.<\/p>\n<p>Dans les pas de Marcel Pagnol<\/p>\n<p class=\" wall-content\">Le troisi\u00e8me long m\u00e9trage d\u2019animation de <strong>Sylvain Chomet<\/strong> est, cette fois, parlant. Et comment en serait-il autrement tant l\u2019accent marseillais fait partie int\u00e9grante de l\u2019univers de<strong> Marcel Pagnol<\/strong> (1895-1974).<\/p>\n<p class=\" wall-content\">Paris. 1956. Nous d\u00e9couvrons cet immense homme de lettres et de cin\u00e9ma d\u00e8s les premi\u00e8res images. Marcel Pagnol ne sait plus quoi \u00e9crire, d\u2019autant que sa derni\u00e8re pi\u00e8ce a eu un succ\u00e8s pour le moins mitig\u00e9. C\u2019est le moment que choisit le magazine Elle pour lui demander de nourrir dans ses pages un feuilleton autour de sa vie. Alors que l\u2019\u00e9crivain refuse, une petite voix se fait entendre. C\u2019est celle d\u2019un <strong>personnage fantastique<\/strong> faisant son apparition et qui n\u2019est autre que Marcel Pagnol enfant. C\u2019est lui qui va insuffler \u00e0 l\u2019\u00e9crivain vieillissant et par\u00e9 de toutes les gloires, la force de reprendre la plume de ses souvenirs.<\/p>\n<p>Une infinie po\u00e9sie\u00a0<\/p>\n<p class=\" wall-content\">Et nous voil\u00e0 entrain\u00e9s avec douceur, tendresse et une infinie po\u00e9sie, dans la vie et l\u2019\u0153uvre du c\u00e9l\u00e8bre natif d\u2019Aubagne. Nous allons in\u00e9vitablement, et avec un plaisir non dissimul\u00e9, retrouver <strong>Raimu<\/strong>, <strong>Fernandel<\/strong>, <strong>Orane Demazis<\/strong>, <strong>Pierre Tchernia<\/strong> ainsi que les amours plurielles du dramaturge, <strong>Augustine<\/strong>, <strong>Jacqueline<\/strong>\u2026<\/p>\n<p>Vid\u00e9os : en ce moment sur Actu<\/p>\n<p class=\" wall-content\">Nous sommes \u00e0 ses c\u00f4t\u00e9s lors des tournages, mais aussi lorsqu\u2019il refuse l\u2019appel du pied de l\u2019Occupant. Direction Marseille, o\u00f9 il va finalement<strong> fonder ses propres studios<\/strong>. Tr\u00e8s habilement Sylvain Chomet incruste dans son animation des extraits parmi les plus c\u00e9l\u00e8bres des films de Pagnol, dont la partie de cartes et le retour de Pomponnette. Des moments sublimes, suspendus dans l\u2019Histoire du 7e art et d\u2019un naturalisme d\u00e9vastateur.<\/p>\n<p class=\" wall-content\">Les couleurs de ce film virent plut\u00f4t au s\u00e9pia que vers un technicolor aveuglant, accompagnant ainsi la nostalgie qui ne peut que nous envahir face \u00e0 un tel monument. C\u2019est <strong>Laurent Lafitte<\/strong> qui pr\u00eate sa voix et son talent \u00e0 ce g\u00e9ant de la culture fran\u00e7aise.<\/p>\n<p>Votre r\u00e9gion, votre actu !<\/p>\n<p>Recevez chaque jour les infos qui comptent pour vous.<\/p>\n<p>\t<a href=\"https:\/\/actu.fr\/newsletter\" class=\"ac-btn ac-btn--corner ac-btn--medium ac-btn--blue800\" rel=\"nofollow noopener\" target=\"_blank\">S&rsquo;incrire<\/a><br \/>\nSylvain Chomet \u2013 Retour aux crayons gagnant<\/p>\n<p>Bachelier en Arts Plastiques en 1982, il a alors 19 ans, le jeune Sylvain obtient le prestigieux dipl\u00f4me de l\u2019atelier BD d\u2019Angoul\u00eame en 1987. Nomm\u00e9 aux C\u00e9sar et aux Oscar du meilleur court m\u00e9trage d\u2019animation en 1998 pour La Vieille dame et les pigeons, Sylvain Chomet se lance alors dans la r\u00e9alisation de son premier long : Les Triplettes de Belleville. Apr\u00e8s un court passage dans le film collectif en prises de vue r\u00e9elles : Paris, je t\u2019aime, il revient \u00e0 l\u2019animation avec L\u2019Illusionniste (C\u00e9sar du Meilleur film d\u2019animation 2011). En 2013, son film Attila Marcel, avec Guillaume Gouix, Anne Le Ny et Bernadette Lafont, est un succ\u00e8s unanime. Cela ne l\u2019\u2019emp\u00eache pas de reprendre son crayon et de nous offrir un dernier opus sublime de po\u00e9sie.<\/p>\n<p class=\" wall-content\"><strong>La bande-annonce :\u00a0<\/strong><\/p>\n<p class=\" wall-content\">\n<p class=\" wall-content\"><strong>Robert P\u00e9navayre<\/strong><\/p>\n<p class=\" wall-content\">Personnalisez votre actualit\u00e9 en ajoutant vos villes et m\u00e9dias en favori avec <a href=\"https:\/\/moncompte.actu.fr\" title=\"D\u00e9couvez Mon Actu\" rel=\"nofollow noopener\" data-trk=\"{&quot;cta&quot;:{&quot;action&quot;:&quot;https:\\\/\\\/moncompte.actu.fr&quot;,&quot;category&quot;:&quot;mon compte&quot;,&quot;from&quot;:&quot;article footer&quot;,&quot;name&quot;:&quot;Mon actu&quot;,&quot;type&quot;:&quot;cta&quot;}}\" target=\"_blank\">Mon Actu<\/a>.<\/p>\n","protected":false},"excerpt":{"rendered":"Par R\u00e9daction de Toulouse Publi\u00e9 le 26 oct. 2025 \u00e0 20h10 Encore un biopic me direz-vous ? Oui,&hellip;\n","protected":false},"author":2,"featured_media":492147,"comment_status":"","ping_status":"","sticky":false,"template":"","format":"standard","meta":{"footnotes":""},"categories":[1354],"tags":[650,58,59,1346,1011,27,1652,1360],"class_list":{"0":"post-492146","1":"post","2":"type-post","3":"status-publish","4":"format-standard","5":"has-post-thumbnail","7":"category-films","8":"tag-cinema","9":"tag-divertissement","10":"tag-entertainment","11":"tag-films","12":"tag-fr","13":"tag-france","14":"tag-loisirs-culture","15":"tag-movies"},"share_on_mastodon":{"url":"https:\/\/pubeurope.com\/@fr\/115443251595127254","error":""},"_links":{"self":[{"href":"https:\/\/www.europesays.com\/fr\/wp-json\/wp\/v2\/posts\/492146","targetHints":{"allow":["GET"]}}],"collection":[{"href":"https:\/\/www.europesays.com\/fr\/wp-json\/wp\/v2\/posts"}],"about":[{"href":"https:\/\/www.europesays.com\/fr\/wp-json\/wp\/v2\/types\/post"}],"author":[{"embeddable":true,"href":"https:\/\/www.europesays.com\/fr\/wp-json\/wp\/v2\/users\/2"}],"replies":[{"embeddable":true,"href":"https:\/\/www.europesays.com\/fr\/wp-json\/wp\/v2\/comments?post=492146"}],"version-history":[{"count":0,"href":"https:\/\/www.europesays.com\/fr\/wp-json\/wp\/v2\/posts\/492146\/revisions"}],"wp:featuredmedia":[{"embeddable":true,"href":"https:\/\/www.europesays.com\/fr\/wp-json\/wp\/v2\/media\/492147"}],"wp:attachment":[{"href":"https:\/\/www.europesays.com\/fr\/wp-json\/wp\/v2\/media?parent=492146"}],"wp:term":[{"taxonomy":"category","embeddable":true,"href":"https:\/\/www.europesays.com\/fr\/wp-json\/wp\/v2\/categories?post=492146"},{"taxonomy":"post_tag","embeddable":true,"href":"https:\/\/www.europesays.com\/fr\/wp-json\/wp\/v2\/tags?post=492146"}],"curies":[{"name":"wp","href":"https:\/\/api.w.org\/{rel}","templated":true}]}}