{"id":492157,"date":"2025-10-27T00:21:13","date_gmt":"2025-10-27T00:21:13","guid":{"rendered":"https:\/\/www.europesays.com\/fr\/492157\/"},"modified":"2025-10-27T00:21:13","modified_gmt":"2025-10-27T00:21:13","slug":"le-venezuela-annonce-larrestation-de-mercenaires-lies-a-la-cia","status":"publish","type":"post","link":"https:\/\/www.europesays.com\/fr\/492157\/","title":{"rendered":"le Venezuela annonce l\u2019arrestation de \u00abmercenaires\u00bb li\u00e9s \u00e0 la CIA"},"content":{"rendered":"<p>\n    Apr\u00e8s la visite d\u2019un navire de guerre am\u00e9ricain \u00e0 Trinit\u00e9-et-Tobago, Caracas a \u00e9galement d\u00e9nonc\u00e9 une \u00abprovocation militaire\u00bb pour \u00abprovoquer une guerre dans les Cara\u00efbes\u00bb.<\/p>\n<p class=\"fig-paragraph\">Le Venezuela a estim\u00e9 dimanche dans un communiqu\u00e9 que\u00a0<a href=\"http:\/\/www.lefigaro.fr\/international\/les-etats-unis-envoient-un-porte-avions-dans-les-caraibes-augmentant-la-pression-contre-le-venezuela-20251024\" target=\"_blank\" data-fig-type=\"Article\" rel=\"noopener\" data-gtm-custom-categorie=\"navigation\" data-gtm-custom-action=\"crossclick\" data-gtm-custom-label=\"Contextuel\" data-gtm-event=\"customEventSPE\" data-fig-domain=\"LEFIGARO\">la visite du navire de guerre am\u00e9ricain USS Gravely \u00e0 Trinit\u00e9-et-Tobago<\/a>\u00a0et les exercices militaires pr\u00e9vus dans le petit archipel carib\u00e9en sont \u00abune provocation\u00bb, tout en annon\u00e7ant l\u2019arrestation de mercenaires qu\u2019il dit li\u00e9s \u00e0 la CIA. \u00abLe Venezuela d\u00e9nonce une provocation militaire de Trinit\u00e9-et-Tobago en coordination avec la CIA pour provoquer une guerre dans les Cara\u00efbes\u00bb, selon le texte du gouvernement.<\/p>\n<p class=\"fig-paragraph\">\u00abLa R\u00e9publique bolivarienne du Venezuela d\u00e9nonce devant la communaut\u00e9 internationale la dangereuse r\u00e9alisation \u2019d\u2019exercices militaires\u2019 par le gouvernement de Trinit\u00e9-et-Tobago entre le 26 et le 30 de ce mois, sous la coordination, le financement et le contr\u00f4le du Commandement Sud des \u00c9tats-Unis, une action qui constitue une provocation hostile contre le Venezuela et une grave menace pour la paix dans les Cara\u00efbes\u00bb, poursuit le texte.<\/p>\n<p>                                    <a class=\"fig-a11y-skip a11y-hidden\" href=\"#fig-a11y-skip-main-inarticle\"><br \/>\n        Passer la publicit\u00e9<br \/>\n    <\/a><\/p>\n<p class=\"fig-paragraph\">Caracas, qui annonce r\u00e9guli\u00e8rement avoir d\u00e9mantel\u00e9 des complots r\u00e9els ou imaginaires, assure avoir \u00abcaptur\u00e9 un groupe de mercenaires avec des informations directes de l\u2019agence de renseignement am\u00e9ricaine, la CIA, permettant de d\u00e9terminer qu\u2019une attaque sous faux drapeau est en cours depuis les eaux frontali\u00e8res avec Trinit\u00e9-et-Tobago, ou depuis le territoire m\u00eame de Trinit\u00e9-et-Tobago ou du Venezuela, visant \u00e0 g\u00e9n\u00e9rer un affrontement militaire complet contre notre pays\u00bb.<\/p>\n<p>Op\u00e9rations clandestines de la CIA<\/p>\n<p class=\"fig-paragraph\">La venue de l\u2019USS Gravely, ainsi qu\u2019une unit\u00e9 de marines, pour des exercices avec l\u2019arm\u00e9e trinidadienne, avait \u00e9t\u00e9 annonc\u00e9e jeudi alors que le pr\u00e9sident am\u00e9ricain Donald Trump accentue sa pression sur son homologue v\u00e9n\u00e9zu\u00e9lien Nicol\u00e1s Maduro. Washington a d\u00e9ploy\u00e9 sept navires de guerre dans les Cara\u00efbes et un dans le Golfe du Mexique, officiellement dans le cadre d\u2019une op\u00e9ration contre le narcotrafic, visant particuli\u00e8rement le Venezuela et son pr\u00e9sident Nicol\u00e1s Maduro. Le pr\u00e9sident Trump, qui a annonc\u00e9 l\u2019arriv\u00e9e d\u2019un porte-avions, a aussi reconnu la semaine derni\u00e8re avoir autoris\u00e9 des op\u00e9rations clandestines de la CIA au Venezuela.<\/p>\n<p class=\"fig-paragraph\">Les \u00c9tats-Unis m\u00e8nent depuis d\u00e9but septembre, essentiellement dans les eaux carib\u00e9ennes, des frappes a\u00e9riennes contre des embarcations pr\u00e9sent\u00e9es comme celles de narcotrafiquants. Jusque-l\u00e0, dix ont \u00e9t\u00e9 revendiqu\u00e9es. Elles ont tu\u00e9 au moins 43 personnes, selon un d\u00e9compte de l\u2019AFP bas\u00e9 sur des chiffres du gouvernement am\u00e9ricain.<\/p>\n<p class=\"fig-paragraph\">M. Maduro, qui r\u00e9fute les accusations de trafic de drogue, a accus\u00e9 vendredi les \u00c9tats-Unis d\u2019\u00abinventer une guerre \u00e9ternelle: ils ont promis de ne plus jamais entrer en guerre et ils inventent une guerre que nous allons \u00e9viter\u00bb. Il assure que les \u00c9tats-Unis cherchent \u00e0 le renverser pour s\u2019emparer des r\u00e9serves de p\u00e9trole du Venezuela. La premi\u00e8re ministre de Trinit\u00e9-et-Tobago, Kamla Persad-Bissessar, est une fervente soutien de Donald Trump, et a adopt\u00e9, d\u00e8s son accession au pouvoir en mai 2025, un discours virulent contre le pouvoir v\u00e9n\u00e9zu\u00e9lien ainsi que contre l\u2019immigration et la criminalit\u00e9 v\u00e9n\u00e9zu\u00e9lienne dans son pays.<\/p>\n","protected":false},"excerpt":{"rendered":"Apr\u00e8s la visite d\u2019un navire de guerre am\u00e9ricain \u00e0 Trinit\u00e9-et-Tobago, Caracas a \u00e9galement d\u00e9nonc\u00e9 une \u00abprovocation militaire\u00bb pour&hellip;\n","protected":false},"author":2,"featured_media":492158,"comment_status":"","ping_status":"","sticky":false,"template":"","format":"standard","meta":{"footnotes":""},"categories":[5],"tags":[1111,47,11,1109,1112,118,1108,107,1106,1107,1011,27,1110,1114,14,12,1113,316,28],"class_list":{"0":"post-492157","1":"post","2":"type-post","3":"status-publish","4":"format-standard","5":"has-post-thumbnail","7":"category-international","8":"tag-actu","9":"tag-actualite","10":"tag-actualites","11":"tag-breves","12":"tag-depeches","13":"tag-faits-divers","14":"tag-fil","15":"tag-fil-info","16":"tag-flash","17":"tag-flash-actu","18":"tag-fr","19":"tag-france","20":"tag-informations","21":"tag-infos","22":"tag-international","23":"tag-news","24":"tag-nouvelles","25":"tag-politique","26":"tag-world"},"share_on_mastodon":{"url":"https:\/\/pubeurope.com\/@fr\/115443275186578258","error":""},"_links":{"self":[{"href":"https:\/\/www.europesays.com\/fr\/wp-json\/wp\/v2\/posts\/492157","targetHints":{"allow":["GET"]}}],"collection":[{"href":"https:\/\/www.europesays.com\/fr\/wp-json\/wp\/v2\/posts"}],"about":[{"href":"https:\/\/www.europesays.com\/fr\/wp-json\/wp\/v2\/types\/post"}],"author":[{"embeddable":true,"href":"https:\/\/www.europesays.com\/fr\/wp-json\/wp\/v2\/users\/2"}],"replies":[{"embeddable":true,"href":"https:\/\/www.europesays.com\/fr\/wp-json\/wp\/v2\/comments?post=492157"}],"version-history":[{"count":0,"href":"https:\/\/www.europesays.com\/fr\/wp-json\/wp\/v2\/posts\/492157\/revisions"}],"wp:featuredmedia":[{"embeddable":true,"href":"https:\/\/www.europesays.com\/fr\/wp-json\/wp\/v2\/media\/492158"}],"wp:attachment":[{"href":"https:\/\/www.europesays.com\/fr\/wp-json\/wp\/v2\/media?parent=492157"}],"wp:term":[{"taxonomy":"category","embeddable":true,"href":"https:\/\/www.europesays.com\/fr\/wp-json\/wp\/v2\/categories?post=492157"},{"taxonomy":"post_tag","embeddable":true,"href":"https:\/\/www.europesays.com\/fr\/wp-json\/wp\/v2\/tags?post=492157"}],"curies":[{"name":"wp","href":"https:\/\/api.w.org\/{rel}","templated":true}]}}