{"id":492172,"date":"2025-10-27T00:45:16","date_gmt":"2025-10-27T00:45:16","guid":{"rendered":"https:\/\/www.europesays.com\/fr\/492172\/"},"modified":"2025-10-27T00:45:16","modified_gmt":"2025-10-27T00:45:16","slug":"pronostic-grenoble-foot-ea-guingamp-ligue-2","status":"publish","type":"post","link":"https:\/\/www.europesays.com\/fr\/492172\/","title":{"rendered":"Pronostic Grenoble Foot EA Guingamp &#8211; Ligue 2"},"content":{"rendered":"<p class=\"text-xs leading-5 text-gray-400 mb-2\">\n                        Publi\u00e9 le 26\/10\/2025 15:30<br \/>\n                        \u00a0par<br \/>\n                                                            <a href=\"https:\/\/www.sportytrader.com\/auteur\/steeven-occhipinti-1\/\" rel=\"nofollow noopener\" target=\"_blank\">Steeven Occhipinti<\/a><\/p>\n<p>                                                                                                            dans<br \/>\n                                <a data-trans=\"tips.published.competition %competition%\" href=\"https:\/\/www.sportytrader.com\/pronostics\/football\/france\/ligue-2-124\/\" rel=\"nofollow noopener\" target=\"_blank\"><br \/>\n                                    Pronostic Ligue 2<br \/>\n                                <\/a><\/p>\n<p style=\"text-align: justify;\">Durant le multiplex de la 12e journ\u00e9e de la Ligue 2, le Grenoble Foot 38 va d\u00e9fier l&rsquo;EA Guingamp au Stade des Alpes, ce mardi \u00e0 20h30. Dans cette premi\u00e8re partie de saison, le club grenoblois est loin de r\u00e9pondre aux attentes. Il n&rsquo;est qu&rsquo;\u00e0 la 15e place du classement, avec le m\u00eame nombre de points que le premier rel\u00e9gable. N&rsquo;ayant remport\u00e9 qu&rsquo;une seule de ses 6 pr\u00e9c\u00e9dentes journ\u00e9es, le GF38 a bien l&rsquo;intention de se relancer. L&rsquo;\u00e9quipe entra\u00een\u00e9e par\u00a0Franck Rizzetto peut esp\u00e9rer le faire devant ses fans. Elle se montre d&rsquo;ailleurs tr\u00e8s prolifique au Stade des Alpes, alors qu&rsquo;elle a marqu\u00e9 lors de 4 de ses 5 premi\u00e8res r\u00e9ceptions de la saison.<\/p>\n<p style=\"text-align: justify;\">L&rsquo;EA Guingamp reste toutefois tr\u00e8s bien ambitieux dans cet exercice. Il compte bien lutter pour disputer les barrages de mont\u00e9e. Ces derni\u00e8res semaines, le club guingampais a cependant pris du retard sur son objectif, puisqu&rsquo;il n&rsquo;est pas en tr\u00e8s grande forme. Il n&rsquo;a pris que 2 points lors de ses 3 derni\u00e8res journ\u00e9es. Apr\u00e8s des scores de parit\u00e9 contre l&rsquo;AS Nancy-Lorraine (2-2) et l&rsquo;US Boulogne (2-2), les hommes de Sylvain Ripoll ont \u00e9t\u00e9 battus face au Clermont Foot (0-1). Restant tr\u00e8s efficaces en d\u00e9placement, ils voudront se reprendre \u00e0 l&rsquo;issue de ce d\u00e9placement.<\/p>\n","protected":false},"excerpt":{"rendered":"Publi\u00e9 le 26\/10\/2025 15:30 \u00a0par Steeven Occhipinti dans Pronostic Ligue 2 Durant le multiplex de la 12e journ\u00e9e&hellip;\n","protected":false},"author":2,"featured_media":492173,"comment_status":"","ping_status":"","sticky":false,"template":"","format":"standard","meta":{"footnotes":""},"categories":[9566],"tags":[1111,11,2430,19062,1777,674,1011,27,2731,11705,446,12,1817,1821,25],"class_list":{"0":"post-492172","1":"post","2":"type-post","3":"status-publish","4":"format-standard","5":"has-post-thumbnail","7":"category-grenoble","8":"tag-actu","9":"tag-actualites","10":"tag-auvergne-rhone-alpes","11":"tag-ea-guingamp","12":"tag-eu","13":"tag-europe","14":"tag-fr","15":"tag-france","16":"tag-grenoble","17":"tag-grenoble-foot","18":"tag-ligue-2","19":"tag-news","20":"tag-pronostic","21":"tag-pronostics","22":"tag-republique-francaise"},"share_on_mastodon":{"url":"https:\/\/pubeurope.com\/@fr\/115443369490105844","error":""},"_links":{"self":[{"href":"https:\/\/www.europesays.com\/fr\/wp-json\/wp\/v2\/posts\/492172","targetHints":{"allow":["GET"]}}],"collection":[{"href":"https:\/\/www.europesays.com\/fr\/wp-json\/wp\/v2\/posts"}],"about":[{"href":"https:\/\/www.europesays.com\/fr\/wp-json\/wp\/v2\/types\/post"}],"author":[{"embeddable":true,"href":"https:\/\/www.europesays.com\/fr\/wp-json\/wp\/v2\/users\/2"}],"replies":[{"embeddable":true,"href":"https:\/\/www.europesays.com\/fr\/wp-json\/wp\/v2\/comments?post=492172"}],"version-history":[{"count":0,"href":"https:\/\/www.europesays.com\/fr\/wp-json\/wp\/v2\/posts\/492172\/revisions"}],"wp:featuredmedia":[{"embeddable":true,"href":"https:\/\/www.europesays.com\/fr\/wp-json\/wp\/v2\/media\/492173"}],"wp:attachment":[{"href":"https:\/\/www.europesays.com\/fr\/wp-json\/wp\/v2\/media?parent=492172"}],"wp:term":[{"taxonomy":"category","embeddable":true,"href":"https:\/\/www.europesays.com\/fr\/wp-json\/wp\/v2\/categories?post=492172"},{"taxonomy":"post_tag","embeddable":true,"href":"https:\/\/www.europesays.com\/fr\/wp-json\/wp\/v2\/tags?post=492172"}],"curies":[{"name":"wp","href":"https:\/\/api.w.org\/{rel}","templated":true}]}}