{"id":492180,"date":"2025-10-27T00:56:34","date_gmt":"2025-10-27T00:56:34","guid":{"rendered":"https:\/\/www.europesays.com\/fr\/492180\/"},"modified":"2025-10-27T00:56:34","modified_gmt":"2025-10-27T00:56:34","slug":"previsions-du-lundi-27-octobre-2025-2","status":"publish","type":"post","link":"https:\/\/www.europesays.com\/fr\/492180\/","title":{"rendered":"pr\u00e9visions du lundi 27 octobre 2025"},"content":{"rendered":"<p>Aujourd&rsquo;hui, \u00e0 Strasbourg, des nuages ne voudront pas c\u00e9der leur place au soleil. Les temp\u00e9ratures avoisineront les 10\u00b0C. Le soleil fera d\u00e9faut le matin, car le ciel sera couvert par des nuages. Du mauvais temps est \u00e0 pr\u00e9voir. De la pluie va tomber. Les valeurs s&rsquo;\u00e9chelonneront entre 8 et 9\u00b0C. Un vent de sud-ouest est attendu : il soufflera \u00e0 26 km\/h. L&rsquo;apr\u00e8s-midi se passera sous un ciel mitig\u00e9, rythm\u00e9 par de l\u00e9g\u00e8res averses. Les maximales atteindront les 12\u00b0C tandis que les minimales seront de 9\u00b0C. Des pluies \u00e9parses tomberont dans la soir\u00e9e. Le passage de lundi \u00e0 mardi s&rsquo;effectuera sous un ciel pluvieux.<\/p>\n<p>Encore de la grisaille demain. Les nuages vont s&rsquo;attarder sur Strasbourg. Les temp\u00e9ratures seront comprises entre 7 et 13\u00b0C. Une petite brise de sud-ouest sera ressentie par les habitants. Le matin, le soleil sera dissimul\u00e9 derri\u00e8re des nuages. Il fera 10\u00b0C en moyenne. Demain apr\u00e8s-midi, toujours des nuages dans le ciel qui emp\u00eachent le soleil de faire son apparition. Il faudra emporter son parapluie pour se prot\u00e9ger des pluies \u00e9parses. Les valeurs seront de 12\u00b0C au plus bas et de 13\u00b0C au maximum. La grisaille ne se dissipe toujours pas, il va y avoir encore des nuages demain soir. Des pluies \u00e9parses sont pr\u00e9vues. On pr\u00e9voit des temp\u00e9ratures avoisinant 11\u00b0C.<\/p>\n<p>Les conditions m\u00e9t\u00e9orologiques des journ\u00e9es suivantes vont s&rsquo;am\u00e9liorer. On s&rsquo;attend \u00e0 des journ\u00e9es ensoleill\u00e9es, avec des temp\u00e9ratures dans les 12\u00b0C en moyenne.<\/p>\n<p><\/p>\n","protected":false},"excerpt":{"rendered":"Aujourd&rsquo;hui, \u00e0 Strasbourg, des nuages ne voudront pas c\u00e9der leur place au soleil. Les temp\u00e9ratures avoisineront les 10\u00b0C.&hellip;\n","protected":false},"author":2,"featured_media":492181,"comment_status":"","ping_status":"","sticky":false,"template":"","format":"standard","meta":{"footnotes":""},"categories":[2820],"tags":[1111,11,1777,674,1011,27,775,12,2119,25,640],"class_list":{"0":"post-492180","1":"post","2":"type-post","3":"status-publish","4":"format-standard","5":"has-post-thumbnail","7":"category-strasbourg","8":"tag-actu","9":"tag-actualites","10":"tag-eu","11":"tag-europe","12":"tag-fr","13":"tag-france","14":"tag-grand-est","15":"tag-news","16":"tag-previsions-meteo","17":"tag-republique-francaise","18":"tag-strasbourg"},"share_on_mastodon":{"url":"https:\/\/pubeurope.com\/@fr\/115443412725416231","error":""},"_links":{"self":[{"href":"https:\/\/www.europesays.com\/fr\/wp-json\/wp\/v2\/posts\/492180","targetHints":{"allow":["GET"]}}],"collection":[{"href":"https:\/\/www.europesays.com\/fr\/wp-json\/wp\/v2\/posts"}],"about":[{"href":"https:\/\/www.europesays.com\/fr\/wp-json\/wp\/v2\/types\/post"}],"author":[{"embeddable":true,"href":"https:\/\/www.europesays.com\/fr\/wp-json\/wp\/v2\/users\/2"}],"replies":[{"embeddable":true,"href":"https:\/\/www.europesays.com\/fr\/wp-json\/wp\/v2\/comments?post=492180"}],"version-history":[{"count":0,"href":"https:\/\/www.europesays.com\/fr\/wp-json\/wp\/v2\/posts\/492180\/revisions"}],"wp:featuredmedia":[{"embeddable":true,"href":"https:\/\/www.europesays.com\/fr\/wp-json\/wp\/v2\/media\/492181"}],"wp:attachment":[{"href":"https:\/\/www.europesays.com\/fr\/wp-json\/wp\/v2\/media?parent=492180"}],"wp:term":[{"taxonomy":"category","embeddable":true,"href":"https:\/\/www.europesays.com\/fr\/wp-json\/wp\/v2\/categories?post=492180"},{"taxonomy":"post_tag","embeddable":true,"href":"https:\/\/www.europesays.com\/fr\/wp-json\/wp\/v2\/tags?post=492180"}],"curies":[{"name":"wp","href":"https:\/\/api.w.org\/{rel}","templated":true}]}}