{"id":492184,"date":"2025-10-27T00:59:27","date_gmt":"2025-10-27T00:59:27","guid":{"rendered":"https:\/\/www.europesays.com\/fr\/492184\/"},"modified":"2025-10-27T00:59:27","modified_gmt":"2025-10-27T00:59:27","slug":"la-question-de-mon-avenir-sest-deja-posee-depuis-tres-longtemps-apres-la-defaite-contre-nice-habib-beye-plus-menace-que-jamais-au-stade-rennais","status":"publish","type":"post","link":"https:\/\/www.europesays.com\/fr\/492184\/","title":{"rendered":"\u00ab\u00a0La question de mon avenir s\u2019est d\u00e9j\u00e0 pos\u00e9e depuis tr\u00e8s longtemps\u00a0\u00bb : apr\u00e8s la d\u00e9faite contre Nice, Habib Beye plus menac\u00e9 que jamais au Stade Rennais\u00a0?"},"content":{"rendered":"<p>Ligue 1 (9e journ\u00e9e). Stade Rennais &#8211; Nice 1-2<\/p>\n<p>Le Roazhon Park a-t-il siffl\u00e9 une derni\u00e8re fois Habib Beye ? Juste apr\u00e8s le coup de sifflet final, le \u00ab With or without you \u00bb du groupe U2 diffus\u00e9 dans le stade est-il pr\u00e9monitoire pour l\u2019avenir du technicien ? \u00ab La question de mon avenir s\u2019est d\u00e9j\u00e0 pos\u00e9e depuis tr\u00e8s longtemps\u2026 Elle s\u2019est pos\u00e9e depuis une, deux, trois semaines. Le ph\u00e9nom\u00e8ne est d\u00e9j\u00e0 l\u00e0 et, aujourd\u2019hui, la seule chose qui m\u2019int\u00e9resse, c\u2019est ce que je fais avec mon groupe au quotidien et la force que j\u2019ai, la passion que j\u2019ai, que cette \u00e9quipe soit performante et on sera l\u00e0 mercredi pour qu\u2019elle le soit. On va vite remonter \u00e0 cheval, repartir avec les intentions de cette deuxi\u00e8me mi-temps, vu un collectif tr\u00e8s fort \u00bb, indiquait le coach rennais en conf\u00e9rence de presse, avant de rejoindre, pr\u00e8s de la zone mixte, ses repr\u00e9sentants.<\/p>\n<p>La d\u00e9faite logique subie face \u00e0 des Ni\u00e7ois le fragilise un peu plus, lui qui est li\u00e9 au Stade Rennais jusqu\u2019en juin 2026, avec une prolongation annonc\u00e9e en cas de qualification europ\u00e9enne. Car m\u00eame si le deuxi\u00e8me acte a montr\u00e9 un Rennes enfin dans le vrai niveau intensit\u00e9, c\u0153ur et volont\u00e9 de faire mal offensivement, cette \u00e9quipe est beaucoup trop sur courant alternatif pour esp\u00e9rer mieux qu\u2019une saison dans le ventre mou. Elle n\u2019affiche pas les progr\u00e8s esp\u00e9r\u00e9s pour un club qui demeure ambitieux et <a href=\"https:\/\/www.letelegramme.fr\/sports\/football\/stade-rennais\/une-attaque-completement-reconstruite-lequipe-type-du-stade-rennais-apres-la-fin-du-mercato-6885893.php\" target=\"_blank\" rel=\"nofollow noopener\">qui a eu les moyens cet \u00e9t\u00e9 de se renforcer<\/a> et logiquement de se r\u00e9inventer, apr\u00e8s deux saisons chaotiques, avec la fin de l\u2019\u00e8re G\u00e9n\u00e9sio, le retour loup\u00e9 de Stephan et encore le couac Sampaoli.<\/p>\n<p>Embolo : \u00ab On joue avec un gros frein \u00e0 main \u00bb<\/p>\n<p>\u00ab On joue avec un gros frein \u00e0 main, et on doit essayer de le mettre de c\u00f4t\u00e9, parce qu\u2019il y a \u00e9norm\u00e9ment de qualit\u00e9, et ce club m\u00e9rite absolument un haut tableau. Le momentum n\u2019est pas de notre c\u00f4t\u00e9, on le sait, c\u2019est-\u00e0-dire que chaque m\u00e8tre, chaque danger, chaque petite touche se tourne contre nous \u00bb, a l\u00e2ch\u00e9, de son c\u00f4t\u00e9, Breel Embolo, reprenant une partie de la communication de son entra\u00eeneur.<\/p>\n<p>Qui, lui, avait pos\u00e9 que tout s\u2019\u00e9tait jou\u00e9 \u00e0 quelques centim\u00e8tres au Havre, pour l\u2019Helv\u00e8te, et pour Me\u00eft\u00e9 dimanche. \u00ab On n\u2019a pas encore eu de matchs r\u00e9f\u00e9rences, de matchs complets, du d\u00e9but \u00e0 la fin, <a href=\"https:\/\/www.letelegramme.fr\/sports\/football\/stade-rennais\/il-faut-plus-de-vice-dagressivite-dans-nos-zones-de-verite-au-stade-rennais-le-probleme-vient-de-la-defense-6916305.php\" target=\"_blank\" rel=\"nofollow noopener\">on a souvent des trous, je ne sais pas comment l\u2019expliquer.<\/a> Je peux vous assurer que, nous aussi, \u00e7a nous fait vraiment chier (sic). On travaille vraiment dur, on essaie de mettre toutes les chances de notre c\u00f4t\u00e9, mais pour l\u2019instant, \u00e7a ne nous suffit pas \u00bb, ajoutait Brice Samba, d\u00e9non\u00e7ant \u00ab des calomnies \u00bb sur les pr\u00e9tendues remises en cause de l\u2019autorit\u00e9 de Beye de sa part. \u00ab Le groupe n\u2019a pas l\u00e2ch\u00e9 (le coach). \u00c7a se voit dans la fa\u00e7on dont on se comporte sur le terrain. Si une \u00e9quipe est morte compl\u00e8tement, je ne pense pas qu\u2019elle ait cette r\u00e9action en deuxi\u00e8me : on est toujours derri\u00e8re le coach, on respecte ses consignes, on met en pratique ce qu\u2019il nous demande de faire. \u00bb<\/p>\n<p>Cette semaine, \u00e0 Toulouse mercredi et plus encore face \u00e0 Strasbourg dimanche, Habib Beye jouera un peu plus sa survie. \u00c0 moins que des d\u00e9cisions tombent dans les prochaines heures. Tout semble possible, comme trop souvent depuis deux ans.<\/p>\n<p class=\"titre-tech\">La fiche technique<\/p>\n<p class=\"tech\"><strong class=\"tech\">Arbitre <\/strong>: M. Bollengier.<\/p>\n<p class=\"tech\"><strong class=\"tech\">Spectateur <\/strong>: 27 658.<\/p>\n<p class=\"tech\"><strong class=\"tech\">BUTS<\/strong>. Rennes : A\u00eft-Boudlal (67\u2019) ; Nice : Diop (38\u2019), Clauss (45\u2019 + 1).<\/p>\n<p class=\"tech\"><strong class=\"tech\">Avertissements<\/strong>. Rennes : M. Camara (29\u2019), Frankowski (69\u2019), Dj. Ciss\u00e9 (78\u2019), Embolo (78\u2019), Beye (79\u2019), Samba (83\u2019) ; Nice : Vanhoutte (31\u2019), Louchet (66\u2019).<\/p>\n<p class=\"tech\"><strong class=\"tech\">RENNES<\/strong>. Samba &#8211; Seidu (Frankowski, 46\u2019), Jacquet, Brassier, Merlin (Me\u00eft\u00e9, 62\u2019) &#8211; Blas, M. Camara (Dj. Ciss\u00e9, 57\u2019), Rongier (cap.), Fofana (A\u00eft-Boudlal, 57\u2019) &#8211; Lepaul (Al-Tamari, 46\u2019), Embolo.<br \/>Non entr\u00e9s en jeu : Silistrie (g.), Nagida, Rouault, G. Kamara.<br \/>Entra\u00eeneur : Habib Beye.<\/p>\n<p class=\"tech\"><strong class=\"tech\">NICE<\/strong>. Diouf &#8211; Clauss (cap.) (Louchet, 46\u2019), Mendy, Oppong, Bard, El Abdi (Bah, 71\u2019) &#8211; Diop (Tiago Gouveia, 77\u2019), Abdul Samed (Sanson, 77\u2019), Vanhoutte, Boga &#8211; Kevin Carlos (Nguene, 60\u2019).<br \/>Non entr\u00e9s en jeu : Dup\u00e9 (g.), Ndombele, Jansson.<br \/>Entra\u00eeneur : Franck Haise.<\/p>\n","protected":false},"excerpt":{"rendered":"Ligue 1 (9e journ\u00e9e). Stade Rennais &#8211; Nice 1-2 Le Roazhon Park a-t-il siffl\u00e9 une derni\u00e8re fois Habib&hellip;\n","protected":false},"author":2,"featured_media":492185,"comment_status":"","ping_status":"","sticky":false,"template":"","format":"standard","meta":{"footnotes":""},"categories":[2819],"tags":[1111,11,1777,674,63,1011,27,66,12,2401,882,584,25,60,3087],"class_list":{"0":"post-492184","1":"post","2":"type-post","3":"status-publish","4":"format-standard","5":"has-post-thumbnail","7":"category-nice","8":"tag-actu","9":"tag-actualites","10":"tag-eu","11":"tag-europe","12":"tag-football","13":"tag-fr","14":"tag-france","15":"tag-ligue-1","16":"tag-news","17":"tag-nice","18":"tag-provence-alpes-cote-dazur","19":"tag-rennes","20":"tag-republique-francaise","21":"tag-sports","22":"tag-stade-rennais"},"share_on_mastodon":{"url":"https:\/\/pubeurope.com\/@fr\/115443424545024304","error":""},"_links":{"self":[{"href":"https:\/\/www.europesays.com\/fr\/wp-json\/wp\/v2\/posts\/492184","targetHints":{"allow":["GET"]}}],"collection":[{"href":"https:\/\/www.europesays.com\/fr\/wp-json\/wp\/v2\/posts"}],"about":[{"href":"https:\/\/www.europesays.com\/fr\/wp-json\/wp\/v2\/types\/post"}],"author":[{"embeddable":true,"href":"https:\/\/www.europesays.com\/fr\/wp-json\/wp\/v2\/users\/2"}],"replies":[{"embeddable":true,"href":"https:\/\/www.europesays.com\/fr\/wp-json\/wp\/v2\/comments?post=492184"}],"version-history":[{"count":0,"href":"https:\/\/www.europesays.com\/fr\/wp-json\/wp\/v2\/posts\/492184\/revisions"}],"wp:featuredmedia":[{"embeddable":true,"href":"https:\/\/www.europesays.com\/fr\/wp-json\/wp\/v2\/media\/492185"}],"wp:attachment":[{"href":"https:\/\/www.europesays.com\/fr\/wp-json\/wp\/v2\/media?parent=492184"}],"wp:term":[{"taxonomy":"category","embeddable":true,"href":"https:\/\/www.europesays.com\/fr\/wp-json\/wp\/v2\/categories?post=492184"},{"taxonomy":"post_tag","embeddable":true,"href":"https:\/\/www.europesays.com\/fr\/wp-json\/wp\/v2\/tags?post=492184"}],"curies":[{"name":"wp","href":"https:\/\/api.w.org\/{rel}","templated":true}]}}