{"id":492193,"date":"2025-10-27T01:08:14","date_gmt":"2025-10-27T01:08:14","guid":{"rendered":"https:\/\/www.europesays.com\/fr\/492193\/"},"modified":"2025-10-27T01:08:14","modified_gmt":"2025-10-27T01:08:14","slug":"previsions-du-lundi-27-octobre-2025-3","status":"publish","type":"post","link":"https:\/\/www.europesays.com\/fr\/492193\/","title":{"rendered":"pr\u00e9visions du lundi 27 octobre 2025"},"content":{"rendered":"<p>C&rsquo;est sous un ciel couvert que va se d\u00e9rouler la journ\u00e9e. Les nuages perdurent sur Toulouse. Les valeurs seront de 10\u00b0C au plus bas et de 17\u00b0C au maximum. Un vent d&rsquo;ouest, enregistrant 22 km\/h, soufflera. D&rsquo;un autre c\u00f4t\u00e9, le ciel sera assez lumineux, avec quelques \u00e9claircies le matin. Les temp\u00e9ratures avoisineront les 13\u00b0C. Malheureusement, il y aura encore des nuages l&rsquo;apr\u00e8s-midi. Les temp\u00e9ratures s&rsquo;\u00e9chelonneront de 14 \u00e0 17\u00b0C. Toujours de la grisaille le soir. Les nuages vont stationner. Des pluies \u00e9parses vont tomber. Le passage de lundi \u00e0 mardi se fera sous un ciel pluvieux.<\/p>\n<p>Demain, c&rsquo;est une hausse de quelques degr\u00e9s que vont conna\u00eetre les temp\u00e9ratures dans la ville de Toulouse. Les valeurs s&rsquo;\u00e9chelonneront entre 12 et 18\u00b0C. Le soleil peinera \u00e0 percer au milieu de petits nuages qui subsisteront dans la matin\u00e9e. Un l\u00e9ger vent d&rsquo;ouest sera ressenti par les habitants. Un magnifique soleil va briller et ce, tout au long de l&rsquo;apr\u00e8s-midi. Les maximales pourront atteindre 18\u00b0C alors que les minimales seront de 15\u00b0C. C&rsquo;est \u00e0 un ciel couvert de nuages qu&rsquo;il faudra s&rsquo;attendre demain soir. Il va faire 14\u00b0C en moyenne. Une petite brise d&rsquo;est soufflera.<\/p>\n<p>Les jours suivants s&rsquo;annoncent similaires. Le temps sera ensoleill\u00e9 avec des temp\u00e9ratures autour de 16\u00b0C.<\/p>\n<p><\/p>\n","protected":false},"excerpt":{"rendered":"C&rsquo;est sous un ciel couvert que va se d\u00e9rouler la journ\u00e9e. Les nuages perdurent sur Toulouse. Les valeurs&hellip;\n","protected":false},"author":2,"featured_media":492194,"comment_status":"","ping_status":"","sticky":false,"template":"","format":"standard","meta":{"footnotes":""},"categories":[2816],"tags":[1111,11,1777,674,1011,27,12,2680,2119,25,2312],"class_list":{"0":"post-492193","1":"post","2":"type-post","3":"status-publish","4":"format-standard","5":"has-post-thumbnail","7":"category-toulouse","8":"tag-actu","9":"tag-actualites","10":"tag-eu","11":"tag-europe","12":"tag-fr","13":"tag-france","14":"tag-news","15":"tag-occitanie","16":"tag-previsions-meteo","17":"tag-republique-francaise","18":"tag-toulouse"},"share_on_mastodon":{"url":"https:\/\/pubeurope.com\/@fr\/115443459853372480","error":""},"_links":{"self":[{"href":"https:\/\/www.europesays.com\/fr\/wp-json\/wp\/v2\/posts\/492193","targetHints":{"allow":["GET"]}}],"collection":[{"href":"https:\/\/www.europesays.com\/fr\/wp-json\/wp\/v2\/posts"}],"about":[{"href":"https:\/\/www.europesays.com\/fr\/wp-json\/wp\/v2\/types\/post"}],"author":[{"embeddable":true,"href":"https:\/\/www.europesays.com\/fr\/wp-json\/wp\/v2\/users\/2"}],"replies":[{"embeddable":true,"href":"https:\/\/www.europesays.com\/fr\/wp-json\/wp\/v2\/comments?post=492193"}],"version-history":[{"count":0,"href":"https:\/\/www.europesays.com\/fr\/wp-json\/wp\/v2\/posts\/492193\/revisions"}],"wp:featuredmedia":[{"embeddable":true,"href":"https:\/\/www.europesays.com\/fr\/wp-json\/wp\/v2\/media\/492194"}],"wp:attachment":[{"href":"https:\/\/www.europesays.com\/fr\/wp-json\/wp\/v2\/media?parent=492193"}],"wp:term":[{"taxonomy":"category","embeddable":true,"href":"https:\/\/www.europesays.com\/fr\/wp-json\/wp\/v2\/categories?post=492193"},{"taxonomy":"post_tag","embeddable":true,"href":"https:\/\/www.europesays.com\/fr\/wp-json\/wp\/v2\/tags?post=492193"}],"curies":[{"name":"wp","href":"https:\/\/api.w.org\/{rel}","templated":true}]}}