{"id":492197,"date":"2025-10-27T01:12:30","date_gmt":"2025-10-27T01:12:30","guid":{"rendered":"https:\/\/www.europesays.com\/fr\/492197\/"},"modified":"2025-10-27T01:12:30","modified_gmt":"2025-10-27T01:12:30","slug":"une-incroyable-bevue-du-tribunal-fragilise-lenquete","status":"publish","type":"post","link":"https:\/\/www.europesays.com\/fr\/492197\/","title":{"rendered":"une incroyable b\u00e9vue du tribunal fragilise l&rsquo;enqu\u00eate"},"content":{"rendered":"<p>\u00ab\u00a0\u00c0 l\u2019attention du GREFFE\u00a0\u00bb, \u00e9crit Tony* le 17\u00a0f\u00e9vrier\u00a02025 depuis la prison de Luynes. S\u2019il a toujours l\u2019\u00e9criture d\u2019un enfant, ce jeune homme aujourd\u2019hui majeur <a href=\"https:\/\/www.laprovence.com\/article\/faits-divers-justice\/8635440782694714\/info-la-provence-meurtre-de-socayna-victime-collaterale-a-marseille-un-suspect-de-seulement-16-ans-arrete-par-la-police-judiciaire\" target=\"_blank\" rel=\"noopener\">est soup\u00e7onn\u00e9 d\u2019avoir donn\u00e9 la mort<\/a> alors qu\u2019il n\u2019avait encore que 15 ans. C\u2019\u00e9tait <strong>le 10 septembre 2023<\/strong>, r\u00e9sidence Saint-Thys, dans le 10e arrondissement de <a href=\"https:\/\/www.laprovence.com\/bouches-du-rhone\/marseille-13055\" target=\"_blank\" rel=\"noopener\">Marseille<\/a>, lorsqu\u2019un tir de kalachnikov avait travers\u00e9 le mur d\u2019un appartement et tu\u00e9 <a href=\"https:\/\/www.laprovence.com\/article\/faits-divers-justice\/15008356281859\/un-an-apres-la-mort-de-socayna-a-marseille-sa-mere-raconte-sa-vie-de-morte-vivante\" target=\"_blank\" rel=\"noopener\">une jeune femme appel\u00e9e Socayna<\/a>. Le nom et le visage de l\u2019\u00e9tudiante de 24\u00a0ans hantent encore les policiers de la PJ, qui apr\u00e8s cinq mois d\u2019enqu\u00eate, avaient mis la main sur le principal suspect, Tony*, un ado au profil de ca\u00efd qui faisait r\u00e9gner la terreur dans une cit\u00e9 voisine.<\/p>\n<p>Une valse de robes \u00e0 point nomm\u00e9<\/p>\n<p>L\u2019\u00e2ge exceptionnellement jeune du mis en cause avait d\u2019embl\u00e9e caus\u00e9 du souci aux magistrats, lanc\u00e9s dans une course contre la montre pour boucler l\u2019instruction <strong>en moins d\u2019un an<\/strong> \u2014 la dur\u00e9e maximale de d\u00e9tention provisoire pour un mineur de moins de 16 ans \u00e0 compter de sa mise en examen \u2014 m\u00eame pour un assassinat.<\/p>\n<p>Toujours incarc\u00e9r\u00e9, mais d\u00e9sormais renvoy\u00e9 devant le <strong>tribunal pour enfants<\/strong> (TPE), Tony <a href=\"https:\/\/www.laprovence.com\/article\/faits-divers-justice\/36002252927316\/meurtre-de-socayna-a-marseille-le-proces-devant-le-tribunal-pour-enfants-reporte\" target=\"_blank\" rel=\"noopener\">multiplie les recours<\/a>. Ainsi, le 18\u00a0f\u00e9vrier\u00a02025, son conseil a fait appel de l\u2019ordonn&#8230;<\/p>\n","protected":false},"excerpt":{"rendered":"\u00ab\u00a0\u00c0 l\u2019attention du GREFFE\u00a0\u00bb, \u00e9crit Tony* le 17\u00a0f\u00e9vrier\u00a02025 depuis la prison de Luynes. S\u2019il a toujours l\u2019\u00e9criture d\u2019un&hellip;\n","protected":false},"author":2,"featured_media":492198,"comment_status":"","ping_status":"","sticky":false,"template":"","format":"standard","meta":{"footnotes":""},"categories":[2814],"tags":[32905,17,1111,11,6744,59219,1777,674,274,1011,27,28488,884,12,882,25,61500,96],"class_list":{"0":"post-492197","1":"post","2":"type-post","3":"status-publish","4":"format-standard","5":"has-post-thumbnail","7":"category-marseille","8":"tag-32905","9":"tag-17","10":"tag-actu","11":"tag-actualites","12":"tag-assassinat","13":"tag-bevue","14":"tag-eu","15":"tag-europe","16":"tag-faits-divers-justice","17":"tag-fr","18":"tag-france","19":"tag-incroyable","20":"tag-marseille","21":"tag-news","22":"tag-provence-alpes-cote-dazur","23":"tag-republique-francaise","24":"tag-socayna","25":"tag-une"},"share_on_mastodon":{"url":"https:\/\/pubeurope.com\/@fr\/115443475743080848","error":""},"_links":{"self":[{"href":"https:\/\/www.europesays.com\/fr\/wp-json\/wp\/v2\/posts\/492197","targetHints":{"allow":["GET"]}}],"collection":[{"href":"https:\/\/www.europesays.com\/fr\/wp-json\/wp\/v2\/posts"}],"about":[{"href":"https:\/\/www.europesays.com\/fr\/wp-json\/wp\/v2\/types\/post"}],"author":[{"embeddable":true,"href":"https:\/\/www.europesays.com\/fr\/wp-json\/wp\/v2\/users\/2"}],"replies":[{"embeddable":true,"href":"https:\/\/www.europesays.com\/fr\/wp-json\/wp\/v2\/comments?post=492197"}],"version-history":[{"count":0,"href":"https:\/\/www.europesays.com\/fr\/wp-json\/wp\/v2\/posts\/492197\/revisions"}],"wp:featuredmedia":[{"embeddable":true,"href":"https:\/\/www.europesays.com\/fr\/wp-json\/wp\/v2\/media\/492198"}],"wp:attachment":[{"href":"https:\/\/www.europesays.com\/fr\/wp-json\/wp\/v2\/media?parent=492197"}],"wp:term":[{"taxonomy":"category","embeddable":true,"href":"https:\/\/www.europesays.com\/fr\/wp-json\/wp\/v2\/categories?post=492197"},{"taxonomy":"post_tag","embeddable":true,"href":"https:\/\/www.europesays.com\/fr\/wp-json\/wp\/v2\/tags?post=492197"}],"curies":[{"name":"wp","href":"https:\/\/api.w.org\/{rel}","templated":true}]}}