{"id":492216,"date":"2025-10-27T01:25:29","date_gmt":"2025-10-27T01:25:29","guid":{"rendered":"https:\/\/www.europesays.com\/fr\/492216\/"},"modified":"2025-10-27T01:25:29","modified_gmt":"2025-10-27T01:25:29","slug":"multimedia-la-chine-et-les-etats-unis-parviennent-a-des-consensus-de-base-sur-la-gestion-de-questions-economiques-et-commerciales-cles-representant-chinois-du-commerce-international-xinhua","status":"publish","type":"post","link":"https:\/\/www.europesays.com\/fr\/492216\/","title":{"rendered":"(Multim\u00e9dia) La Chine et les Etats-Unis parviennent \u00e0 des consensus de base sur la gestion de questions \u00e9conomiques et commerciales cl\u00e9s (repr\u00e9sentant chinois du commerce international) &#8211; Xinhua"},"content":{"rendered":"<p><img decoding=\"async\" controls=\"controls\" src=\"https:\/\/www.europesays.com\/fr\/wp-content\/uploads\/2025\/10\/20251027b1eefc29e4c24e719a079e119c1bd099_XxjifrF000003_20251027_CBMFN0A001.JPG\"\/>Le vice-Premier ministre chinois He Lifeng (\u00e0 droite) et le secr\u00e9taire am\u00e9ricain au Tr\u00e9sor, Scott Bessent, se pr\u00e9sentent avant leurs discussions \u00e0 Kuala Lumpur, en Malaisie, le 25 octobre 2025. (Xinhua\/Bai Xueqi)<\/p>\n<p><strong>La Chine et les Etats-Unis sont parvenus \u00e0 des consensus de base sur la gestion appropri\u00e9e de plusieurs questions \u00e9conomiques et commerciales majeures d&rsquo;int\u00e9r\u00eat mutuel, qui devront suivre leurs processus d&rsquo;approbation internes respectifs, a d\u00e9clar\u00e9 dimanche \u00e0 Kuala Lumpur, en Malaisie, le repr\u00e9sentant chinois du commerce international du minist\u00e8re du Commerce et vice-ministre du Commerce, Li Chenggang.<\/strong><\/p>\n<p>KUALA LUMPUR, 26 octobre (Xinhua) &#8212; La Chine et les Etats-Unis sont parvenus \u00e0 des consensus de base sur la gestion appropri\u00e9e de plusieurs questions \u00e9conomiques et commerciales majeures d&rsquo;int\u00e9r\u00eat mutuel, qui devront suivre leurs processus d&rsquo;approbation internes respectifs, a d\u00e9clar\u00e9 dimanche \u00e0 Kuala Lumpur, en Malaisie, le repr\u00e9sentant chinois du commerce international du minist\u00e8re du Commerce et vice-ministre du Commerce, Li Chenggang.\u00a0<\/p>\n<p>M. Li a tenu ces propos lors d&rsquo;un point de presse apr\u00e8s la tenue d&rsquo;une nouvelle s\u00e9rie de discussions \u00e9conomiques et commerciales sino-am\u00e9ricaines ces deux derniers jours.<\/p>\n<p>Depuis un mois environ, les relations \u00e9conomiques et commerciales sino-am\u00e9ricaines ont connu des turbulences et des fluctuations, ce qui a attir\u00e9 l&rsquo;attention du monde entier, a-t-il not\u00e9.<\/p>\n<p>Depuis les n\u00e9gociations \u00e9conomiques et commerciales qui se sont tenues \u00e0 Gen\u00e8ve, en Suisse, au mois de mai dernier, la Chine a strictement respect\u00e9 les consensus atteints lors des multiples entretiens t\u00e9l\u00e9phoniques entre les deux chefs d&rsquo;Etat, elle a fid\u00e8lement et s\u00e9rieusement mis en \u0153uvre les r\u00e9sultats des discussions \u00e9conomiques et commerciales, et elle a soigneusement d\u00e9fendu les relations durement gagn\u00e9es et relativement stables de coop\u00e9ration \u00e9conomique et commerciale entre la Chine et les Etats-Unis, a-t-il indiqu\u00e9.<\/p>\n<p>De telles turbulences et fluctuations ne sont pas ce que la Chine souhaite voir, a fait savoir M. Li.<\/p>\n<p>Au cours des deux derniers jours, les \u00e9quipes \u00e9conomiques et commerciales de Chine et des Etats-Unis ont eu des \u00e9changes francs et approfondis sur des questions comme les mesures am\u00e9ricaines prises au titre de l&rsquo;article 301 \u00e0 l&rsquo;encontre des secteurs maritime, logistique et de la construction navale de la Chine, la prorogation de la suspension des tarifs douaniers r\u00e9ciproques, la coop\u00e9ration en mati\u00e8re de droits de douane et de lutte contre les narcotiques li\u00e9e au fentanyl, le d\u00e9veloppement commercial et le contr\u00f4le des exportations, a d\u00e9clar\u00e9 M. Li.<\/p>\n<p>Les deux parties ont eu des \u00e9changes constructifs sur les solutions permettant de r\u00e9pondre de fa\u00e7on ad\u00e9quate aux pr\u00e9occupations de chacune, et ont atteint des consensus de base, a-t-il ajout\u00e9.<\/p>\n<p>La partie am\u00e9ricaine a exprim\u00e9 sa position avec duret\u00e9 et la partie chinoise est rest\u00e9e d\u00e9termin\u00e9e \u00e0 d\u00e9fendre ses int\u00e9r\u00eats, a pr\u00e9cis\u00e9 M. Li.<\/p>\n<p>Il a fait savoir que tout au long des discussions, les \u00e9quipes \u00e9conomiques et commerciales des deux pays avaient maintenu un respect mutuel et avaient men\u00e9 leur dialogue sur un pied d&rsquo;\u00e9galit\u00e9.<\/p>\n<p>Par la suite, les deux parties renforceront leur communication et leurs \u00e9changes, travaillant activement en vue d&rsquo;un d\u00e9veloppement plus sain et stable des relations \u00e9conomiques et commerciales sino-am\u00e9ricaines, selon le responsable.<\/p>\n<p>M. Li a \u00e9galement fait part de sa gratitude \u00e0 l&rsquo;\u00e9gard du gouvernement malaisien pour son hospitalit\u00e9 chaleureuse et ses arrangements attentionn\u00e9s en tant qu&rsquo;h\u00f4te des n\u00e9gociations.<\/p>\n","protected":false},"excerpt":{"rendered":"Le vice-Premier ministre chinois He Lifeng (\u00e0 droite) et le secr\u00e9taire am\u00e9ricain au Tr\u00e9sor, Scott Bessent, se pr\u00e9sentent&hellip;\n","protected":false},"author":2,"featured_media":492217,"comment_status":"","ping_status":"","sticky":false,"template":"","format":"standard","meta":{"footnotes":""},"categories":[1589],"tags":[11,309,73,1866,3444,12,1864,1865,1863,308],"class_list":{"0":"post-492216","1":"post","2":"type-post","3":"status-publish","4":"format-standard","5":"has-post-thumbnail","7":"category-etats-unis","8":"tag-actualites","9":"tag-chine","10":"tag-etats-unis","11":"tag-etats-unis-damerique","12":"tag-malaisie","13":"tag-news","14":"tag-united-states","15":"tag-united-states-of-america","16":"tag-us","17":"tag-usa"},"share_on_mastodon":{"url":"https:\/\/pubeurope.com\/@fr\/115443527138827796","error":""},"_links":{"self":[{"href":"https:\/\/www.europesays.com\/fr\/wp-json\/wp\/v2\/posts\/492216","targetHints":{"allow":["GET"]}}],"collection":[{"href":"https:\/\/www.europesays.com\/fr\/wp-json\/wp\/v2\/posts"}],"about":[{"href":"https:\/\/www.europesays.com\/fr\/wp-json\/wp\/v2\/types\/post"}],"author":[{"embeddable":true,"href":"https:\/\/www.europesays.com\/fr\/wp-json\/wp\/v2\/users\/2"}],"replies":[{"embeddable":true,"href":"https:\/\/www.europesays.com\/fr\/wp-json\/wp\/v2\/comments?post=492216"}],"version-history":[{"count":0,"href":"https:\/\/www.europesays.com\/fr\/wp-json\/wp\/v2\/posts\/492216\/revisions"}],"wp:featuredmedia":[{"embeddable":true,"href":"https:\/\/www.europesays.com\/fr\/wp-json\/wp\/v2\/media\/492217"}],"wp:attachment":[{"href":"https:\/\/www.europesays.com\/fr\/wp-json\/wp\/v2\/media?parent=492216"}],"wp:term":[{"taxonomy":"category","embeddable":true,"href":"https:\/\/www.europesays.com\/fr\/wp-json\/wp\/v2\/categories?post=492216"},{"taxonomy":"post_tag","embeddable":true,"href":"https:\/\/www.europesays.com\/fr\/wp-json\/wp\/v2\/tags?post=492216"}],"curies":[{"name":"wp","href":"https:\/\/api.w.org\/{rel}","templated":true}]}}