{"id":492220,"date":"2025-10-27T01:27:15","date_gmt":"2025-10-27T01:27:15","guid":{"rendered":"https:\/\/www.europesays.com\/fr\/492220\/"},"modified":"2025-10-27T01:27:15","modified_gmt":"2025-10-27T01:27:15","slug":"les-produits-nationaux-sont-chers-les-neerlandais-affluent-en-allemagne-pour-faire-leurs-achats","status":"publish","type":"post","link":"https:\/\/www.europesays.com\/fr\/492220\/","title":{"rendered":"Les produits nationaux sont chers, les N\u00e9erlandais affluent en Allemagne pour faire leurs achats"},"content":{"rendered":"<p> La raison est que la plupart des produits sont plus chers aux Pays-Bas \u00e0 cette p\u00e9riode que dans les pays voisins. La p\u00e9riode des f\u00eates de fin d&rsquo;ann\u00e9e approche et, par cons\u00e9quent, de plus en plus de N\u00e9erlandais choisissent de faire leurs achats de l&rsquo;autre c\u00f4t\u00e9 de la fronti\u00e8re pour pr\u00e9server leur portefeuille.<\/p>\n<p> Alors que les prix des denr\u00e9es alimentaires, des cosm\u00e9tiques et des produits m\u00e9nagers chutent jusqu&rsquo;\u00e0 25 % de l&rsquo;autre c\u00f4t\u00e9 de la fronti\u00e8re, de nombreux N\u00e9erlandais sont pr\u00eats \u00e0 faire des voyages aller-retour en bus de 400 km pour remplir leur panier de courses.<\/p>\n<p> Mme Marleen Naipal a d\u00e9pens\u00e9 40 euros pour un billet de bus, passant plusieurs heures \u00e0 parcourir des centaines de kilom\u00e8tres de Rotterdam, aux Pays-Bas, \u00e0 Bocholt, en Allemagne, pour acheter des marchandises \u00e0 un co\u00fbt beaucoup moins cher.<\/p>\n<p> \u00ab\u00a0De nombreux produits co\u00fbtent au moins la moiti\u00e9 de leurs prix aux Pays-Bas, et m\u00eame moins cher s&rsquo;ils sont en promotion. Je ne trouve donc pas utile de faire un long voyage pour les acheter\u00a0\u00bb, a d\u00e9clar\u00e9 Marleen Naipal, coiffeuse aux Pays-Bas.<\/p>\n<p> Marleen Naipal n&rsquo;est pas la seule. De nombreux voyageurs n\u00e9erlandais \u00e0 la recherche de bonnes affaires se rendent en Allemagne depuis Rotterdam, Amsterdam et Utrecht. Plusieurs agences proposent des circuits shopping \u00e0 prix abordables au d\u00e9part des Pays-Bas, et l&rsquo;une d&rsquo;elles propose m\u00eame une nuit\u00e9e au Luxembourg pour profiter des bonnes affaires.<\/p>\n<p> En comparant les prix de plus de 130 produits populaires, l&rsquo;agence n\u00e9erlandaise de protection des consommateurs a constat\u00e9 que les produits \u00e9taient en moyenne 15 % moins chers en Allemagne qu&rsquo;aux Pays-Bas. Les marques haut de gamme, comme les cosm\u00e9tiques et les produits de soins personnels vendus en pharmacie, \u00e9taient m\u00eame jusqu&rsquo;\u00e0 25 % moins ch\u00e8res.<\/p>\n<p> Un rapport r\u00e9cent de l&rsquo;agence a r\u00e9v\u00e9l\u00e9 qu&rsquo;aux Pays-Bas, ces articles sont souvent vendus \u00e0 prix r\u00e9duit, mais ne peuvent pas concurrencer les prix pratiqu\u00e9s en Allemagne.<\/p>\n<p> \u00ab En tr\u00e8s peu de temps, les prix sont devenus tr\u00e8s \u00e9lev\u00e9s aux Pays-Bas. De ce fait, de nombreuses personnes aux revenus moyens ont beaucoup de mal \u00e0 joindre les deux bouts. Cela inclut les familles et les parents isol\u00e9s avec de jeunes enfants. Nous esp\u00e9rons donc vivement que ce probl\u00e8me sera mis en avant lors des \u00e9lections \u00bb, a d\u00e9clar\u00e9 Marleen Naipal.<\/p>\n<p> Le co\u00fbt \u00e9lev\u00e9 de la vie est l&rsquo;un des probl\u00e8mes les plus importants dans les sondages d&rsquo;opinion n\u00e9erlandais avant le vote du 29 octobre.<\/p>\n<p> M. Marcel Lubbers, expert en sciences <a class=\"data-link\" data-org-href=\"https:\/\/www.vietnam.vn\/category\/chinh-tri\" href=\"https:\/\/www.vietnam.vn\/category\/chinh-tri\" title=\"politique\" target=\"_blank\" rel=\"nofollow noopener\">politiques<\/a> \u00e0 l&rsquo;Universit\u00e9 d&rsquo;Utrecht (Pays-Bas), a d\u00e9clar\u00e9 : \u00ab Je pense que le co\u00fbt de la vie reste un sujet important pour de nombreuses personnes et qu&rsquo;elles le relieront \u00e0 d&rsquo;autres sujets tels que le logement ou l&rsquo;immigration \u00bb.<\/p>\n<p> L&rsquo;Autorit\u00e9 n\u00e9erlandaise des march\u00e9s et des consommateurs a lanc\u00e9 le mois dernier une enqu\u00eate sur les prix des denr\u00e9es alimentaires dans les supermarch\u00e9s, en se penchant sur les soi-disant restrictions territoriales d&rsquo;approvisionnement qui sont responsables des prix \u00e9lev\u00e9s aux Pays-Bas.<\/p>\n<p> L\u2019une des restrictions territoriales d\u2019approvisionnement est l\u2019exigence que toutes les \u00e9tiquettes soient lisibles pour emp\u00eacher les d\u00e9taillants d\u2019importer des marchandises en vrac de l\u2019\u00e9tranger sans \u00e9tiquettes n\u00e9erlandaises. <\/p>\n<p class=\"mb-0\"> Source : https:\/\/vtv.vn\/hang-trong-nuoc-dat-do-nguoi-ha-lan-do-sang-duc-mua-sam-100251026192649424.htm<\/p>\n","protected":false},"excerpt":{"rendered":"La raison est que la plupart des produits sont plus chers aux Pays-Bas \u00e0 cette p\u00e9riode que dans&hellip;\n","protected":false},"author":2,"featured_media":492221,"comment_status":"","ping_status":"","sticky":false,"template":"","format":"standard","meta":{"footnotes":""},"categories":[1587],"tags":[11,672,1804,6409,1805,1803,1777,674,1801,12,61508,44917,1802],"class_list":{"0":"post-492220","1":"post","2":"type-post","3":"status-publish","4":"format-standard","5":"has-post-thumbnail","7":"category-allemagne","8":"tag-actualites","9":"tag-allemagne","10":"tag-bundesrepublik-deutschland","11":"tag-consommateurs","12":"tag-de","13":"tag-deutschland","14":"tag-eu","15":"tag-europe","16":"tag-germany","17":"tag-news","18":"tag-prix-des-denrees-alimentaires","19":"tag-protection-des-consommateurs","20":"tag-republique-federale-dallemagne"},"share_on_mastodon":{"url":"https:\/\/pubeurope.com\/@fr\/115443534645758940","error":""},"_links":{"self":[{"href":"https:\/\/www.europesays.com\/fr\/wp-json\/wp\/v2\/posts\/492220","targetHints":{"allow":["GET"]}}],"collection":[{"href":"https:\/\/www.europesays.com\/fr\/wp-json\/wp\/v2\/posts"}],"about":[{"href":"https:\/\/www.europesays.com\/fr\/wp-json\/wp\/v2\/types\/post"}],"author":[{"embeddable":true,"href":"https:\/\/www.europesays.com\/fr\/wp-json\/wp\/v2\/users\/2"}],"replies":[{"embeddable":true,"href":"https:\/\/www.europesays.com\/fr\/wp-json\/wp\/v2\/comments?post=492220"}],"version-history":[{"count":0,"href":"https:\/\/www.europesays.com\/fr\/wp-json\/wp\/v2\/posts\/492220\/revisions"}],"wp:featuredmedia":[{"embeddable":true,"href":"https:\/\/www.europesays.com\/fr\/wp-json\/wp\/v2\/media\/492221"}],"wp:attachment":[{"href":"https:\/\/www.europesays.com\/fr\/wp-json\/wp\/v2\/media?parent=492220"}],"wp:term":[{"taxonomy":"category","embeddable":true,"href":"https:\/\/www.europesays.com\/fr\/wp-json\/wp\/v2\/categories?post=492220"},{"taxonomy":"post_tag","embeddable":true,"href":"https:\/\/www.europesays.com\/fr\/wp-json\/wp\/v2\/tags?post=492220"}],"curies":[{"name":"wp","href":"https:\/\/api.w.org\/{rel}","templated":true}]}}