{"id":492224,"date":"2025-10-27T01:29:16","date_gmt":"2025-10-27T01:29:16","guid":{"rendered":"https:\/\/www.europesays.com\/fr\/492224\/"},"modified":"2025-10-27T01:29:16","modified_gmt":"2025-10-27T01:29:16","slug":"jai-eu-un-peu-de-chance-avec-la-vsc","status":"publish","type":"post","link":"https:\/\/www.europesays.com\/fr\/492224\/","title":{"rendered":"J&rsquo;ai eu un peu de chance avec la VSC"},"content":{"rendered":"<p>Deuxi\u00e8me sur la grille de d\u00e9part du Grand Prix de Mexico, <a href=\"https:\/\/fr.motorsport.com\/driver\/charles-leclerc\/109632\/\" target=\"_blank\" rel=\"noopener nofollow\">Charles Leclerc<\/a> avait toutes les cartes en mains pour prendre le meilleur sur <a href=\"https:\/\/fr.motorsport.com\/driver\/lando-norris\/289708\/\" target=\"_blank\" rel=\"noopener nofollow\">Lando Norris<\/a> d\u00e8s le premier virage. Seulement, apr\u00e8s un mauvais envol, le Mon\u00e9gasque s&rsquo;est retrouv\u00e9 \u00e0 trois de front avec <a href=\"https:\/\/fr.motorsport.com\/driver\/max-verstappen\/93029\/\" target=\"_blank\" rel=\"noopener nofollow\">Max Verstappen<\/a> \u00e0 sa gauche et <a href=\"https:\/\/fr.motorsport.com\/driver\/lewis-hamilton\/76878\/\" target=\"_blank\" rel=\"noopener nofollow\">Lewis Hamilton<\/a> \u00e0 sa droite. Avec une vitesse trop \u00e9lev\u00e9e \u00e0 l&rsquo;entr\u00e9e du premier virage, le pilote <a href=\"https:\/\/fr.motorsport.com\/team\/ferrari\/615\/\" target=\"_blank\" rel=\"noopener nofollow\">Ferrari<\/a> \u00e0 finalement court-circuit\u00e9 le deuxi\u00e8me virage, prenant les commandes de la course pour quelques m\u00e8tres avant de rendre la position \u00e0 Lando Norris.\u00a0<\/p>\n<p>Alors qu&rsquo;il pensait que sa course pouvait s&rsquo;arr\u00eater d\u00e8s les premiers m\u00e8tres, Charles Leclerc a finalement poursuivi \u00e0 la deuxi\u00e8me place, loin derri\u00e8re un Lando Norris intouchable. Le Mon\u00e9gasque lui-m\u00eame a r\u00e9ussi \u00e0 creuser un \u00e9cart important avec ses adversaires, le laissant tranquille une bonne partie de la course.\u00a0<\/p>\n<p>\u00ab\u00a0Du deuxi\u00e8me tour \u00e0 l&rsquo;avant-dernier tour, c&rsquo;\u00e9tait une course plut\u00f4t normale\u00a0\u00bb, d\u00e9clare Leclerc au micro de Canal+. \u00ab\u00a0Mais le premier et les derniers tours ont \u00e9t\u00e9 particuli\u00e8rement difficiles. Le premier pour le d\u00e9part parce qu&rsquo;\u00e0 trois de front&#8230; Je voulais faire un bon d\u00e9part mais je n&rsquo;ai pas r\u00e9ussi, et finalement \u00e7a m&rsquo;a plut\u00f4t aid\u00e9 parce que gr\u00e2ce \u00e0 mon mauvais d\u00e9part, j&rsquo;ai r\u00e9ussi \u00e0 avoir l&rsquo;aspiration de Lando, qui m&rsquo;a un petit peu aid\u00e9 \u00e0 re-r\u00e9cup\u00e9rer.\u00a0\u00bb<\/p>\n<p>   <img decoding=\"async\" draggable=\"false\" src=\"https:\/\/www.europesays.com\/fr\/wp-content\/uploads\/2025\/10\/1761528555_416_charles-leclerc-ferrari-lando-.jpg\" alt=\"Charles Leclerc, Ferrari, Lando Norris, McLaren, Andrea Kimi Antonelli, Mercedes\" width=\"1200\" height=\"800\" loading=\"lazy\"\/> <\/p>\n<p class=\"title\">Charles Leclerc, Ferrari, Lando Norris, McLaren, Andrea Kimi Antonelli, Mercedes<\/p>\n<p class=\"photographer\">Photo de: Sam Bagnall \/ Sutton Images via Getty Images<\/p>\n<p>\u00ab\u00a0Lewis \u00e9tait \u00e0 l&rsquo;int\u00e9rieur. Je pense qu&rsquo;il ne savait pas que Max \u00e9tait \u00e0 l&rsquo;ext\u00e9rieur. Max a tent\u00e9 quelque chose qui \u00e9tait un peu \u00e0 la limite. Quand c&rsquo;est comme \u00e7a, c&rsquo;est tr\u00e8s chaud. C&rsquo;est le sport auto, je ne reproche rien \u00e0 personne mais c&rsquo;est un moment o\u00f9 je pensais que ma course pouvait se terminer dans ce premier virage parce que j&rsquo;\u00e9tais entre les deux et je ne pouvais pas faire grand chose. Heureusement, on a r\u00e9ussi \u00e0 terminer cette course, et avec un tr\u00e8s bon r\u00e9sultat.\u00a0\u00bb<\/p>\n<p>Mais dans les derniers tours de la course, Charles Leclerc a d\u00fb faire face \u00e0 une nouvelle menace venue de loin, le retour de Max Verstappen. Le N\u00e9erlandais a montr\u00e9 un rythme impressionnant sur les pneus tendres lors de son deuxi\u00e8me relais, comblant l&rsquo;\u00e9cart de plus de dix secondes qui s\u00e9parait les deux pilotes \u00e0 une vingtaine de tours du drapeau \u00e0 damier.\u00a0<\/p>\n<p>En entrant dans les trois derniers tours de la course, le pilote <a href=\"https:\/\/fr.motorsport.com\/team\/red-bull\/553\/\" target=\"_blank\" rel=\"noopener nofollow\">Red Bull<\/a> est revenu \u00e0 une seconde de la Ferrari et \u00e9tait pr\u00eat \u00e0 entrer dans sa zone DRS, lorsque la voiture de s\u00e9curit\u00e9 virtuelle a \u00e9t\u00e9 d\u00e9ploy\u00e9e. Cette derni\u00e8re a accompagn\u00e9 les pilotes jusque dans le dernier tour avant de s&rsquo;effacer.\u00a0<\/p>\n<p>\u00ab\u00a0C&rsquo;\u00e9tait probablement la partie la plus stressante de la course, la derni\u00e8re partie de la course \u00e9tait assez d\u00e9licate. Je savais que Max \u00e9tait \u00e9quip\u00e9 des meilleurs pneus \u00e0 ce moment-l\u00e0, ce qui est \u00e9trange, car normalement, les pneus mediums devraient durer plus longtemps, mais les pneus tendres \u00e9taient bien meilleurs aujourd&rsquo;hui. Je suis donc satisfait de tout ce que nous avons accompli. J&rsquo;ai eu un peu de chance avec la voiture de s\u00e9curit\u00e9 [virtuelle]. Je m&rsquo;en contenterai.\u00a0\u00bb<\/p>\n<p>   <img decoding=\"async\" draggable=\"false\" src=\"https:\/\/www.europesays.com\/fr\/wp-content\/uploads\/2025\/10\/1761528556_198_charles-leclerc-ferrari-lando-.jpg\" alt=\"Charles Leclerc, Ferrari, Lando Norris, McLaren\" width=\"1200\" height=\"800\" loading=\"lazy\"\/> <\/p>\n<p class=\"title\">Charles Leclerc, Ferrari, Lando Norris, McLaren<\/p>\n<p class=\"photographer\">Photo de: Zak Mauger \/ LAT Images via Getty Images<\/p>\n<p>Avec ce r\u00e9sultat, Charles Leclerc signe un deuxi\u00e8me podium cons\u00e9cutif apr\u00e8s celui d&rsquo;Austin la semaine derni\u00e8re. Alors que le Mon\u00e9gasque ne note pas d&rsquo;am\u00e9liorations au niveau de la performance, il estime que les derniers r\u00e9sultats sont plut\u00f4t d\u00fb \u00e0 l&rsquo;ex\u00e9cution des courses.<\/p>\n<p>\u00ab\u00a0Je suis vraiment satisfait des deux derniers Grands Prix. On n&rsquo;a pas forc\u00e9ment fait un \u00e9norme step en termes de performance mais on en a fait en termes d&rsquo;ex\u00e9cution, on a extrait le maximum de la voiture\u00a0\u00bb, ajoute Leclerc sur Canal+. \u00ab\u00a0Pour cela, il faut que l&rsquo;on soit fier. Ce week-end, il y avait <a href=\"https:\/\/fr.motorsport.com\/team\/mclaren\/609\/\" target=\"_blank\" rel=\"noopener nofollow\">McLaren<\/a> qui \u00e9tait sur une autre plan\u00e8te, il y avait Red Bull devant nous en course et ensuite nous, et on r\u00e9ussit \u00e0 faire deuxi\u00e8me. McLaren, c&rsquo;est injouable pour le moment malheureusement.\u00a0\u00bb<\/p>\n<p>Lire aussi :<\/p>\n<p>            Votre avis nous int\u00e9resse !<\/p>\n<p class=\"mt-auto\">Qu&rsquo;aimeriez-vous voir sur Motorsport.com ?<\/p>\n<p>            <a href=\"#\" class=\"ms-link text-link font-bold\">R\u00e9pondez \u00e0 notre enqu\u00eate en 5 minutes.<\/a><\/p>\n<p class=\"mt-1 text-body\">&#8211; L&rsquo;\u00e9quipe Motorsport.com<\/p>\n","protected":false},"excerpt":{"rendered":"Deuxi\u00e8me sur la grille de d\u00e9part du Grand Prix de Mexico, Charles Leclerc avait toutes les cartes en&hellip;\n","protected":false},"author":2,"featured_media":492225,"comment_status":"","ping_status":"","sticky":false,"template":"","format":"standard","meta":{"footnotes":""},"categories":[1586],"tags":[11,60443,2240,1777,674,1779,2251,1454,1011,27,60849,61509,12,25,1778,364],"class_list":{"0":"post-492224","1":"post","2":"type-post","3":"status-publish","4":"format-standard","5":"has-post-thumbnail","7":"category-europe","8":"tag-actualites","9":"tag-autodromo-hermanos-rodriguez","10":"tag-charles-leclerc","11":"tag-eu","12":"tag-europe","13":"tag-european-union","14":"tag-ferrari","15":"tag-formule-1","16":"tag-fr","17":"tag-france","18":"tag-gp-de-mexico","19":"tag-leclerc-jai-eu-un-peu-de-chance-avec-la-vsc","20":"tag-news","21":"tag-republique-francaise","22":"tag-ue","23":"tag-union-europeenne"},"share_on_mastodon":{"url":"https:\/\/pubeurope.com\/@fr\/115443543194402026","error":""},"_links":{"self":[{"href":"https:\/\/www.europesays.com\/fr\/wp-json\/wp\/v2\/posts\/492224","targetHints":{"allow":["GET"]}}],"collection":[{"href":"https:\/\/www.europesays.com\/fr\/wp-json\/wp\/v2\/posts"}],"about":[{"href":"https:\/\/www.europesays.com\/fr\/wp-json\/wp\/v2\/types\/post"}],"author":[{"embeddable":true,"href":"https:\/\/www.europesays.com\/fr\/wp-json\/wp\/v2\/users\/2"}],"replies":[{"embeddable":true,"href":"https:\/\/www.europesays.com\/fr\/wp-json\/wp\/v2\/comments?post=492224"}],"version-history":[{"count":0,"href":"https:\/\/www.europesays.com\/fr\/wp-json\/wp\/v2\/posts\/492224\/revisions"}],"wp:featuredmedia":[{"embeddable":true,"href":"https:\/\/www.europesays.com\/fr\/wp-json\/wp\/v2\/media\/492225"}],"wp:attachment":[{"href":"https:\/\/www.europesays.com\/fr\/wp-json\/wp\/v2\/media?parent=492224"}],"wp:term":[{"taxonomy":"category","embeddable":true,"href":"https:\/\/www.europesays.com\/fr\/wp-json\/wp\/v2\/categories?post=492224"},{"taxonomy":"post_tag","embeddable":true,"href":"https:\/\/www.europesays.com\/fr\/wp-json\/wp\/v2\/tags?post=492224"}],"curies":[{"name":"wp","href":"https:\/\/api.w.org\/{rel}","templated":true}]}}