{"id":492228,"date":"2025-10-27T01:31:18","date_gmt":"2025-10-27T01:31:18","guid":{"rendered":"https:\/\/www.europesays.com\/fr\/492228\/"},"modified":"2025-10-27T01:31:18","modified_gmt":"2025-10-27T01:31:18","slug":"credit-dimpot-defiscalisation-la-lourde-facture-des-premiers-amendements-au-budget-2026-adoptes-par-les-deputes","status":"publish","type":"post","link":"https:\/\/www.europesays.com\/fr\/492228\/","title":{"rendered":"Cr\u00e9dit d\u2019imp\u00f4t, d\u00e9fiscalisation\u2026 La lourde facture des premiers amendements au budget 2026 adopt\u00e9s par les d\u00e9put\u00e9s"},"content":{"rendered":"<p>\n    <strong>D\u00c9CRYPTAGE &#8211;<\/strong> Les mesures valid\u00e9es lors des d\u00e9bats dans l\u2019H\u00e9micycle, vendredi et samedi, vont priver les finances publiques de plusieurs milliards d\u2019euros de recettes, qui restent encore \u00e0 compenser.<\/p>\n<p class=\"fig-paragraph\">Au fil de l\u2019examen du projet de budget 2026 en s\u00e9ance publique, le gouvernement voit s\u2019\u00e9loigner son objectif d\u2019\u00e9conomiser une trentaine de milliards d\u2019euros l\u2019an prochain. En d\u00e9tricotant ou en annulant des mesures port\u00e9es par l\u2019ex\u00e9cutif,\u00a0<a href=\"http:\/\/www.lefigaro.fr\/conjoncture\/pension-alimentaire-contribution-sur-les-hauts-revenus-les-amendements-au-budget-2026-adoptes-a-l-assemblee-20251025\" data-fig-type=\"NewsFlash\" data-gtm-custom-categorie=\"navigation\" data-gtm-custom-action=\"crossclick\" data-gtm-custom-label=\"Contextuel\" data-gtm-event=\"customEventSPE\" data-fig-domain=\"LEFIGARO\" target=\"_blank\" rel=\"noopener\">les premiers amendements adopt\u00e9s en s\u00e9ance publique \u00e0 l\u2019Assembl\u00e9e nationale, vendredi\u00a024 et samedi 25\u00a0octobre,<\/a>\u00a0vont priver les finances de l\u2019\u00c9tat de plusieurs milliards d\u2019euros de recettes\u2026 Mais aussi, dans une moindre mesure, en cr\u00e9er de nouvelles.<\/p>\n<p class=\"fig-paragraph\">Mesure embl\u00e9matique pouss\u00e9e par l\u2019ex\u00e9cutif, le gel du bar\u00e8me de l\u2019imp\u00f4t sur le revenu devait notamment rendre imposables 200\u00a0000 foyers fiscaux qui ne l\u2019\u00e9taient pas jusqu\u2019alors. Autrefois pr\u00e9sent\u00e9e par le gouvernement Barnier comme une menace pour les Fran\u00e7ais les plus modestes en cas de censure, cette option est d\u00e9fendue par S\u00e9bastien Lecornu, qui estime son effet plus limit\u00e9, alors que les aides sociales doivent \u00e9galement \u00eatre gel\u00e9es.<\/p>\n<p class=\"fig-paragraph\">Cet effort a toutefois \u00e9t\u00e9 rejet\u00e9 par les d\u00e9put\u00e9s. En\u00a0<a href=\"http:\/\/www.lefigaro.fr\/politique\/budget-2026-les-deputes-rejettent-largement-en-commission-le-volet-recettes-20251023\" data-fig-type=\"NewsFlash\" data-gtm-custom-categorie=\"navigation\" data-gtm-custom-action=\"crossclick\" data-gtm-custom-label=\"Contextuel\" data-gtm-event=\"customEventSPE\" data-fig-domain=\"LEFIGARO\" target=\"_blank\" rel=\"noopener\">commission des finances<\/a><\/p>\n<p class=\"fig-premium-paywall__infos\">\n        Cet article est r\u00e9serv\u00e9 aux abonn\u00e9s.        Il vous reste 80% \u00e0 d\u00e9couvrir.\n    <\/p>\n<p>                <img  data- alt=\"Le Figaro\" class=\"fig-img--complete fig-img\"\/><\/p>\n<p class=\"fig-premium-paywall__title\">Vous avez envie de lire la suite ?<\/p>\n<p class=\"fig-premium-paywall__subtitle\">D\u00e9bloquez tous les articles imm\u00e9diatement.<\/p>\n<p class=\"fig-premium-paywall__connect\">\n                D\u00e9j\u00e0 abonn\u00e9\u00a0?                <a class=\"fig-premium-paywall__connect-link\" href=\"https:\/\/connect.lefigaro.fr\/login?client=horizon_web&amp;type=main&amp;redirect_uri=https%3A%2F%2Fwww.lefigaro.fr%2Fconjoncture%2Fcredit-d-impot-defiscalisation-la-lourde-facture-des-premiers-amendements-au-budget-2026-adoptes-par-les-deputes-20251026\" data-js-gtm=\"{&quot;customCategorie&quot;: &quot;conversion&quot;, &quot;customAction&quot;: &quot;before_Landing_Connexion_paywall_auto&quot;, &quot;customLabel&quot;: &quot;bGVmaWdhcm8uZnJfXzFmMGIyNDkxLWY5NmMtNmExNC1hYmExLTc5MzFiNGIxZmVmNV9fTmV3c0ZsYXNo_Cr\u00e9dit d\u2019imp\u00f4t, d\u00e9fiscalisation\u2026 La lourde facture des premiers amendements au budget 2026 adopt\u00e9s par les d\u00e9put\u00e9s_73&quot;, &quot;customIDSPE&quot;: &quot;bGVmaWdhcm8uZnJfXzFmMGIyNDkxLWY5NmMtNmExNC1hYmExLTc5MzFiNGIxZmVmNV9fTmV3c0ZsYXNo&quot;, &quot;event&quot;: &quot;customEventSPE&quot;}\" target=\"_blank\" rel=\"noopener\"><br \/>\n                    Connectez-vous<br \/>\n                <\/a>\n            <\/p>\n","protected":false},"excerpt":{"rendered":"D\u00c9CRYPTAGE &#8211; Les mesures valid\u00e9es lors des d\u00e9bats dans l\u2019H\u00e9micycle, vendredi et samedi, vont priver les finances publiques&hellip;\n","protected":false},"author":2,"featured_media":492229,"comment_status":"","ping_status":"","sticky":false,"template":"","format":"standard","meta":{"footnotes":""},"categories":[2],"tags":[11,1003,1011,27,12,25],"class_list":{"0":"post-492228","1":"post","2":"type-post","3":"status-publish","4":"format-standard","5":"has-post-thumbnail","7":"category-actualites","8":"tag-actualites","9":"tag-budget","10":"tag-fr","11":"tag-france","12":"tag-news","13":"tag-republique-francaise"},"share_on_mastodon":{"url":"https:\/\/pubeurope.com\/@fr\/115443550364266883","error":""},"_links":{"self":[{"href":"https:\/\/www.europesays.com\/fr\/wp-json\/wp\/v2\/posts\/492228","targetHints":{"allow":["GET"]}}],"collection":[{"href":"https:\/\/www.europesays.com\/fr\/wp-json\/wp\/v2\/posts"}],"about":[{"href":"https:\/\/www.europesays.com\/fr\/wp-json\/wp\/v2\/types\/post"}],"author":[{"embeddable":true,"href":"https:\/\/www.europesays.com\/fr\/wp-json\/wp\/v2\/users\/2"}],"replies":[{"embeddable":true,"href":"https:\/\/www.europesays.com\/fr\/wp-json\/wp\/v2\/comments?post=492228"}],"version-history":[{"count":0,"href":"https:\/\/www.europesays.com\/fr\/wp-json\/wp\/v2\/posts\/492228\/revisions"}],"wp:featuredmedia":[{"embeddable":true,"href":"https:\/\/www.europesays.com\/fr\/wp-json\/wp\/v2\/media\/492229"}],"wp:attachment":[{"href":"https:\/\/www.europesays.com\/fr\/wp-json\/wp\/v2\/media?parent=492228"}],"wp:term":[{"taxonomy":"category","embeddable":true,"href":"https:\/\/www.europesays.com\/fr\/wp-json\/wp\/v2\/categories?post=492228"},{"taxonomy":"post_tag","embeddable":true,"href":"https:\/\/www.europesays.com\/fr\/wp-json\/wp\/v2\/tags?post=492228"}],"curies":[{"name":"wp","href":"https:\/\/api.w.org\/{rel}","templated":true}]}}