{"id":492230,"date":"2025-10-27T01:32:33","date_gmt":"2025-10-27T01:32:33","guid":{"rendered":"https:\/\/www.europesays.com\/fr\/492230\/"},"modified":"2025-10-27T01:32:33","modified_gmt":"2025-10-27T01:32:33","slug":"jalibert-forfait-pour-le-debut-de-la-tournee-taofifenua-out-aussi","status":"publish","type":"post","link":"https:\/\/www.europesays.com\/fr\/492230\/","title":{"rendered":"Jalibert forfait pour le d\u00e9but de la tourn\u00e9e, Taofifenua out aussi"},"content":{"rendered":"<p>\n    Fabien Galthi\u00e9 a fait appel \u00e0 Ugo Seunes et Baptiste Pesenti apr\u00e8s les forfaits de Matthieu Jalibert et Romain Taofifenua pour le d\u00e9but de la tourn\u00e9e de novembre du XV de France.<\/p>\n<p class=\"fig-paragraph\">L&rsquo;ouvreur de Bordeaux-B\u00e8gles Matthieu Jalibert et le deuxi\u00e8me ligne Romain Taofifenua sont forfaits pour le d\u00e9but de la tourn\u00e9e de novembre du XV de France et sont remplac\u00e9s par le jeune Ugo Seunes et Baptiste Pesenti, a indiqu\u00e9 la F\u00e9d\u00e9ration fran\u00e7aise de rugby ce dimanche.<\/p>\n<p class=\"fig-paragraph\">Jalibert est sorti touch\u00e9 \u00e0 la cuisse droite samedi soir lors de\u00a0<a href=\"http:\/\/www.lefigaro.fr\/sports\/rugby\/top-14\/bordeaux-begles-bayonne-bielle-biarrey-le-magicien-lucu-le-retour-gagnant-esteban-capilla-fantomatique-les-tops-et-flops-20251025\" data-fig-type=\"NewsFlash\" data-gtm-custom-categorie=\"navigation\" data-gtm-custom-action=\"crossclick\" data-gtm-custom-label=\"Contextuel\" data-gtm-event=\"customEventSPE\" data-fig-domain=\"LEFIGARO\" rel=\"nofollow noopener\" target=\"_blank\">la victoire de l&rsquo;UBB contre Bayonne (41-12)<\/a>\u00a0et s&rsquo;est vite\u00a0<a href=\"http:\/\/www.lefigaro.fr\/sports\/rugby\/xv-de-france\/xv-de-france-pas-beaucoup-d-espoir-blesse-avec-l-ubb-jalibert-vers-un-forfait-en-bleu-20251025\" data-fig-type=\"NewsFlash\" data-gtm-custom-categorie=\"navigation\" data-gtm-custom-action=\"crossclick\" data-gtm-custom-label=\"Contextuel\" data-gtm-event=\"customEventSPE\" data-fig-domain=\"LEFIGARO\" rel=\"nofollow noopener\" target=\"_blank\">montr\u00e9 pessimiste quant \u00e0 sa participation au premier test-match<\/a>\u00a0opposant les Bleus \u00e0 l&rsquo;Afrique du Sud le 8 novembre. Le N.10 girondin (26 ans, 35 s\u00e9lections) n&rsquo;a plus jou\u00e9 avec l&rsquo;\u00e9quipe de France depuis la deuxi\u00e8me journ\u00e9e du Tournoi des six nations en f\u00e9vrier, lors du revers contre l&rsquo;Angleterre.<\/p>\n<p>                                    <a class=\"fig-a11y-skip a11y-hidden\" href=\"#fig-a11y-skip-main-inarticle\"><br \/>\n        Passer la publicit\u00e9<br \/>\n    <\/a><\/p>\n<p>Seunes et Pesenti appel\u00e9s<\/p>\n<p class=\"fig-paragraph\">Pour le remplacer dans le groupe de 42 qui se r\u00e9unira lundi \u00e0 Marcoussis, le s\u00e9lectionneur Fabien Galthi\u00e9 a appel\u00e9 le jeune ouvreur du Racing 92 Ugo Seunes, \u00e2g\u00e9 de 24 ans, qui d\u00e9couvre le Top 14 cette saison alors qu&rsquo;il \u00e9voluait encore en Pro D2 la saison derni\u00e8re avec Aurillac. Au poste de deuxi\u00e8me ligne, l&rsquo;exp\u00e9riment\u00e9 Romain Taofifenua (35 ans, 56 s\u00e9lections) doit lui aussi d\u00e9clarer forfait, touch\u00e9 samedi avec le Racing 92 contre Pau. Il est remplac\u00e9 par l&rsquo;avant du Stade fran\u00e7ais Baptiste Pesenti (28 ans, 6 s\u00e9l.).<\/p>\n<p class=\"fig-paragraph\">Vendredi, le staff du XV de France avait d\u00e9j\u00e0 d\u00fb enregistrer\u00a0<a href=\"http:\/\/www.lefigaro.fr\/sports\/rugby\/xv-de-france\/xv-de-france-lenni-nouchi-forfait-pour-la-tournee-automne-pierre-bochaton-appele-en-renfort-20251024\" data-fig-type=\"NewsFlash\" data-gtm-custom-categorie=\"navigation\" data-gtm-custom-action=\"crossclick\" data-gtm-custom-label=\"Contextuel\" data-gtm-event=\"customEventSPE\" data-fig-domain=\"LEFIGARO\" rel=\"nofollow noopener\" target=\"_blank\">le forfait du troisi\u00e8me ligne montpelli\u00e9rain Lenni Nouchi<\/a>\u00a0et avait appel\u00e9 le Bordelo-B\u00e9glais Pierre Bochaton.<\/p>\n","protected":false},"excerpt":{"rendered":"Fabien Galthi\u00e9 a fait appel \u00e0 Ugo Seunes et Baptiste Pesenti apr\u00e8s les forfaits de Matthieu Jalibert et&hellip;\n","protected":false},"author":2,"featured_media":492231,"comment_status":"","ping_status":"","sticky":false,"template":"","format":"standard","meta":{"footnotes":""},"categories":[4],"tags":[11,1011,27,24802,12,25,513],"class_list":{"0":"post-492230","1":"post","2":"type-post","3":"status-publish","4":"format-standard","5":"has-post-thumbnail","7":"category-france","8":"tag-actualites","9":"tag-fr","10":"tag-france","11":"tag-matthieu-jalibert","12":"tag-news","13":"tag-republique-francaise","14":"tag-xv-de-france"},"share_on_mastodon":{"url":"https:\/\/pubeurope.com\/@fr\/115443554276435812","error":""},"_links":{"self":[{"href":"https:\/\/www.europesays.com\/fr\/wp-json\/wp\/v2\/posts\/492230","targetHints":{"allow":["GET"]}}],"collection":[{"href":"https:\/\/www.europesays.com\/fr\/wp-json\/wp\/v2\/posts"}],"about":[{"href":"https:\/\/www.europesays.com\/fr\/wp-json\/wp\/v2\/types\/post"}],"author":[{"embeddable":true,"href":"https:\/\/www.europesays.com\/fr\/wp-json\/wp\/v2\/users\/2"}],"replies":[{"embeddable":true,"href":"https:\/\/www.europesays.com\/fr\/wp-json\/wp\/v2\/comments?post=492230"}],"version-history":[{"count":0,"href":"https:\/\/www.europesays.com\/fr\/wp-json\/wp\/v2\/posts\/492230\/revisions"}],"wp:featuredmedia":[{"embeddable":true,"href":"https:\/\/www.europesays.com\/fr\/wp-json\/wp\/v2\/media\/492231"}],"wp:attachment":[{"href":"https:\/\/www.europesays.com\/fr\/wp-json\/wp\/v2\/media?parent=492230"}],"wp:term":[{"taxonomy":"category","embeddable":true,"href":"https:\/\/www.europesays.com\/fr\/wp-json\/wp\/v2\/categories?post=492230"},{"taxonomy":"post_tag","embeddable":true,"href":"https:\/\/www.europesays.com\/fr\/wp-json\/wp\/v2\/tags?post=492230"}],"curies":[{"name":"wp","href":"https:\/\/api.w.org\/{rel}","templated":true}]}}