{"id":492236,"date":"2025-10-27T01:40:12","date_gmt":"2025-10-27T01:40:12","guid":{"rendered":"https:\/\/www.europesays.com\/fr\/492236\/"},"modified":"2025-10-27T01:40:12","modified_gmt":"2025-10-27T01:40:12","slug":"quentin-navarro-ca-va-me-faire-bizarre-dattaquer-le-boulot-a-5h-actualite","status":"publish","type":"post","link":"https:\/\/www.europesays.com\/fr\/492236\/","title":{"rendered":"Quentin Navarro : \u00ab \u00c7a va me faire bizarre d&rsquo;attaquer le boulot \u00e0 5h \u00bb &#8211; Actualit\u00e9"},"content":{"rendered":"<p style=\"text-align: justify;\"><strong>Le week-end \u00e0 Albi a \u00e9t\u00e9 totalement r\u00e9ussi pour Quentin Navarro. Comme la veille, le coureur d\u2019Atria Clermont Cyclisme\u00a0<a href=\"https:\/\/www.directvelo.com\/actualite\/124954\/cc-coupe-de-france-2-elite-hommes-classement\" target=\"_blank\" rel=\"noopener\">a pris ce dimanche la 3e place de la Coupe de France \u00c9lites de cyclo-cross<\/a>, derri\u00e8re Aubin Sparfel et David Menut. Le Franc-Comtois, install\u00e9 en Auvergne, a confirm\u00e9 qu\u2019il continuait de progresser \u00e0 27 ans malgr\u00e9 un emploi du temps bien charg\u00e9 \u00e0 c\u00f4t\u00e9 du v\u00e9lo. Il est revenu pour DirectVelo sur son week-end et a \u00e9voqu\u00e9 la suite de saison.<\/strong><\/p>\n<p><strong>DirectVelo : C&rsquo;est ton deuxi\u00e8me podium en deux jours&#8230;<\/strong><br \/>Quentin Navarro : Si on m&rsquo;avait dit vendredi que j&rsquo;allais terminer deux fois sur le podium, j&rsquo;aurais sign\u00e9 tout de suite. Je suis super content. Aujourd&rsquo;hui, \u00e7a s&rsquo;est bien pass\u00e9. J&rsquo;ai pris un meilleur d\u00e9part qu&rsquo;hier (samedi). Je me suis retrouv\u00e9 en derni\u00e8re position du groupe de t\u00eate, mais \u00e7a roulait beaucoup plus fort qu&rsquo;hier en d\u00e9but de course. Je me suis retrouv\u00e9 derri\u00e8re sans vraiment pouvoir remonter parce que tout le monde \u00e9tait \u00e0 bloc. Du coup, j&rsquo;ai moins vu la t\u00eate de course qu&rsquo;hier, mais je ne me suis pas affol\u00e9. J&rsquo;ai vu qu&rsquo;on jouait la troisi\u00e8me place avec R\u00e9mi (Lelandais) et Tristan (Verrier).<\/p>\n<p><strong>Comment as-tu manoeuvr\u00e9 pour t&rsquo;en d\u00e9barrasser ?<\/strong><br \/>Je me sentais bien alors j&rsquo;ai essay\u00e9 de faire le forcing \u00e0 deux tours et demi de l&rsquo;arriv\u00e9e pour voir comment \u00e7a r\u00e9agissait. J&rsquo;ai vu qu&rsquo;en un tour, j&rsquo;ai pu faire un gros \u00e9cart. J&rsquo;ai commenc\u00e9 \u00e0 r\u00eaver un petit peu de revenir sur David (Menut). Je suis revenu pas tr\u00e8s loin de lui, mais il a remis un petit coup de vis quand j&rsquo;avais besoin de souffler. J&rsquo;ai vu que \u00e7a allait \u00eatre compliqu\u00e9 de rentrer, donc j&rsquo;ai fait le dernier tour un petit peu plus tranquille, sans faire d&rsquo;erreur, pour assurer. C&rsquo;est mon week-end le plus r\u00e9ussi, surtout en Elite.<\/p>\n<p><strong>\u00ab J\u2019AIME BIEN MON \u00c9QUILIBRE \u00bb<\/strong><\/p>\n<p><strong>Pensais-tu encore progresser \u00e0 ton \u00e2ge ?<\/strong><br \/>Je prends le temps. Je progresse au fur et \u00e0 mesure. Je n&rsquo;ai jamais pass\u00e9 un \u00e9norme cap d&rsquo;une ann\u00e9e \u00e0 l&rsquo;autre. J&rsquo;ai toujours progress\u00e9 crescendo. Et cette ann\u00e9e, c&rsquo;est vrai que j&rsquo;ai peut-\u00eatre pass\u00e9 un cap. J&rsquo;ai 27 ans, je ne suis plus tout jeune. J&rsquo;ai fait une bonne saison de route et je sens que \u00e7a porte ses fruits. Je sens que j&rsquo;ai plus de force par rapport aux autres ann\u00e9es o\u00f9 je comblais avec la technique et la tactique. L\u00e0, je me sens plus complet et \u00e7a fait plaisir de rivaliser avec les meilleurs.<\/p>\n<p><strong>D&rsquo;autant plus qu&rsquo;il n&rsquo;y a pas que le v\u00e9lo dans ta vie\u2026.<\/strong><br \/>\u00c7a va me faire bizarre d&rsquo;attaquer le boulot \u00e0 5h. Je suis technicien de maintenance dans une grande usine de m\u00e9tallurgie o\u00f9 je fais les 3&#215;8. Cette semaine, je suis de matin. Je travaille de 5h \u00e0 13h. Je n&rsquo;ai jamais pr\u00e9tendu ne faire que du v\u00e9lo. C&rsquo;est pas un truc qui me tentait vraiment, et puis je n&rsquo;en ai jamais vraiment eu l&rsquo;occasion. J&rsquo;aime bien mon \u00e9quilibre entre le boulot, le v\u00e9lo et les loisirs \u00e0 c\u00f4t\u00e9. Je ne me prends vraiment pas la t\u00eate.<\/p>\n<p><strong>\u00ab AU JOUR LE JOUR \u00bb<\/strong><\/p>\n<p><strong>Quelle est la suite de ton programme ?<\/strong><br \/>Le week-end prochain, je ferai le cyclo-cross des Remparts de Langres en C2. Puis la prochaine manche de la Coupe de France arrivera assez vite. Ensuite, je ne sais pas trop. Je verrai au jour le jour, comme j&rsquo;ai l&rsquo;habitude de faire, en fonction des sensations. J&rsquo;esp\u00e8re aller \u00e0 Flamanville. J&rsquo;ai l&rsquo;habitude de faire au moins une manche de la Coupe du Monde chaque ann\u00e9e.<\/p>\n<p><strong>Avec quelle ambition iras-tu te frotter au gratin mondial ?<\/strong><br \/>J&rsquo;aimerais bien y aller aussi pour essayer de performer face \u00e0 un plateau international. Je fais des bonnes performances en ce moment donc je commence \u00e0 avoir un peu de points UCI. Je vais partir un peu plus devant. J&rsquo;ai toujours \u00e9t\u00e9 un peu loin sur les lignes de d\u00e9part. L\u00e0, je pars en fin de deuxi\u00e8me ligne, mais j&rsquo;arrive \u00e0 faire une bonne course. C&rsquo;est prometteur. \u00c7a me fait gagner des points pour la suite de la saison, donc c&rsquo;est cool.<\/p>\n","protected":false},"excerpt":{"rendered":"Le week-end \u00e0 Albi a \u00e9t\u00e9 totalement r\u00e9ussi pour Quentin Navarro. Comme la veille, le coureur d\u2019Atria Clermont&hellip;\n","protected":false},"author":2,"featured_media":492237,"comment_status":"","ping_status":"","sticky":false,"template":"","format":"standard","meta":{"footnotes":""},"categories":[1411],"tags":[834,828,836,829,837,827,83,826,824,823,1154,207,814,817,815,816,822,821,832,211,839,1011,27,820,818,819,835,831,830,833,838,60,212,208,825],"class_list":{"0":"post-492236","1":"post","2":"type-post","3":"status-publish","4":"format-standard","5":"has-post-thumbnail","7":"category-cyclisme","8":"tag-attaque","9":"tag-belgique","10":"tag-braquet","11":"tag-bretagne","12":"tag-chute","13":"tag-competition","14":"tag-coupe-de-france","15":"tag-coureur","16":"tag-course-cyclisme","17":"tag-course-cycliste","18":"tag-cycling","19":"tag-cyclisme","20":"tag-direct","21":"tag-direct-velo","22":"tag-directvelo","23":"tag-directvelo-com","24":"tag-epreuve","25":"tag-epreuve-cycliste","26":"tag-federation-francaise-de-cyclisme","27":"tag-ffc","28":"tag-flandres","29":"tag-fr","30":"tag-france","31":"tag-live","32":"tag-live-course","33":"tag-live-epreuve","34":"tag-peloton","35":"tag-radio-peloton","36":"tag-radio-tour","37":"tag-ravitaillement","38":"tag-relance","39":"tag-sports","40":"tag-uci","41":"tag-velo","42":"tag-velos"},"share_on_mastodon":{"url":"https:\/\/pubeurope.com\/@fr\/115443585786568276","error":""},"_links":{"self":[{"href":"https:\/\/www.europesays.com\/fr\/wp-json\/wp\/v2\/posts\/492236","targetHints":{"allow":["GET"]}}],"collection":[{"href":"https:\/\/www.europesays.com\/fr\/wp-json\/wp\/v2\/posts"}],"about":[{"href":"https:\/\/www.europesays.com\/fr\/wp-json\/wp\/v2\/types\/post"}],"author":[{"embeddable":true,"href":"https:\/\/www.europesays.com\/fr\/wp-json\/wp\/v2\/users\/2"}],"replies":[{"embeddable":true,"href":"https:\/\/www.europesays.com\/fr\/wp-json\/wp\/v2\/comments?post=492236"}],"version-history":[{"count":0,"href":"https:\/\/www.europesays.com\/fr\/wp-json\/wp\/v2\/posts\/492236\/revisions"}],"wp:featuredmedia":[{"embeddable":true,"href":"https:\/\/www.europesays.com\/fr\/wp-json\/wp\/v2\/media\/492237"}],"wp:attachment":[{"href":"https:\/\/www.europesays.com\/fr\/wp-json\/wp\/v2\/media?parent=492236"}],"wp:term":[{"taxonomy":"category","embeddable":true,"href":"https:\/\/www.europesays.com\/fr\/wp-json\/wp\/v2\/categories?post=492236"},{"taxonomy":"post_tag","embeddable":true,"href":"https:\/\/www.europesays.com\/fr\/wp-json\/wp\/v2\/tags?post=492236"}],"curies":[{"name":"wp","href":"https:\/\/api.w.org\/{rel}","templated":true}]}}