{"id":492246,"date":"2025-10-27T01:46:14","date_gmt":"2025-10-27T01:46:14","guid":{"rendered":"https:\/\/www.europesays.com\/fr\/492246\/"},"modified":"2025-10-27T01:46:14","modified_gmt":"2025-10-27T01:46:14","slug":"pour-thom-yorke-le-chanteur-de-radiohead-il-est-inconcevable-de-continuer-a-se-produire-en-israel","status":"publish","type":"post","link":"https:\/\/www.europesays.com\/fr\/492246\/","title":{"rendered":"Pour Thom Yorke, le chanteur de Radiohead, il est inconcevable de continuer \u00e0 se produire en Isra\u00ebl"},"content":{"rendered":"<p>        <img decoding=\"async\" loading=\"lazy\" src=\"https:\/\/www.europesays.com\/fr\/wp-content\/uploads\/2025\/10\/b9eb72d_upload-1-2xv6u7nhnq5h-afp-20180707-17a6sr-v1-midres-radioheadperformsduringasummer2018northa.jpeg\"  width=\"728\" height=\"409\" alt=\"Photo d\u2019illustration de Thom Yorke, membre du groupe britannique Radiohead, au United Center le 6\u00a0juillet 2018\u00a0\u00e0 Chicago.\"\/>  <\/p>\n<p>KAMIL KRZACZYNSKI \/ AFP<\/p>\n<p>Photo d\u2019illustration de Thom Yorke, membre du groupe britannique Radiohead, au United Center le 6\u00a0juillet 2018\u00a0\u00e0 Chicago.<\/p>\n<p class=\"asset asset-text\">INTERNATIONAL &#8211; Leur succ\u00e8s en Isra\u00ebl est pourtant \u00e9norme. <a href=\"https:\/\/www.huffingtonpost.fr\/culture\/video\/thom-yorke-le-chanteur-de-radiohead-pris-a-partie-sur-gaza-en-plein-concert-a-melbourne_241620.html\" target=\"_blank\" rel=\"noopener\" title=\"Nouvelle fen\u00eatre\">Thom Yorke<\/a>, le chanteur du groupe de rock <a href=\"https:\/\/www.huffingtonpost.fr\/culture\/article\/radiohead-va-remonter-sur-scene-apres-7-ans-d-absence-mais-ne-passera-pas-par-la-france_254383.html\" target=\"_blank\" rel=\"noopener\" title=\"Nouvelle fen\u00eatre\">Radiohead<\/a>, a affirm\u00e9 dans une interview au <a href=\"https:\/\/www.thetimes.com\/culture\/music\/article\/radiohead-tour-2025-interview-israel-fn0bmdzl8\" target=\"_blank\" rel=\"noopener\" title=\"Nouvelle fen\u00eatre\">Sunday Times <\/a>qu\u2019il ne jouerait pas en Isra\u00ebl actuellement, expliquant qu\u2019il voulait se tenir \u00e0 distance du \u00ab\u00a0r\u00e9gime\u00a0\u00bb du Premier ministre Benjamin Netanyahu. Le groupe britannique va d\u00e9marrer d\u00e9but novembre sa premi\u00e8re tourn\u00e9e depuis sept ans.<\/p>\n<p class=\"asset asset-text\">Ses membres sont r\u00e9guli\u00e8rement pris \u00e0 partie par des militants propalestiniens, en particulier depuis qu\u2019ils se sont produits en 2017 \u00e0 Tel Aviv, malgr\u00e9 des appels au boycott.<\/p>\n<p class=\"asset asset-text\">Thom Yorke a \u00e9t\u00e9 interrompu en plein concert il y a un an \u00e0 Melbourne, en Australie, par un spectateur propalestinien qui a cri\u00e9\u00a0: \u00ab\u00a0Combien d\u2019enfants morts faudra-t-il pour que vous condamniez le g\u00e9nocide \u00e0 Gaza\u00a0?\u00a0\u00bb.<\/p>\n<p>    \u00ab\u00a0Vraiment horrifi\u00e9 que le concert soit d\u00e9tourn\u00e9\u00a0\u00bb    <\/p>\n<p class=\"asset asset-text\">Le guitariste du groupe Jonny Greenwood a lui annul\u00e9 deux concerts au Royaume-Uni en mai, \u00e9voquant des \u00ab\u00a0menaces cr\u00e9dibles\u00a0\u00bb apr\u00e8s un appel au boycott de la part d\u2019un groupe propalestinien.<\/p>\n<p class=\"asset asset-text\">Le Sunday Times a demand\u00e9 \u00e0 Thom Yorke s\u2019il jouerait actuellement en Isra\u00ebl. \u00ab\u00a0Absolument pas\u00a0\u00bb, a-t-il r\u00e9pondu. \u00ab\u00a0Je ne voudrais pas me trouver \u00e0 5\u00a0000 miles (environ 8\u00a0000 km NDLR) \u00e0 la ronde du r\u00e9gime de Netanyahu\u00a0\u00bb, a dit le chanteur et compositeur, dans cette interview r\u00e9alis\u00e9e avant le cessez-le-feu entre Isra\u00ebl et le Hamas.<\/p>\n<p class=\"asset asset-text\">\u00c0 propos du concert de 2017, Thom Yorke a expliqu\u00e9 que \u00ab\u00a0\u00e0 ce moment-l\u00e0\u00a0\u00bb, il pensait que le concert \u00ab\u00a0avait du sens\u00a0\u00bb. Il a racont\u00e9 qu\u2019\u00e0 l\u2019h\u00f4tel \u00e0 Tel Aviv, \u00ab\u00a0un homme visiblement tr\u00e8s haut plac\u00e9\u00a0\u00bb s\u2019\u00e9tait approch\u00e9 de lui pour le remercier. \u00ab\u00a0J\u2019ai \u00e9t\u00e9 vraiment horrifi\u00e9 que le concert soit d\u00e9tourn\u00e9\u00a0\u00bb, a-t-il dit.<\/p>\n<p>    Jonny Greenwood en d\u00e9saccord    <\/p>\n<p class=\"asset asset-text\">Jonny Greenwood, qui est lui mari\u00e9 avec une artiste isra\u00e9lienne et collabore depuis une dizaine d\u2019ann\u00e9es avec le musicien isra\u00e9lien Dudu Tassa, a indiqu\u00e9 au Sunday Times \u00eatre \u00ab\u00a0poliment en d\u00e9saccord\u00a0\u00bb avec Thom Yorke.<\/p>\n<p class=\"asset asset-text\">\u00ab\u00a0Le gouvernement est susceptible d\u2019utiliser le boycott en disant\u00a0: \u201cTout le monde nous d\u00e9teste \u2014 nous devrions faire exactement ce que nous voulons\u201d, ce qui est bien plus dangereux\u00a0\u00bb, a dit le guitariste. \u00ab\u00a0La seule chose dont j\u2019ai honte, c\u2019est d\u2019avoir entra\u00een\u00e9 Thom et les autres dans cette gal\u00e8re, mais je n\u2019ai pas honte de travailler avec des musiciens arabes et juifs. Je ne peux pas m\u2019excuser pour \u00e7a\u00a0\u00bb, a ajout\u00e9 Jonny Greenwood.<\/p>\n<p class=\"asset asset-text\">Autre membre de Radiohead, Ed O\u2019Brien, a lui dit que le groupe aurait d\u00fb jouer \u00e0 Ramallah, en Cisjordanie, en plus de Tel Aviv en 2017. Le groupe va donner en novembre et d\u00e9cembre 20 concerts dans cinq villes europ\u00e9ennes.<\/p>\n","protected":false},"excerpt":{"rendered":"KAMIL KRZACZYNSKI \/ AFP Photo d\u2019illustration de Thom Yorke, membre du groupe britannique Radiohead, au United Center le&hellip;\n","protected":false},"author":2,"featured_media":492247,"comment_status":"","ping_status":"","sticky":false,"template":"","format":"standard","meta":{"footnotes":""},"categories":[1355],"tags":[3259,251,58,59,1011,27,665,1361,873,45813,7040],"class_list":{"0":"post-492246","1":"post","2":"type-post","3":"status-publish","4":"format-standard","5":"has-post-thumbnail","7":"category-musique","8":"tag-conflit-israelo-palestinien","9":"tag-culture","10":"tag-divertissement","11":"tag-entertainment","12":"tag-fr","13":"tag-france","14":"tag-gaza","15":"tag-music","16":"tag-musique","17":"tag-radiohead","18":"tag-rock"},"share_on_mastodon":{"url":"https:\/\/pubeurope.com\/@fr\/115443610181198841","error":""},"_links":{"self":[{"href":"https:\/\/www.europesays.com\/fr\/wp-json\/wp\/v2\/posts\/492246","targetHints":{"allow":["GET"]}}],"collection":[{"href":"https:\/\/www.europesays.com\/fr\/wp-json\/wp\/v2\/posts"}],"about":[{"href":"https:\/\/www.europesays.com\/fr\/wp-json\/wp\/v2\/types\/post"}],"author":[{"embeddable":true,"href":"https:\/\/www.europesays.com\/fr\/wp-json\/wp\/v2\/users\/2"}],"replies":[{"embeddable":true,"href":"https:\/\/www.europesays.com\/fr\/wp-json\/wp\/v2\/comments?post=492246"}],"version-history":[{"count":0,"href":"https:\/\/www.europesays.com\/fr\/wp-json\/wp\/v2\/posts\/492246\/revisions"}],"wp:featuredmedia":[{"embeddable":true,"href":"https:\/\/www.europesays.com\/fr\/wp-json\/wp\/v2\/media\/492247"}],"wp:attachment":[{"href":"https:\/\/www.europesays.com\/fr\/wp-json\/wp\/v2\/media?parent=492246"}],"wp:term":[{"taxonomy":"category","embeddable":true,"href":"https:\/\/www.europesays.com\/fr\/wp-json\/wp\/v2\/categories?post=492246"},{"taxonomy":"post_tag","embeddable":true,"href":"https:\/\/www.europesays.com\/fr\/wp-json\/wp\/v2\/tags?post=492246"}],"curies":[{"name":"wp","href":"https:\/\/api.w.org\/{rel}","templated":true}]}}