{"id":49225,"date":"2025-04-24T13:07:09","date_gmt":"2025-04-24T13:07:09","guid":{"rendered":"https:\/\/www.europesays.com\/fr\/49225\/"},"modified":"2025-04-24T13:07:09","modified_gmt":"2025-04-24T13:07:09","slug":"500-benevoles-recherches-pour-le-nouveau-spectacle-monumental-de-damien-fontaine","status":"publish","type":"post","link":"https:\/\/www.europesays.com\/fr\/49225\/","title":{"rendered":"500 b\u00e9n\u00e9voles recherch\u00e9s pour le nouveau spectacle monumental de Damien Fontaine"},"content":{"rendered":"<p>L\u2019association V.L.J ( <a href=\"https:\/\/www.estrepublicain.fr\/culture-loisirs\/2024\/10\/16\/l-odyssee-nikolaos-la-basilique-decor-d-un-spectacle-monumental\" target=\"_blank\" rel=\"noopener\">Voix &amp; Lumi\u00e8re de Jehanne)<\/a> recherche d\u00e8s maintenant pr\u00e8s de 500 b\u00e9n\u00e9voles pour prendre part \u00e0 la toute nouvelle cr\u00e9ation artistique de <a href=\"https:\/\/www.estrepublicain.fr\/culture-loisirs\/2024\/11\/19\/27-000-spectateurs-a-saint-nicolas-damien-fontaine-fait-cap-sur-fleville\" target=\"_blank\" rel=\"noopener\">Damien Fontaine<\/a> , Terra Loreina , qui se jouera au <a href=\"https:\/\/www.estrepublicain.fr\/culture-loisirs\/2024\/07\/28\/fleville-des-celebrites-au-chateau\" target=\"_blank\" rel=\"noopener\">ch\u00e2teau de Fl\u00e9ville<\/a> , au sud de Nancy, \u00e0 partir du 25\u00a0juin\u00a02025.<\/p>\n<p>Plus de 500 b\u00e9n\u00e9voles sont attendus pour devenir com\u00e9diens ou figurants, pour la logistique, les costumes, les accessoires, la restauration, l\u2019accueil public, la billetterie et la communication.<\/p>\n<p>Ce contenu est bloqu\u00e9 car vous n&rsquo;avez pas accept\u00e9 les cookies et autres traceurs.<\/p>\n<p>En cliquant sur \u00ab J\u2019accepte \u00bb, les cookies et autres traceurs seront d\u00e9pos\u00e9s et vous pourrez visualiser les contenus  (<a href=\"\" class=\"consentModule_policy\" target=\"_blank\" title=\"Consulter la politique de protection des donn\u00e9es du fournisseur\">plus d&rsquo;informations<\/a>).<\/p>\n<p>En cliquant sur \u00ab J\u2019accepte tous les cookies \u00bb, vous autorisez des d\u00e9p\u00f4ts de cookies et autres traceurs pour le stockage de vos donn\u00e9es sur nos sites et applications \u00e0 des fins de personnalisation et de ciblage publicitaire.<\/p>\n<p class=\"consentModule_secondaryText\">Vous gardez la possibilit\u00e9 de retirer votre consentement \u00e0 tout moment en consultant notre <a href=\"https:\/\/www.estrepublicain.fr\/protection-des-donnees\" target=\"_blank\" title=\"Consulter notre politique de protection des donn\u00e9es\" rel=\"noopener\">politique de protection des donn\u00e9es<\/a>. <br \/>&#13;<br \/>\n            <a href=\"https:\/\/www.estrepublicain.fr\/culture-loisirs\/2025\/04\/24\/javascript:Didomi.notice.show()\" class=\"consentModule_cmp\" target=\"_blank\" rel=\"noopener\">G\u00e9rer mes choix<\/a>&#13;\n        <\/p>\n<p>&#13;<br \/>\n                        J&rsquo;accepte&#13;<br \/>\n            J&rsquo;accepte tous les cookies&#13;\n        <\/p>\n<p>  27\u00a0000 spectateurs \u00e0 Saint-Nicolas en 2024<\/p>\n<p>\u00ab\u00a0Que vous soyez passionn\u00e9 de spectacle, bricoleur, costumier, technicien, ou simplement motiv\u00e9 \u00e0 vivre une aventure humaine exceptionnelle, il y a une place pour vous\u00a0! Int\u00e9grez une \u00e9quipe chaleureuse de plus de 500 b\u00e9n\u00e9voles et contribuez \u00e0 faire rayonner le patrimoine lorrain\u00a0\u00bb, se r\u00e9jouit l\u2019organisation.<\/p>\n<p>L\u2019ann\u00e9e derni\u00e8re, Damien Fontaine avait mont\u00e9 un spectacle monumental du m\u00eame type \u00e0 la basilique de Saint-Nicolas-de-Port, baptis\u00e9 <a href=\"https:\/\/www.estrepublicain.fr\/culture-loisirs\/2024\/10\/28\/l-odyssee-nikolaos-un-spectacle-monumental-autour-de-saint-nicolas-et-de-la-basilique-avec-400-benevoles\" target=\"_blank\" rel=\"noopener\">L\u2019Odyss\u00e9e Nikolaos<\/a>.<\/p>\n<p>Cet \u00e9v\u00e9nement avait r\u00e9uni pas moins de 27\u00a0000 spectateurs.<\/p>\n<p>Un record de fr\u00e9quentation sera-t-il battu \u00e0 Fl\u00e9ville\u00a0? R\u00e9ponse dans quelque temps\u00a0!<\/p>\n<p class=\"note\">Une r\u00e9union d\u2019information se tient ce samedi 26\u00a0avril, \u00e0 la Maison des associations de Fl\u00e9ville-devant-Nancy, \u00e0 14\u00a0h.<\/p>\n","protected":false},"excerpt":{"rendered":"L\u2019association V.L.J ( Voix &amp; Lumi\u00e8re de Jehanne) recherche d\u00e8s maintenant pr\u00e8s de 500 b\u00e9n\u00e9voles pour prendre part&hellip;\n","protected":false},"author":2,"featured_media":49226,"comment_status":"","ping_status":"","sticky":false,"template":"","format":"standard","meta":{"footnotes":""},"categories":[9635],"tags":[1111,11,1687,3602,1707,1704,1706,1705,10174,1777,674,9650,1011,27,775,9649,1702,12,2661,25,104,3140,1631],"class_list":{"0":"post-49225","1":"post","2":"type-post","3":"status-publish","4":"format-standard","5":"has-post-thumbnail","7":"category-nancy","8":"tag-actu","9":"tag-actualites","10":"tag-culture-loisirs","11":"tag-edition-bar-le-duc","12":"tag-edition-luneville","13":"tag-edition-nancy-et-agglomeration","14":"tag-edition-pont-a-mousson","15":"tag-edition-toul","16":"tag-edition-verdun","17":"tag-eu","18":"tag-europe","19":"tag-fleville-devant-nancy","20":"tag-fr","21":"tag-france","22":"tag-grand-est","23":"tag-metropole-du-grand-nancy-54b2","24":"tag-nancy","25":"tag-news","26":"tag-patrimoine-culturel","27":"tag-republique-francaise","28":"tag-societe","29":"tag-spectacle","30":"tag-vie-associative"},"share_on_mastodon":{"url":"https:\/\/pubeurope.com\/@fr\/114393097423303354","error":""},"_links":{"self":[{"href":"https:\/\/www.europesays.com\/fr\/wp-json\/wp\/v2\/posts\/49225","targetHints":{"allow":["GET"]}}],"collection":[{"href":"https:\/\/www.europesays.com\/fr\/wp-json\/wp\/v2\/posts"}],"about":[{"href":"https:\/\/www.europesays.com\/fr\/wp-json\/wp\/v2\/types\/post"}],"author":[{"embeddable":true,"href":"https:\/\/www.europesays.com\/fr\/wp-json\/wp\/v2\/users\/2"}],"replies":[{"embeddable":true,"href":"https:\/\/www.europesays.com\/fr\/wp-json\/wp\/v2\/comments?post=49225"}],"version-history":[{"count":0,"href":"https:\/\/www.europesays.com\/fr\/wp-json\/wp\/v2\/posts\/49225\/revisions"}],"wp:featuredmedia":[{"embeddable":true,"href":"https:\/\/www.europesays.com\/fr\/wp-json\/wp\/v2\/media\/49226"}],"wp:attachment":[{"href":"https:\/\/www.europesays.com\/fr\/wp-json\/wp\/v2\/media?parent=49225"}],"wp:term":[{"taxonomy":"category","embeddable":true,"href":"https:\/\/www.europesays.com\/fr\/wp-json\/wp\/v2\/categories?post=49225"},{"taxonomy":"post_tag","embeddable":true,"href":"https:\/\/www.europesays.com\/fr\/wp-json\/wp\/v2\/tags?post=49225"}],"curies":[{"name":"wp","href":"https:\/\/api.w.org\/{rel}","templated":true}]}}