{"id":492250,"date":"2025-10-27T01:48:27","date_gmt":"2025-10-27T01:48:27","guid":{"rendered":"https:\/\/www.europesays.com\/fr\/492250\/"},"modified":"2025-10-27T01:48:27","modified_gmt":"2025-10-27T01:48:27","slug":"limplant-sous-la-retine-nouvel-espoir-pour-les-patients-liberation","status":"publish","type":"post","link":"https:\/\/www.europesays.com\/fr\/492250\/","title":{"rendered":"l\u2019implant sous la r\u00e9tine, nouvel espoir pour les patients \u2013 Lib\u00e9ration"},"content":{"rendered":"<p class=\"sc-cPiKLX AiZTS text-element\">Une vision de moins en moins nette, faite de trous, tel un gruy\u00e8re, qui grandissent jusqu\u2019\u00e0 former une tache centrale de plus en plus \u00e9tendue, qu\u2019aucune paire de lunettes ou de lentilles ne peut corriger. La d\u00e9g\u00e9n\u00e9rescence maculaire li\u00e9e \u00e0 l\u2019\u00e2ge (DMLA) est l\u2019une des principales causes <a href=\"https:\/\/www.liberation.fr\/societe\/face-a-la-cecite-de-nouveaux-champs-de-vision-a-explorer-20230921_OH2VL6JO5VB5DP3NJTQDGJUD2Q\/\" target=\"_blank\" rel=\"noopener\" title=\"https:\/\/www.liberation.fr\/societe\/face-a-la-cecite-de-nouveaux-champs-de-vision-a-explorer-20230921_OH2VL6JO5VB5DP3NJTQDGJUD2Q\/\">de c\u00e9cit\u00e9<\/a>. 8 % de la population fran\u00e7aise est concern\u00e9e par au moins une forme (dont certaines pr\u00e9coces sans handicap visuel) ; un quart des plus de 75 ans sont touch\u00e9s \u2013 le nombre cro\u00eet avec l\u2019augmentation de l\u2019esp\u00e9rance de vie. Mais la recherche a franchi un pas important : les r\u00e9sultats de l\u2019essai clinique d\u2019un implant, men\u00e9 par 17 centres dans cinq pays europ\u00e9ens dont la France, ont \u00e9t\u00e9 publi\u00e9s lundi 20 octobre dans <a href=\"https:\/\/www.nejm.org\/doi\/10.1056\/NEJMoa2501396\" target=\"_blank\" rel=\"noopener\" title=\"https:\/\/www.nejm.org\/doi\/10.1056\/NEJMoa2501396\">The New England Journal of Medicine<\/a>. Plus de 80 % des patients ont rapport\u00e9 une vision am\u00e9lior\u00e9e. L\u2019Inserm, Sorbonne Universit\u00e9 et le CNRS (via l\u2019Institut de la vision), l\u2019h\u00f4pital fondation Adolphe-de-Rothschild et l\u2019H\u00f4pital national des Quinze-Vingts ont pris part \u00e0 cette \u00e9tude. <\/p>\n<p class=\"sc-cPiKLX AiZTS text-element\">\u00abC\u2019est un pas important, qui donne l\u2019espoir qu\u2019\u00e0 nou <\/p>\n","protected":false},"excerpt":{"rendered":"Une vision de moins en moins nette, faite de trous, tel un gruy\u00e8re, qui grandissent jusqu\u2019\u00e0 former une&hellip;\n","protected":false},"author":2,"featured_media":492251,"comment_status":"","ping_status":"","sticky":false,"template":"","format":"standard","meta":{"footnotes":""},"categories":[10],"tags":[413,1011,27,72,71,11457],"class_list":{"0":"post-492250","1":"post","2":"type-post","3":"status-publish","4":"format-standard","5":"has-post-thumbnail","7":"category-sante","8":"tag-ca-va-mieux-lisant","9":"tag-fr","10":"tag-france","11":"tag-health","12":"tag-sante","13":"tag-vieillesse-dependance"},"share_on_mastodon":{"url":"https:\/\/pubeurope.com\/@fr\/115443617224576741","error":""},"_links":{"self":[{"href":"https:\/\/www.europesays.com\/fr\/wp-json\/wp\/v2\/posts\/492250","targetHints":{"allow":["GET"]}}],"collection":[{"href":"https:\/\/www.europesays.com\/fr\/wp-json\/wp\/v2\/posts"}],"about":[{"href":"https:\/\/www.europesays.com\/fr\/wp-json\/wp\/v2\/types\/post"}],"author":[{"embeddable":true,"href":"https:\/\/www.europesays.com\/fr\/wp-json\/wp\/v2\/users\/2"}],"replies":[{"embeddable":true,"href":"https:\/\/www.europesays.com\/fr\/wp-json\/wp\/v2\/comments?post=492250"}],"version-history":[{"count":0,"href":"https:\/\/www.europesays.com\/fr\/wp-json\/wp\/v2\/posts\/492250\/revisions"}],"wp:featuredmedia":[{"embeddable":true,"href":"https:\/\/www.europesays.com\/fr\/wp-json\/wp\/v2\/media\/492251"}],"wp:attachment":[{"href":"https:\/\/www.europesays.com\/fr\/wp-json\/wp\/v2\/media?parent=492250"}],"wp:term":[{"taxonomy":"category","embeddable":true,"href":"https:\/\/www.europesays.com\/fr\/wp-json\/wp\/v2\/categories?post=492250"},{"taxonomy":"post_tag","embeddable":true,"href":"https:\/\/www.europesays.com\/fr\/wp-json\/wp\/v2\/tags?post=492250"}],"curies":[{"name":"wp","href":"https:\/\/api.w.org\/{rel}","templated":true}]}}