{"id":492254,"date":"2025-10-27T01:50:17","date_gmt":"2025-10-27T01:50:17","guid":{"rendered":"https:\/\/www.europesays.com\/fr\/492254\/"},"modified":"2025-10-27T01:50:17","modified_gmt":"2025-10-27T01:50:17","slug":"amel-bent-en-larmes-elle-se-livre-sur-lannee-la-plus-douloureuse-de-sa-vie","status":"publish","type":"post","link":"https:\/\/www.europesays.com\/fr\/492254\/","title":{"rendered":"Amel Bent en larmes : elle se livre sur l\u2019ann\u00e9e \u00ab\u00a0la plus douloureuse\u00a0\u00bb de sa vie"},"content":{"rendered":"<p data-start=\"319\" data-end=\"1263\">Dimanche 26 octobre, Amel Bent<br \/>\na <a href=\"https:\/\/www.closermag.fr\/people\/on-a-vieilli-surprise-!-amel-bent-retrouve-encore-un-proche-dans-the-voice-1698962#:~:text=A%20noter%20enfin%20que%20ce,Vanina%2C%20une%20de%20ses%20choristes.\" rel=\"nofollow noopener\" target=\"_blank\"><br \/>\ntroqu\u00e9 les plateaux de The<br \/>\nVoice<\/a> pour la qui\u00e9tude bucolique d\u2019Un dimanche \u00e0 la campagne. Face \u00e0 <a href=\"https:\/\/www.closermag.fr\/people\/frederic-lopez-je-suis-tres-emu-lanimateur-annonce-le-lancement-dun-grand-projet-personnel-3573007\" rel=\"nofollow noopener\" target=\"_blank\"><br \/>\nFr\u00e9d\u00e9ric Lopez<\/a>, <a href=\"https:\/\/www.closermag.fr\/people\/pas-grossir-rester-jeune-amel-bent-au-bout-du-rouleau-dans-sa-vie-de-couple-elle-lache-tout-3515825\" rel=\"nofollow noopener\" target=\"_blank\"><br \/>\nla chanteuse de 39 ans<\/a> a lev\u00e9 le voile sur une ann\u00e9e aussi<br \/>\n\u00e9clatante qu\u2019\u00e9prouvante. \u00ab\u00a0L\u2019ann\u00e9e 2024 a \u00e9t\u00e9 dingue, parce que<br \/>\nj\u2019ai \u00e0 la fois v\u00e9cu <strong>l\u2019ann\u00e9e la plus douloureuse de ma<br \/>\nvie<\/strong> et en m\u00eame temps la plus belle ann\u00e9e de ma vie\u00a0\u00bb,<br \/>\nconfie-t-elle, les yeux embu\u00e9s.<\/p>\n<p data-start=\"319\" data-end=\"1263\">Alors qu\u2019elle bouclait la<br \/>\ntourn\u00e9e triomphale de son pr\u00e9c\u00e9dent album, Amel Bent a vu sa vie<br \/>\nbasculer brutalement avec <strong>la disparition de sa<br \/>\ngrand-m\u00e8re<\/strong>, en novembre 2023. \u00ab\u00a0Je sortais de sc\u00e8ne<br \/>\npour qu\u2019on accompagne ma grand-m\u00e8re dans <strong>sa fin de<br \/>\nvie<\/strong>\u00ab\u00a0, raconte-t-elle, encore \u00e9mue. Ce d\u00e9c\u00e8s,<br \/>\nimpr\u00e9visible, a provoqu\u00e9 chez l\u2019artiste <strong>une v\u00e9ritable onde<br \/>\nde choc<\/strong>. \u00ab\u00a0Quand elle part, <strong>c\u2019est la<br \/>\nd\u00e9flagration<\/strong>. Je m\u2019enferme chez moi et je passe des nuits<br \/>\nenti\u00e8res \u00e0 r\u00e9fl\u00e9chir, \u00e0 penser, \u00e0 me rendre compte que je suis<br \/>\npeut-\u00eatre \u00e0 c\u00f4t\u00e9 de la plaque.\u00a0\u00bb<\/p>\n<p>Un deuil, une<br \/>\nrenaissance<\/p>\n<p data-start=\"1340\" data-end=\"2129\">Dans ce moment suspendu, Amel<br \/>\nBent a compris qu\u2019il fallait ralentir, respirer, se recentrer.<br \/>\n\u00ab\u00a0C\u2019est difficile quand la vie avance, que tout va vite, qu\u2019il<br \/>\nse passe plein de belles choses, de dire stop. <strong>Elle nous a<br \/>\nforc\u00e9s \u00e0 faire pause<\/strong>, \u00e0 nous regarder.\u00a0\u00bb Ces mots<br \/>\nsonnent comme une confession rare, celle d\u2019une artiste souvent<br \/>\nsolaire, parfois pudique, qui a longtemps tenu \u00e0 distance<br \/>\n<strong>ses blessures<\/strong>.<\/p>\n<p data-start=\"1340\" data-end=\"2129\">En \u00e9voquant la mort de celle<br \/>\nqu\u2019elle consid\u00e9rait comme son pilier, <a href=\"https:\/\/www.closermag.fr\/people\/je-peux-etre-castratrice-amel-bent-se-confie-sur-sa-relation-avec-son-mari-955042\" rel=\"nofollow noopener\" target=\"_blank\"><br \/>\nl\u00a0\u00bb\u00e9pouse de Patrick Antonelli<\/a> r\u00e9v\u00e8le <strong>une<br \/>\nvuln\u00e9rabilit\u00e9<\/strong> touchante. Elle s\u2019interroge, comme si cette<br \/>\nperte avait raviv\u00e9 une qu\u00eate int\u00e9rieure : \u00ab\u00a0Est-ce que vous<br \/>\nfaites les choses bien ? Est-ce que vous \u00eates \u00e0 la hauteur ?\u00a0\u00bb<br \/>\nDerri\u00e8re la chanteuse populaire, la <a href=\"https:\/\/www.closermag.fr\/people\/amel-bent-maman-la-chanteuse-a-accouche-de-son-troisieme-enfant-1547138\" rel=\"nofollow noopener\" target=\"_blank\"><br \/>\nm\u00e8re de trois enfants<\/a> et la coach charismatique se cache une<br \/>\nfemme en pleine introspection.<\/p>\n<p>L\u2019h\u00e9ritage d\u2019une transmission<\/p>\n<p data-start=\"2207\" data-end=\"3011\">Apr\u00e8s <strong>les fun\u00e9railles<br \/>\nen Alg\u00e9rie<\/strong>, Amel Bent a ressenti un besoin visc\u00e9ral :<br \/>\n<strong>renouer avec ses racines<\/strong>. \u00ab\u00a0Ma grand-m\u00e8re \u00e9tait<br \/>\ngarante de notre h\u00e9ritage, tout \u00e9tait simple pour moi jusqu\u2019\u00e0 ce<br \/>\nqu\u2019elle dise qu\u2019elle voulait \u00eatre enterr\u00e9e \u00e0 Oran.\u00a0\u00bb Ce v\u0153u a<br \/>\nfait na\u00eetre en elle une \u00e9vidence : \u00ab\u00a0<strong>Cette femme a<br \/>\ntoujours \u00e9t\u00e9 ma maison<\/strong>. Il fallait que je puisse avoir un<br \/>\ndouble des cl\u00e9s.\u00a0\u00bb Un geste symbolique, mais lourd de sens.<\/p>\n<p data-start=\"2207\" data-end=\"3011\">En hommage \u00e0 celle qui l\u2019a<br \/>\n\u00e9lev\u00e9e dans la douceur et la force, Amel Bent a entrepris les<br \/>\nd\u00e9marches pour obtenir la nationalit\u00e9 alg\u00e9rienne. \u00ab\u00a0<strong>\u00c7a<br \/>\nm\u2019a beaucoup apais\u00e9e<\/strong>\u00ab\u00a0, conclut-elle, apais\u00e9e, mais<br \/>\nencore fragile. Derri\u00e8re la chanteuse \u00e0 la voix puissante, c\u2019est<br \/>\nune femme debout qui rena\u00eet de la douleur, plus enracin\u00e9e que<br \/>\njamais, et pr\u00eate \u00e0 chanter la vie, m\u00eame avec les larmes aux<br \/>\nyeux.<\/p>\n","protected":false},"excerpt":{"rendered":"Dimanche 26 octobre, Amel Bent a troqu\u00e9 les plateaux de The Voice pour la qui\u00e9tude bucolique d\u2019Un dimanche&hellip;\n","protected":false},"author":2,"featured_media":492255,"comment_status":"","ping_status":"","sticky":false,"template":"","format":"standard","meta":{"footnotes":""},"categories":[8],"tags":[20546,548,58,59,1011,27],"class_list":{"0":"post-492254","1":"post","2":"type-post","3":"status-publish","4":"format-standard","5":"has-post-thumbnail","7":"category-divertissement","8":"tag-amel-bent","9":"tag-article-simple","10":"tag-divertissement","11":"tag-entertainment","12":"tag-fr","13":"tag-france"},"share_on_mastodon":{"url":"https:\/\/pubeurope.com\/@fr\/115443625123062760","error":""},"_links":{"self":[{"href":"https:\/\/www.europesays.com\/fr\/wp-json\/wp\/v2\/posts\/492254","targetHints":{"allow":["GET"]}}],"collection":[{"href":"https:\/\/www.europesays.com\/fr\/wp-json\/wp\/v2\/posts"}],"about":[{"href":"https:\/\/www.europesays.com\/fr\/wp-json\/wp\/v2\/types\/post"}],"author":[{"embeddable":true,"href":"https:\/\/www.europesays.com\/fr\/wp-json\/wp\/v2\/users\/2"}],"replies":[{"embeddable":true,"href":"https:\/\/www.europesays.com\/fr\/wp-json\/wp\/v2\/comments?post=492254"}],"version-history":[{"count":0,"href":"https:\/\/www.europesays.com\/fr\/wp-json\/wp\/v2\/posts\/492254\/revisions"}],"wp:featuredmedia":[{"embeddable":true,"href":"https:\/\/www.europesays.com\/fr\/wp-json\/wp\/v2\/media\/492255"}],"wp:attachment":[{"href":"https:\/\/www.europesays.com\/fr\/wp-json\/wp\/v2\/media?parent=492254"}],"wp:term":[{"taxonomy":"category","embeddable":true,"href":"https:\/\/www.europesays.com\/fr\/wp-json\/wp\/v2\/categories?post=492254"},{"taxonomy":"post_tag","embeddable":true,"href":"https:\/\/www.europesays.com\/fr\/wp-json\/wp\/v2\/tags?post=492254"}],"curies":[{"name":"wp","href":"https:\/\/api.w.org\/{rel}","templated":true}]}}