{"id":492260,"date":"2025-10-27T01:54:15","date_gmt":"2025-10-27T01:54:15","guid":{"rendered":"https:\/\/www.europesays.com\/fr\/492260\/"},"modified":"2025-10-27T01:54:15","modified_gmt":"2025-10-27T01:54:15","slug":"les-bureaux-de-vote-ont-ferme","status":"publish","type":"post","link":"https:\/\/www.europesays.com\/fr\/492260\/","title":{"rendered":"les bureaux de vote ont ferm\u00e9"},"content":{"rendered":"<p>\n    Le scrutin est crucial pour Javier Milei\u00a0: largement \u00e9lu \u00e0 la pr\u00e9sidentielle de 2023, mais en minorit\u00e9 avec son petit parti, La Libertad Avanza, il cherche \u00e0 muscler sa base parlementaire pour pousser ses r\u00e9formes.<\/p>\n<p class=\"fig-paragraph\">L\u2019Argentine a vot\u00e9 dimanche\u00a0<a href=\"http:\/\/www.lefigaro.fr\/international\/argentine-la-credibilite-de-javier-milei-mise-a-l-epreuve-par-un-scrutin-de-mi-mandat-20251024\" target=\"_blank\" data-fig-type=\"Article\" rel=\"noopener nofollow\" data-gtm-custom-categorie=\"navigation\" data-gtm-custom-action=\"crossclick\" data-gtm-custom-label=\"Contextuel\" data-gtm-event=\"customEventSPE\" data-fig-domain=\"LEFIGARO\">lors de l\u00e9gislatives d\u00e9cisives pour le pr\u00e9sident ultralib\u00e9ral Javier Milei<\/a>, qui vont d\u00e9terminer sa marge de man\u0153uvre, sa capacit\u00e9 \u00e0 r\u00e9former et d\u00e9r\u00e9guler une \u00e9conomie toujours fragile, sur ses deux ans restants de pr\u00e9sidence. Ces \u00e9lections de \u00abmi-mandat\u00bb \u00e9taient le premier test national pour l\u2019\u00e9conomiste \u00abanarcho-capitaliste\u00bb de 55 ans qui a renvers\u00e9 la politique argentine \u00e0 la pr\u00e9sidentielle de 2023. Et vise \u00e0 pr\u00e9sent muscler sa maigre base parlementaire.<\/p>\n<p class=\"fig-paragraph\">Mais le scrutin a pris une r\u00e9sonance mondiale, avec la perfusion de plus de 40 milliards de dollars, publics ou priv\u00e9s, promise par l\u2019administration Trump \u00e0 l\u2019\u00e9conomie argentine en pleine turbulence financi\u00e8re. Une aide \u00e0 l\u2019alli\u00e9 Milei, mais lest\u00e9e d\u2019un b\u00e9mol: Washington ne sera \u00abpas si g\u00e9n\u00e9reux\u00bb si Milei perd, a pr\u00e9venu Donald Trump. La journ\u00e9e de vote a pris fin \u00e0 18 heures locales (21h GMT), sans incidents, et de premiers r\u00e9sultats devraient \u00eatre connus trois heures plus tard.<\/p>\n<p>                                    <a class=\"fig-a11y-skip a11y-hidden\" href=\"#fig-a11y-skip-main-inarticle\"><br \/>\n        Passer la publicit\u00e9<br \/>\n    <\/a><\/p>\n<p class=\"fig-paragraph\">\u00abLe plus dur est pass\u00e9\u00bb, \u00abNe l\u00e2chez pas!\u00bb, a martel\u00e9 Javier Milei ces derni\u00e8res semaines. Conscient qu\u2019une majorit\u00e9 d\u2019Argentins ont plus ressenti les privations que la stabilisation macro-\u00e9conomique. Et que sa popularit\u00e9, autour de 36-38%, est au plus bas depuis le d\u00e9but de son mandat, apr\u00e8s un basculement de l\u2019humeur sociale courant 2025. Le scrutin renouvelle la moiti\u00e9 des d\u00e9put\u00e9s et un tiers des s\u00e9nateurs, chambres sans majorit\u00e9 absolue. Quasi-certitude selon les sondages: bien qu\u2019au coude \u00e0 coude avec l\u2019opposition p\u00e9roniste (centre gauche), le petit parti de Milei, La Libertad Avanza, comptera plus de si\u00e8ges que jusqu\u2019ici (15% des d\u00e9put\u00e9s, 10% des s\u00e9nateurs).<\/p>\n<p>\u00abManque de finesse\u00bb politique<\/p>\n<p class=\"fig-paragraph\">Progression, mais \u00abvictoire\u00bb pour autant? \u00abUn bon chiffre\u00bb serait un tiers des si\u00e8ges, seuil qui lui permettrait d\u2019imposer ses vetos, a pos\u00e9 Javier Milei. Dans son viseur d\u2019ici 2027: des r\u00e9formes fiscale, de flexibilisation du march\u00e9 du travail, et du syst\u00e8me de protection sociale. Qu\u2019il n\u2019est pas seul \u00e0 souhaiter. \u00abCe gouvernement est en train d\u2019essayer de sortir le pays du trou o\u00f9 l\u2019ont mis les pr\u00e9c\u00e9dents\u00bb, saluait apr\u00e8s son vote dimanche Victorio, \u00e9l\u00e9gant retrait\u00e9 de 70 ans. Mais Milei \u00abmanque de finesse (&#8230;) il s\u2019y conna\u00eet en \u00e9conomie, mais devrait \u00e9couter ceux qui s\u2019y connaissent en politique\u00bb.<\/p>\n<p class=\"fig-paragraph\">Javier Milei a beaucoup l\u00e9gif\u00e9r\u00e9 par d\u00e9crets, ou accords l\u00e9gislatifs ponctuels. Mais il s\u2019est vu de plus en plus entrav\u00e9 par un Parlement braqu\u00e9 par sa rigidit\u00e9, voire ses insultes: \u00abnid \u00e0 rats\u00bb, \u00abd\u00e9g\u00e9n\u00e9r\u00e9s\u00bb&#8230; \u00abOn a besoin d\u2019un Parlement moins polaris\u00e9, avec moins de cris, d\u2019insultes et plus de capacit\u00e9 \u00e0 dialoguer\u00bb, r\u00e9sumait apr\u00e8s son vote le s\u00e9nateur d\u2019opposition (centriste) Mart\u00edn Lousteau. Quel que soit le r\u00e9sultat du scrutin, \u00abMilei devra prendre un virage pragmatique\u00bb, abonde la politologue Lara Goyburu. \u00abRetrouver la capacit\u00e9 de n\u00e9gociation qui lui permit de faire passer des textes\u00bb en d\u00e9but de mandat. \u00abJ\u2019esp\u00e8re qu\u2019il va faire attention \u00e0 ses mani\u00e8res\u00bb, exprimait \u00e0 sa fa\u00e7on Adriana Cotoneo, retrait\u00e9e de 69 ans, qui disait voter Milei plus que tout par rejet du p\u00e9ronisme. \u00abParfois il devrait mettre son \u00e9go de c\u00f4t\u00e9&#8230;\u00bb.<\/p>\n<p class=\"fig-paragraph\">Javier Milei a vot\u00e9 en fin de matin\u00e9e \u00e0 Buenos Aires, prenant un mini-bain de foule aux cris de \u00abAllez Javier!\u00bb. Il arrive au scrutin aur\u00e9ol\u00e9 d\u2019un succ\u00e8s contre l\u2019inflation, ramen\u00e9e de plus de 200% \u00e0 31,8% en interannuel, et d\u2019un \u00e9quilibre budg\u00e9taire in\u00e9dit depuis 14 ans. Mais son \u00abplus grand ajustement budg\u00e9taire de l\u2019Histoire\u00bb &#8211; comme il aime \u00e0 r\u00e9p\u00e9ter &#8211; a vu la perte de plus de 200.000 emplois, un d\u00e9financement de la sant\u00e9 et de l\u2019universit\u00e9 publiques, une activit\u00e9 an\u00e9mi\u00e9e, en contraction de 1,8% en 2024, une reprise 2025 qui s\u2019essouffle. Et une soci\u00e9t\u00e9 plus que jamais \u00e0 deux vitesses.<\/p>\n<p>Le peso en sursis\u00a0?<\/p>\n<p class=\"fig-paragraph\">\u00abIls sont en train d\u2019an\u00e9antir la classe moyenne\u00bb, enrageait dimanche Mariana Menendez, 54 ans. Qui racontait \u00abl\u2019angoisse\u00bb d\u2019avoir vu dispara\u00eetre 200 des 600 emplois de son h\u00f4pital de sant\u00e9 mentale, et \u00abd\u00e9sactiver des programmes d\u2019aide \u00e0 l\u2019enfance, aux violences intrafamiliales, des choses gravissimes\u00bb. Apr\u00e8s bient\u00f4t deux ans de restrictions budg\u00e9taires \u00abs\u2019estompe la confiance dans sa capacit\u00e9 \u00e0 r\u00e9aliser des ajustements plus importants\u00bb, diagnostique Mauricio Monge, analyste Am\u00e9rique latine au cabinet britannique Oxford Economics.<\/p>\n<p>                                    <a class=\"fig-a11y-skip a11y-hidden\" href=\"#fig-a11y-skip-main-inarticle_mtf\"><br \/>\n        Passer la publicit\u00e9<br \/>\n    <\/a><\/p>\n<p class=\"fig-paragraph\">Marque de cette d\u00e9fiance, les march\u00e9s financiers sont sceptiques sur le maintien du cap d\u2019aust\u00e9rit\u00e9, et jugent le peso sur\u00e9valu\u00e9. Plusieurs fois en octobre, le Tr\u00e9sor am\u00e9ricain est intervenu sur le march\u00e9 des changes pour acheter du peso et emp\u00eacher sa chute. Dans l\u2019exp\u00e9rience des Argentins, cela r\u00e9veille une hantise: une d\u00e9valuation, ou une forte d\u00e9pr\u00e9ciation, post-\u00e9lections. \u00abNon\u00bb, a insist\u00e9 dimanche le ministre de l\u2019Economie Luis Caputo. \u00abLundi sera un jour comme les autres, ni le programme \u00e9conomique ni le r\u00e9gime de changes ne seront modifi\u00e9s\u00bb.<\/p>\n","protected":false},"excerpt":{"rendered":"Le scrutin est crucial pour Javier Milei\u00a0: largement \u00e9lu \u00e0 la pr\u00e9sidentielle de 2023, mais en minorit\u00e9 avec&hellip;\n","protected":false},"author":2,"featured_media":492261,"comment_status":"","ping_status":"","sticky":false,"template":"","format":"standard","meta":{"footnotes":""},"categories":[5],"tags":[11,6715,1011,27,14,5924,12,28],"class_list":{"0":"post-492260","1":"post","2":"type-post","3":"status-publish","4":"format-standard","5":"has-post-thumbnail","7":"category-international","8":"tag-actualites","9":"tag-argentine","10":"tag-fr","11":"tag-france","12":"tag-international","13":"tag-javier-milei","14":"tag-news","15":"tag-world"},"share_on_mastodon":{"url":"https:\/\/pubeurope.com\/@fr\/115443640847819808","error":""},"_links":{"self":[{"href":"https:\/\/www.europesays.com\/fr\/wp-json\/wp\/v2\/posts\/492260","targetHints":{"allow":["GET"]}}],"collection":[{"href":"https:\/\/www.europesays.com\/fr\/wp-json\/wp\/v2\/posts"}],"about":[{"href":"https:\/\/www.europesays.com\/fr\/wp-json\/wp\/v2\/types\/post"}],"author":[{"embeddable":true,"href":"https:\/\/www.europesays.com\/fr\/wp-json\/wp\/v2\/users\/2"}],"replies":[{"embeddable":true,"href":"https:\/\/www.europesays.com\/fr\/wp-json\/wp\/v2\/comments?post=492260"}],"version-history":[{"count":0,"href":"https:\/\/www.europesays.com\/fr\/wp-json\/wp\/v2\/posts\/492260\/revisions"}],"wp:featuredmedia":[{"embeddable":true,"href":"https:\/\/www.europesays.com\/fr\/wp-json\/wp\/v2\/media\/492261"}],"wp:attachment":[{"href":"https:\/\/www.europesays.com\/fr\/wp-json\/wp\/v2\/media?parent=492260"}],"wp:term":[{"taxonomy":"category","embeddable":true,"href":"https:\/\/www.europesays.com\/fr\/wp-json\/wp\/v2\/categories?post=492260"},{"taxonomy":"post_tag","embeddable":true,"href":"https:\/\/www.europesays.com\/fr\/wp-json\/wp\/v2\/tags?post=492260"}],"curies":[{"name":"wp","href":"https:\/\/api.w.org\/{rel}","templated":true}]}}