{"id":492270,"date":"2025-10-27T02:04:13","date_gmt":"2025-10-27T02:04:13","guid":{"rendered":"https:\/\/www.europesays.com\/fr\/492270\/"},"modified":"2025-10-27T02:04:13","modified_gmt":"2025-10-27T02:04:13","slug":"top-14-le-retour-fracassant-de-juan-cruz-mallia-toulouse-auteur-dun-triple","status":"publish","type":"post","link":"https:\/\/www.europesays.com\/fr\/492270\/","title":{"rendered":"Top 14. Le retour fracassant de Juan Cruz Mallia (Toulouse) auteur d\u2019un tripl\u00e9"},"content":{"rendered":"<p>            Par<br \/>\n        <strong><br \/>\n            <a href=\"https:\/\/actu.fr\/auteur\/saintsevin-justine\" title=\"Consulter tous les articles de Justine Saint-Sevin\" target=\"_blank\" rel=\"noopener\">Justine Saint-Sevin<\/a><br \/>\n        <\/strong><\/p>\n<p>        Publi\u00e9 le<\/p>\n<p>            26 oct. 2025 \u00e0 23h56        <\/p>\n<p>Du feu dans les jambes. Visiblement, il n\u2019en pouvait plus d\u2019attendre. Apr\u00e8s une coupure de plusieurs jours de vacances pour r\u00e9cup\u00e9rer de son d\u00e9but de saison, pass\u00e9 sous la tunique des Pumas (finale de Rugby Championship perdue contre l\u2019Afrique du Sud), <strong>Juan Crua Mallia<\/strong> avait \u00e0 c\u0153ur de soigner son retour. C\u2019est chose faite et avec la mani\u00e8re\u2009! L\u2019arri\u00e8re polyvalent a \u00e9t\u00e9 un v\u00e9ritable dynamiteur pour <strong>Toulouse<\/strong>, qui a inflig\u00e9 \u00e0 Toulon le tarif maison\u2009: une victoire 59-24 pour conclure la 8e journ\u00e9e de <a href=\"https:\/\/actu.fr\/rugby\/top-14\" target=\"_blank\" rel=\"noopener\">Top 14<\/a> et un bonus offensif de plus. Gr\u00e2ce \u00e0 un goal-average favorable, les <a href=\"https:\/\/actu.fr\/tag\/stade-toulousain\" target=\"_blank\" rel=\"noopener\">Toulousains<\/a> reprennent la t\u00eate du classement au Stade Fran\u00e7ais.<\/p>\n<p>Un \u00e9clair et deux essais de pur ailier<\/p>\n<p class=\" wall-content\">Signature des grands joueurs, l\u2019Argentin a frapp\u00e9 trois fois\u2026 dont deux fois tr\u00e8s forts en allant aplatir dans l\u2019en-but quand \u00e7a fait le plus mal. Au d\u00e9but de chacune des p\u00e9riodes. Il y a d\u2019abord eu cet \u00e9clair, un essai qu\u2019il se fait tout seul, avec sa malice et son sens du timing quand il intercepte un ballon cafouill\u00e9 \u00e0 15\u00a0m de son en-but avant de crucifier le RCT au bout d\u2019une course de 80\u00a0m (7-0, 6e).<\/p>\n<p class=\" wall-content\">Puis, il double la mise juste au retour des vestiaires, que les Toulousains avaient rejoint avec un petit matelas d\u2019avance (24-3) en exploitant parfaitement l\u2019inf\u00e9riorit\u00e9 num\u00e9rique varoise (carton jaune, Swan Rebbadj, 28e). Cette fois, parfaitement d\u00e9cal\u00e9 par Romain Ntamack et Blair Kinghorn, il score en coin dans un style pur d\u2019ailier finisseur (31-3, 47e).<\/p>\n<p class=\" wall-content\">\n<p class=\" wall-content\">Enfin, il remettait tout le monde en ordre de marche \u00e0 l\u2019heure de jeu apr\u00e8s une p\u00e9riode de flottement marqu\u00e9e par l\u2019expulsion temporaire de Santiago Chocobares (51e) et le premier essai varois inscrit par Mathis Fert\u00e9 (31-10, 53e). Dans la foul\u00e9e de la <a href=\"https:\/\/actu.fr\/occitanie\/toulouse_31555\/georges-henri-colombe-toulouse-evacue-sur-civiere-apres-un-deblayage-de-ma-a-nonu_63353983.html\" target=\"_blank\" rel=\"noopener\">sortie sur civi\u00e8re de Georges-Henri Colombe<\/a>, Mallia, au duel avec Melvyn Jaminet, r\u00e9ceptionnait une merveille de passe au pied de Romain Ntamack, et fon\u00e7ait vers l\u2019en-but (43-10, 61e).<\/p>\n<p class=\" wall-content\">Si l\u2019affaire n\u2019\u00e9tait pas encore pli\u00e9e, en t\u00e9moignent les 4 essais inscrits ensuite par les deux \u00e9quipes, l\u2019arri\u00e8re a eu la bonne id\u00e9e de donner de l\u2019air aux siens quand il le fallait, s\u2019appliquant \u00e0 ce que le vent ne tourne pas. Sacr\u00e9 retour.<\/p>\n<p class=\" wall-content\">Personnalisez votre actualit\u00e9 en ajoutant vos villes et m\u00e9dias en favori avec <a href=\"https:\/\/moncompte.actu.fr\" title=\"D\u00e9couvez Mon Actu\" rel=\"nofollow noopener\" data-trk=\"{&quot;cta&quot;:{&quot;action&quot;:&quot;https:\\\/\\\/moncompte.actu.fr&quot;,&quot;category&quot;:&quot;mon compte&quot;,&quot;from&quot;:&quot;article footer&quot;,&quot;name&quot;:&quot;Mon actu&quot;,&quot;type&quot;:&quot;cta&quot;}}\" target=\"_blank\">Mon Actu<\/a>.<\/p>\n","protected":false},"excerpt":{"rendered":"Par Justine Saint-Sevin Publi\u00e9 le 26 oct. 2025 \u00e0 23h56 Du feu dans les jambes. Visiblement, il n\u2019en&hellip;\n","protected":false},"author":2,"featured_media":492271,"comment_status":"","ping_status":"","sticky":false,"template":"","format":"standard","meta":{"footnotes":""},"categories":[9619],"tags":[1111,11,1777,674,1011,27,12,882,6717,25,479,60,476,478,2310],"class_list":{"0":"post-492270","1":"post","2":"type-post","3":"status-publish","4":"format-standard","5":"has-post-thumbnail","7":"category-toulon","8":"tag-actu","9":"tag-actualites","10":"tag-eu","11":"tag-europe","12":"tag-fr","13":"tag-france","14":"tag-news","15":"tag-provence-alpes-cote-dazur","16":"tag-rct-rugby-club-toulonnais","17":"tag-republique-francaise","18":"tag-rugby","19":"tag-sports","20":"tag-stade-toulousain","21":"tag-top-14","22":"tag-toulon"},"share_on_mastodon":{"url":"https:\/\/pubeurope.com\/@fr\/115443680081930375","error":""},"_links":{"self":[{"href":"https:\/\/www.europesays.com\/fr\/wp-json\/wp\/v2\/posts\/492270","targetHints":{"allow":["GET"]}}],"collection":[{"href":"https:\/\/www.europesays.com\/fr\/wp-json\/wp\/v2\/posts"}],"about":[{"href":"https:\/\/www.europesays.com\/fr\/wp-json\/wp\/v2\/types\/post"}],"author":[{"embeddable":true,"href":"https:\/\/www.europesays.com\/fr\/wp-json\/wp\/v2\/users\/2"}],"replies":[{"embeddable":true,"href":"https:\/\/www.europesays.com\/fr\/wp-json\/wp\/v2\/comments?post=492270"}],"version-history":[{"count":0,"href":"https:\/\/www.europesays.com\/fr\/wp-json\/wp\/v2\/posts\/492270\/revisions"}],"wp:featuredmedia":[{"embeddable":true,"href":"https:\/\/www.europesays.com\/fr\/wp-json\/wp\/v2\/media\/492271"}],"wp:attachment":[{"href":"https:\/\/www.europesays.com\/fr\/wp-json\/wp\/v2\/media?parent=492270"}],"wp:term":[{"taxonomy":"category","embeddable":true,"href":"https:\/\/www.europesays.com\/fr\/wp-json\/wp\/v2\/categories?post=492270"},{"taxonomy":"post_tag","embeddable":true,"href":"https:\/\/www.europesays.com\/fr\/wp-json\/wp\/v2\/tags?post=492270"}],"curies":[{"name":"wp","href":"https:\/\/api.w.org\/{rel}","templated":true}]}}