{"id":492278,"date":"2025-10-27T02:15:30","date_gmt":"2025-10-27T02:15:30","guid":{"rendered":"https:\/\/www.europesays.com\/fr\/492278\/"},"modified":"2025-10-27T02:15:30","modified_gmt":"2025-10-27T02:15:30","slug":"strasbourg-2-1-fofana-la-grosse-entorse-de-la-soiree","status":"publish","type":"post","link":"https:\/\/www.europesays.com\/fr\/492278\/","title":{"rendered":"Strasbourg (2-1) : Fofana, la grosse entorse de la soir\u00e9e"},"content":{"rendered":"<p>                            <img width=\"770\" height=\"433\" src=\"https:\/\/www.europesays.com\/fr\/wp-content\/uploads\/2025\/10\/AFP__20251026__823N6EW__v1__HighRes__FblFraLigue1LyonStrasbourg-e1761518883380-770x433.jpg\" class=\"attachment-article size-article wp-post-image\" alt=\"Malick Fofana lors d'OL - Strasbourg\" decoding=\"async\" fetchpriority=\"high\"  \/><\/p>\n<p>Malick Fofana lors d\u2019OL \u2013 Strasbourg (Photo by OLIVIER CHASSIGNOLE \/ AFP)<\/p>\n<p>Dans la belle victoire de l\u2019OL contre Strasbourg, le gros point noir a \u00e9t\u00e9 la sortie sur civi\u00e8re de Malick Fofana. L\u2019ailier belge a pris la direction de l\u2019h\u00f4pital pour passer des radios.<\/p>\n<p>Les sourires \u00e9taient forc\u00e9ment pr\u00e9sents au coup de sifflet final. La merveille de frappe enroul\u00e9e d\u2019Afonso\u00a0<strong>Moreira<\/strong>\u00a0a d\u00e9livr\u00e9 tout un stade et surtout toute une \u00e9quipe qui cherchait \u00e0 mettre un terme \u00e0 sa mauvaise s\u00e9rie de deux d\u00e9faites de suite en Ligue 1. Seulement, le visage positif ne pouvait laisser de c\u00f4t\u00e9 la tristesse qui a touch\u00e9 ce groupe de l\u2019<strong>OL<\/strong>, ce dimanche face \u00e0\u00a0<strong>Strasbourg<\/strong>\u00a0<a href=\"https:\/\/www.olympique-et-lyonnais.com\/dans-un-match-electrique-lol-fait-tomber-strasbourg-2-1,383440.html\" target=\"_blank\" rel=\"noopener\">(2-1)<\/a>. \u00c0 la 67e minute, un tournant a eu lieu dans ce match avec l\u2019exclusion de\u00a0<strong>Doukour\u00e9\u00a0<\/strong>pour un tacle par derri\u00e8re sur Malick\u00a0<strong>Fofana<\/strong>. Un attentat dont Liam\u00a0<strong>Rosenior<\/strong>\u00a0a quand m\u00eame jug\u00e9 bon qu\u2019il ne valait pas un rouge mais qui a envoy\u00e9 directement l\u2019ailier belge \u00e0 l\u2019h\u00f4pital.<\/p>\n<p>Des examens compl\u00e9mentaires pour connaitre la vraie gravit\u00e9<\/p>\n<p>D&rsquo;ailleurs, selon nos informations, les propos strasbourgeois sur cette action en ont choqu\u00e9 plus d&rsquo;un dans les coursives du Parc OL, les images parlant pour elles-m\u00eames. Sorti sur civi\u00e8re et sous les applaudissements de tout un stade,\u00a0<strong>Fofana<\/strong>\u00a0a tout de suite pris la direction de l\u2019h\u00f4pital pour y passer des radios. \u00ab\u00a0Les images ne sont pas rassurantes, on va entendre pour en savoir plus\u00a0\u00bb, soufflait Jorge <strong>Maciel<\/strong> apr\u00e8s la rencontre. Selon les informations recueillies par Olympique-et-Lyonnais, il y aurait bien entorse mais pas au niveau du genou. Toutefois, des examens compl\u00e9mentaires vont \u00eatre faits pour connaitre la v\u00e9ritable gravit\u00e9 de la blessure. Quoi qu\u2019il en soit, c\u2019est un vrai coup dur pour l\u2019OL, qui n\u2019avait pas besoin de \u00e7a offensivement.<\/p>\n<p>\t\t\t\t\t<a href=\"https:\/\/www.olympique-et-lyonnais.com\/ol-strasbourg-2-1-top-flop-ce-quil-faut-retenir,383443.html\" title=\"OL - Strasbourg (2-1) : top, flop, ce qu\u2019il faut retenir\" target=\"_blank\" rel=\"noopener\"><img loading=\"lazy\" width=\"580\" height=\"326\" src=\"https:\/\/www.europesays.com\/fr\/wp-content\/uploads\/2025\/10\/AFP__20250823__DPPI_40025063_037__v1__HighRes__FootballFrenchChampLyonVMetz-580x326.jpg\" class=\"attachment-actularge size-actularge wp-post-image\" alt=\"Moussa Niakhat\u00e9, d\u00e9fenseur de l'OL\" decoding=\"async\"  \/>\t\t\t\t\t<\/a><\/p>\n","protected":false},"excerpt":{"rendered":"Malick Fofana lors d\u2019OL \u2013 Strasbourg (Photo by OLIVIER CHASSIGNOLE \/ AFP) Dans la belle victoire de l\u2019OL&hellip;\n","protected":false},"author":2,"featured_media":492279,"comment_status":"","ping_status":"","sticky":false,"template":"","format":"standard","meta":{"footnotes":""},"categories":[2820],"tags":[1111,11,1777,674,1011,27,775,66,12,241,978,25,640],"class_list":{"0":"post-492278","1":"post","2":"type-post","3":"status-publish","4":"format-standard","5":"has-post-thumbnail","7":"category-strasbourg","8":"tag-actu","9":"tag-actualites","10":"tag-eu","11":"tag-europe","12":"tag-fr","13":"tag-france","14":"tag-grand-est","15":"tag-ligue-1","16":"tag-news","17":"tag-ol","18":"tag-olympique-lyonnais","19":"tag-republique-francaise","20":"tag-strasbourg"},"share_on_mastodon":{"url":"https:\/\/pubeurope.com\/@fr\/115443724416432969","error":""},"_links":{"self":[{"href":"https:\/\/www.europesays.com\/fr\/wp-json\/wp\/v2\/posts\/492278","targetHints":{"allow":["GET"]}}],"collection":[{"href":"https:\/\/www.europesays.com\/fr\/wp-json\/wp\/v2\/posts"}],"about":[{"href":"https:\/\/www.europesays.com\/fr\/wp-json\/wp\/v2\/types\/post"}],"author":[{"embeddable":true,"href":"https:\/\/www.europesays.com\/fr\/wp-json\/wp\/v2\/users\/2"}],"replies":[{"embeddable":true,"href":"https:\/\/www.europesays.com\/fr\/wp-json\/wp\/v2\/comments?post=492278"}],"version-history":[{"count":0,"href":"https:\/\/www.europesays.com\/fr\/wp-json\/wp\/v2\/posts\/492278\/revisions"}],"wp:featuredmedia":[{"embeddable":true,"href":"https:\/\/www.europesays.com\/fr\/wp-json\/wp\/v2\/media\/492279"}],"wp:attachment":[{"href":"https:\/\/www.europesays.com\/fr\/wp-json\/wp\/v2\/media?parent=492278"}],"wp:term":[{"taxonomy":"category","embeddable":true,"href":"https:\/\/www.europesays.com\/fr\/wp-json\/wp\/v2\/categories?post=492278"},{"taxonomy":"post_tag","embeddable":true,"href":"https:\/\/www.europesays.com\/fr\/wp-json\/wp\/v2\/tags?post=492278"}],"curies":[{"name":"wp","href":"https:\/\/api.w.org\/{rel}","templated":true}]}}