{"id":492286,"date":"2025-10-27T02:21:17","date_gmt":"2025-10-27T02:21:17","guid":{"rendered":"https:\/\/www.europesays.com\/fr\/492286\/"},"modified":"2025-10-27T02:21:17","modified_gmt":"2025-10-27T02:21:17","slug":"previsions-du-lundi-27-octobre-2025-5","status":"publish","type":"post","link":"https:\/\/www.europesays.com\/fr\/492286\/","title":{"rendered":"pr\u00e9visions du lundi 27 octobre 2025"},"content":{"rendered":"<p>Aujourd&rsquo;hui, le soleil sera dissimul\u00e9 derri\u00e8re des nuages \u00e0 Bordeaux, o\u00f9 le ciel sera couvert. Des pluies \u00e9parses tomberont. Les maximales pourront atteindre 17\u00b0C et les minimales seront de 10\u00b0C. Une petite brise d&rsquo;ouest soufflera. Il va faire en moyenne 14\u00b0C, le matin. L&rsquo;apr\u00e8s-midi, des nuages ne voudront pas faire place au soleil. Les temp\u00e9ratures seront de 14\u00b0C au minimum et de 17\u00b0C au plus haut. Le soir, encore des nuages dans le ciel qui emp\u00eachent le soleil d&rsquo;appara\u00eetre. Des pluies \u00e9parses sont pr\u00e9vues. Entre lundi et mardi, la nuit sera pluvieuse.<\/p>\n<p>Pour Bordeaux, un temps plus chaud est \u00e0 pr\u00e9voir demain puisque les temp\u00e9ratures vont conna\u00eetre une augmentation. Il fera 16\u00b0C en moyenne. Un vent de sud-est rafra\u00eechira sensiblement l&rsquo;atmosph\u00e8re. La matin\u00e9e va rester voil\u00e9e \u00e0 cause de nuages qui perdurent dans le ciel. Des pluies \u00e9parses vont tomber. Les temp\u00e9ratures avoisineront les 15\u00b0C. Un beau soleil est attendu demain apr\u00e8s-midi. Les valeurs seront comprises entre 15 et 19\u00b0C. Demain soir, c&rsquo;est sur un ciel tapiss\u00e9 de nuages qu&rsquo;il faudra compter.<\/p>\n<p>Des changements sont pr\u00e9vus les jours suivants. Mercredi, la m\u00e9t\u00e9o sera nuageuse tandis qu&rsquo;une am\u00e9lioration est attendue jeudi.<\/p>\n<p><\/p>\n","protected":false},"excerpt":{"rendered":"Aujourd&rsquo;hui, le soleil sera dissimul\u00e9 derri\u00e8re des nuages \u00e0 Bordeaux, o\u00f9 le ciel sera couvert. Des pluies \u00e9parses&hellip;\n","protected":false},"author":2,"featured_media":492287,"comment_status":"","ping_status":"","sticky":false,"template":"","format":"standard","meta":{"footnotes":""},"categories":[2817],"tags":[1111,11,1997,1777,674,1011,27,12,2219,2119,25],"class_list":{"0":"post-492286","1":"post","2":"type-post","3":"status-publish","4":"format-standard","5":"has-post-thumbnail","7":"category-bordeaux","8":"tag-actu","9":"tag-actualites","10":"tag-bordeaux","11":"tag-eu","12":"tag-europe","13":"tag-fr","14":"tag-france","15":"tag-news","16":"tag-nouvelle-aquitaine","17":"tag-previsions-meteo","18":"tag-republique-francaise"},"share_on_mastodon":{"url":"https:\/\/pubeurope.com\/@fr\/115443747495925644","error":""},"_links":{"self":[{"href":"https:\/\/www.europesays.com\/fr\/wp-json\/wp\/v2\/posts\/492286","targetHints":{"allow":["GET"]}}],"collection":[{"href":"https:\/\/www.europesays.com\/fr\/wp-json\/wp\/v2\/posts"}],"about":[{"href":"https:\/\/www.europesays.com\/fr\/wp-json\/wp\/v2\/types\/post"}],"author":[{"embeddable":true,"href":"https:\/\/www.europesays.com\/fr\/wp-json\/wp\/v2\/users\/2"}],"replies":[{"embeddable":true,"href":"https:\/\/www.europesays.com\/fr\/wp-json\/wp\/v2\/comments?post=492286"}],"version-history":[{"count":0,"href":"https:\/\/www.europesays.com\/fr\/wp-json\/wp\/v2\/posts\/492286\/revisions"}],"wp:featuredmedia":[{"embeddable":true,"href":"https:\/\/www.europesays.com\/fr\/wp-json\/wp\/v2\/media\/492287"}],"wp:attachment":[{"href":"https:\/\/www.europesays.com\/fr\/wp-json\/wp\/v2\/media?parent=492286"}],"wp:term":[{"taxonomy":"category","embeddable":true,"href":"https:\/\/www.europesays.com\/fr\/wp-json\/wp\/v2\/categories?post=492286"},{"taxonomy":"post_tag","embeddable":true,"href":"https:\/\/www.europesays.com\/fr\/wp-json\/wp\/v2\/tags?post=492286"}],"curies":[{"name":"wp","href":"https:\/\/api.w.org\/{rel}","templated":true}]}}