{"id":492294,"date":"2025-10-27T02:28:28","date_gmt":"2025-10-27T02:28:28","guid":{"rendered":"https:\/\/www.europesays.com\/fr\/492294\/"},"modified":"2025-10-27T02:28:28","modified_gmt":"2025-10-27T02:28:28","slug":"previsions-du-lundi-27-octobre-2025-7","status":"publish","type":"post","link":"https:\/\/www.europesays.com\/fr\/492294\/","title":{"rendered":"pr\u00e9visions du lundi 27 octobre 2025"},"content":{"rendered":"<p class=\"mb-4 text-lg md:leading-8 break-words\"><strong>M\u00e9t\u00e9o &#8211; Cette journ\u00e9e rimera avec beau soleil. Les temp\u00e9ratures seront de 14\u00b0C le matin et de 17\u00b0C l&rsquo;apr\u00e8s-midi&#8230;<\/strong><\/p>\n<p class=\"mb-4 text-lg md:leading-8 break-words\">\u00c0 Marseille les valeurs s&rsquo;\u00e9chelonneront entre 12 et 17\u00b0C pendant la journ\u00e9e. Un vent de nord-ouest soufflera \u00e0 43 km\/h. Le soleil sera dominant, la garantie d&rsquo;une magnifique matin\u00e9e ! Les temp\u00e9ratures tourneront autour des 14\u00b0C. Le ciel va l\u00e9g\u00e8rement se d\u00e9gager dans l&rsquo;apr\u00e8s-midi avec des \u00e9claircies. Les temp\u00e9ratures seront de 16\u00b0C au plus bas et de 17\u00b0C au plus haut. Un vent de nord-ouest soufflera \u00e0 46 km\/h. Le vent de nord-ouest sera assez fort avec ses 46 km\/h. \u00c0 la nuit tomb\u00e9e, le ciel sera d\u00e9pourvu de nuages.<\/p>\n<p class=\"mb-4 text-lg md:leading-8 break-words\">Un beau soleil est attendu demain \u00e0 Marseille. Le temps va se r\u00e9chauffer avec une hausse de quelques degr\u00e9s. On anticipe des valeurs d&rsquo;environ 17\u00b0C. Un vent de nord-ouest, atteignant 28 km\/h, soufflera. Les temp\u00e9ratures seront comprises entre 14\u00b0C et 18\u00b0C dans la matin\u00e9e. Les maximales iront jusqu&rsquo;\u00e0 20\u00b0C dans l&rsquo;apr\u00e8s-midi alors que les minimales seront de 18\u00b0C. Des \u00e9claircies sont pr\u00e9vues : on passera une soir\u00e9e agr\u00e9able. Il fera environ 17\u00b0C.<\/p>\n<p class=\"mb-4 text-lg md:leading-8 break-words\">Les conditions m\u00e9t\u00e9orologiques des journ\u00e9es suivantes vont se d\u00e9grader. Il va faire un temps plut\u00f4t pluvieux avec des temp\u00e9ratures autour de 17\u00b0C.<\/p>\n<p class=\"mb-4 text-lg md:leading-8 break-words\"><a href=\"https:\/\/www.20minutes.fr\/planete\/previsions-meteo\/4181637-20251027-meteo-marseille-previsions-lundi-27-octobre-2025?at_medium=RSS%20feed&amp;at_campaign=ynews&amp;utm_source=yahoo&amp;utm_medium=rss&amp;utm_campaign=news_feed&amp;utm_content=read_more_link&quot;\" rel=\"nofollow noopener\" target=\"_blank\" data-ylk=\"slk:Lire la suite sur 20minutes;elm:context_link;itc:0;sec:content-canvas\" class=\"link \">Lire la suite sur 20minutes<\/a><\/p>\n","protected":false},"excerpt":{"rendered":"M\u00e9t\u00e9o &#8211; Cette journ\u00e9e rimera avec beau soleil. Les temp\u00e9ratures seront de 14\u00b0C le matin et de 17\u00b0C&hellip;\n","protected":false},"author":2,"featured_media":492295,"comment_status":"","ping_status":"","sticky":false,"template":"","format":"standard","meta":{"footnotes":""},"categories":[2814],"tags":[1111,11,55599,1777,674,1011,27,55813,29508,884,2487,12,882,25],"class_list":{"0":"post-492294","1":"post","2":"type-post","3":"status-publish","4":"format-standard","5":"has-post-thumbnail","7":"category-marseille","8":"tag-actu","9":"tag-actualites","10":"tag-beau-soleil","11":"tag-eu","12":"tag-europe","13":"tag-fr","14":"tag-france","15":"tag-la-nuit-tombee","16":"tag-le-ciel","17":"tag-marseille","18":"tag-meteo","19":"tag-news","20":"tag-provence-alpes-cote-dazur","21":"tag-republique-francaise"},"share_on_mastodon":{"url":"https:\/\/pubeurope.com\/@fr\/115443774553814709","error":""},"_links":{"self":[{"href":"https:\/\/www.europesays.com\/fr\/wp-json\/wp\/v2\/posts\/492294","targetHints":{"allow":["GET"]}}],"collection":[{"href":"https:\/\/www.europesays.com\/fr\/wp-json\/wp\/v2\/posts"}],"about":[{"href":"https:\/\/www.europesays.com\/fr\/wp-json\/wp\/v2\/types\/post"}],"author":[{"embeddable":true,"href":"https:\/\/www.europesays.com\/fr\/wp-json\/wp\/v2\/users\/2"}],"replies":[{"embeddable":true,"href":"https:\/\/www.europesays.com\/fr\/wp-json\/wp\/v2\/comments?post=492294"}],"version-history":[{"count":0,"href":"https:\/\/www.europesays.com\/fr\/wp-json\/wp\/v2\/posts\/492294\/revisions"}],"wp:featuredmedia":[{"embeddable":true,"href":"https:\/\/www.europesays.com\/fr\/wp-json\/wp\/v2\/media\/492295"}],"wp:attachment":[{"href":"https:\/\/www.europesays.com\/fr\/wp-json\/wp\/v2\/media?parent=492294"}],"wp:term":[{"taxonomy":"category","embeddable":true,"href":"https:\/\/www.europesays.com\/fr\/wp-json\/wp\/v2\/categories?post=492294"},{"taxonomy":"post_tag","embeddable":true,"href":"https:\/\/www.europesays.com\/fr\/wp-json\/wp\/v2\/tags?post=492294"}],"curies":[{"name":"wp","href":"https:\/\/api.w.org\/{rel}","templated":true}]}}