{"id":492296,"date":"2025-10-27T02:29:15","date_gmt":"2025-10-27T02:29:15","guid":{"rendered":"https:\/\/www.europesays.com\/fr\/492296\/"},"modified":"2025-10-27T02:29:15","modified_gmt":"2025-10-27T02:29:15","slug":"un-automobiliste-perd-le-controle-de-sa-voiture-et-termine-sur-le-toit","status":"publish","type":"post","link":"https:\/\/www.europesays.com\/fr\/492296\/","title":{"rendered":"un automobiliste perd le contr\u00f4le de sa voiture et termine sur le toit"},"content":{"rendered":"<p itemprop=\"description\"><strong>La circulation a \u00e9t\u00e9 interrompue une partie de la matin\u00e9e apr\u00e8s un accident spectaculaire impliquant une seule voiture.<\/strong><\/p>\n<p>En fin de matin\u00e9e ce dimanche, une Renault Captur a perdu le contr\u00f4le au niveau du num\u00e9ro 184 de l&rsquo;avenue Berthelot (Lyon 7e).\u00a0Le v\u00e9hicule a percut\u00e9 une voiture en stationnement avant de se retourner et de s\u2019immobiliser sur le toit. Plusieurs passants ont assist\u00e9 \u00e0 la sc\u00e8ne, m\u00e9dus\u00e9s par la violence du choc.<\/p>\n<p>Selon les premiers \u00e9l\u00e9ments, l\u2019automobiliste, seul \u00e0 bord, a \u00e9t\u00e9 l\u00e9g\u00e8rement bless\u00e9. Pris en charge par les sapeurs-pompiers, il a \u00e9t\u00e9 transport\u00e9 \u00e0 l\u2019h\u00f4pital. Son pronostic vital n\u2019est pas engag\u00e9.<\/p>\n<p>L\u2019avenue Berthelot a \u00e9t\u00e9 temporairement ferm\u00e9e \u00e0 la circulation pour permettre l\u2019intervention des secours, puis l\u2019enl\u00e8vement du v\u00e9hicule accident\u00e9. Une d\u00e9viation a \u00e9t\u00e9 mise en place par la rue du Repos le temps de l\u2019op\u00e9ration.<\/p>\n<p>Une enqu\u00eate devra d\u00e9terminer les circonstances exactes de cette perte de contr\u00f4le.<\/p>\n","protected":false},"excerpt":{"rendered":"La circulation a \u00e9t\u00e9 interrompue une partie de la matin\u00e9e apr\u00e8s un accident spectaculaire impliquant une seule voiture.&hellip;\n","protected":false},"author":2,"featured_media":492297,"comment_status":"","ping_status":"","sticky":false,"template":"","format":"standard","meta":{"footnotes":""},"categories":[1889],"tags":[1111,11,2813,2190,2430,1109,251,1112,2811,1777,674,118,1011,27,1922,1110,1114,2428,2810,12,241,316,25,2812,517,800],"class_list":{"0":"post-492296","1":"post","2":"type-post","3":"status-publish","4":"format-standard","5":"has-post-thumbnail","7":"category-lyon","8":"tag-actu","9":"tag-actualites","10":"tag-article","11":"tag-asvel","12":"tag-auvergne-rhone-alpes","13":"tag-breves","14":"tag-culture","15":"tag-depeches","16":"tag-economique","17":"tag-eu","18":"tag-europe","19":"tag-faits-divers","20":"tag-fr","21":"tag-france","22":"tag-info","23":"tag-informations","24":"tag-infos","25":"tag-lyon","26":"tag-lyonmag","27":"tag-news","28":"tag-ol","29":"tag-politique","30":"tag-republique-francaise","31":"tag-sociale","32":"tag-sport","33":"tag-transports"},"share_on_mastodon":{"url":"https:\/\/pubeurope.com\/@fr\/115443778471024626","error":""},"_links":{"self":[{"href":"https:\/\/www.europesays.com\/fr\/wp-json\/wp\/v2\/posts\/492296","targetHints":{"allow":["GET"]}}],"collection":[{"href":"https:\/\/www.europesays.com\/fr\/wp-json\/wp\/v2\/posts"}],"about":[{"href":"https:\/\/www.europesays.com\/fr\/wp-json\/wp\/v2\/types\/post"}],"author":[{"embeddable":true,"href":"https:\/\/www.europesays.com\/fr\/wp-json\/wp\/v2\/users\/2"}],"replies":[{"embeddable":true,"href":"https:\/\/www.europesays.com\/fr\/wp-json\/wp\/v2\/comments?post=492296"}],"version-history":[{"count":0,"href":"https:\/\/www.europesays.com\/fr\/wp-json\/wp\/v2\/posts\/492296\/revisions"}],"wp:featuredmedia":[{"embeddable":true,"href":"https:\/\/www.europesays.com\/fr\/wp-json\/wp\/v2\/media\/492297"}],"wp:attachment":[{"href":"https:\/\/www.europesays.com\/fr\/wp-json\/wp\/v2\/media?parent=492296"}],"wp:term":[{"taxonomy":"category","embeddable":true,"href":"https:\/\/www.europesays.com\/fr\/wp-json\/wp\/v2\/categories?post=492296"},{"taxonomy":"post_tag","embeddable":true,"href":"https:\/\/www.europesays.com\/fr\/wp-json\/wp\/v2\/tags?post=492296"}],"curies":[{"name":"wp","href":"https:\/\/api.w.org\/{rel}","templated":true}]}}