{"id":492306,"date":"2025-10-27T02:36:31","date_gmt":"2025-10-27T02:36:31","guid":{"rendered":"https:\/\/www.europesays.com\/fr\/492306\/"},"modified":"2025-10-27T02:36:31","modified_gmt":"2025-10-27T02:36:31","slug":"des-vivants-pourquoi-il-faut-absolument-regarder-cette-bouleversante-serie-sur-les-rescapes-du-bataclan","status":"publish","type":"post","link":"https:\/\/www.europesays.com\/fr\/492306\/","title":{"rendered":"\u00ab\u00a0Des vivants\u00a0\u00bb\u00a0: pourquoi il faut absolument regarder cette bouleversante s\u00e9rie sur les rescap\u00e9s du Bataclan"},"content":{"rendered":"<p class=\"paragraph text_align_left lp-f-body-02\">\u00ab Jeff ! Jeff ! \u00bb ! La tempe en sang, un homme hagard hurle dans la nuit ce pr\u00e9nom en d\u00e9ambulant parmi les brancards charg\u00e9s de bless\u00e9s, les camions de pompiers et ambulances du Samu. Extrait de l\u2019enfer, Seb cherche son copain au milieu du chaos, devant <a href=\"https:\/\/www.leparisien.fr\/paris-75\/la-nouvelle-vie-du-bataclan-desormais-propriete-de-la-ville-de-paris-28-09-2021-KC5AIYL3XZGJ3HIN5E73PF4DRM.php\" target=\"_blank\" rel=\"noreferrer nofollow noopener\">le Bataclan<\/a> \u00e0 Paris (<a href=\"https:\/\/www.leparisien.fr\/paris-75\/paris-75011\/\" target=\"_blank\" rel=\"noreferrer nofollow noopener\">XIe<\/a>), ce <a href=\"https:\/\/www.leparisien.fr\/faits-divers\/attentats-du-13-novembre-2015\/\" target=\"_blank\" rel=\"noreferrer nofollow noopener\">13 novembre 2015<\/a>. Dans une cour transform\u00e9e en poste m\u00e9dical avanc\u00e9, Marie, elle, r\u00e9p\u00e8te inlassablement : \u00ab Quelqu\u2019un a un t\u00e9l\u00e9phone ? C\u2019est pour appeler mon mari, parce qu\u2019il est encore l\u00e0-bas \u00bb.<\/p>\n<p class=\"paragraph text_align_left lp-f-body-02\">L\u00e0-bas, c\u2019est la salle de spectacles <a href=\"https:\/\/www.leparisien.fr\/societe\/une-soiree-restee-dans-les-memoires-80-des-francais-jugent-important-de-commemorer-les-attentats-de-paris-de-2015-06-05-2025-IT3VUQG3RVHDDBEZOW55MHKJKE.php\" target=\"_blank\" rel=\"noreferrer nofollow noopener\">o\u00f9 la tuerie vient d\u2019avoir lieu<\/a>. Et, au premier \u00e9tage, ce couloir \u00e9troit o\u00f9 11 spectateurs du concert des <a href=\"https:\/\/www.leparisien.fr\/culture-loisirs\/musique\/attentats-du-13-novembre-le-chanteur-d-eagles-of-death-metal-et-les-francais-amis-a-vie-13-11-2020-8408121.php\" target=\"_blank\" rel=\"noreferrer nofollow noopener\">Eagles of Death Metal<\/a> ont \u00e9t\u00e9 retenus deux heures vingt en otages par deux des terroristes, avant d\u2019\u00eatre sauv\u00e9s lors de <a href=\"https:\/\/www.leparisien.fr\/faits-divers\/attentats-du-13-novembre-cetait-indescriptible-lodeur-du-sang-et-de-la-poudre-se-souvient-lex-patron-de-la-bri-02-09-2021-SIGCH7ZI55AUHN5KFQR35DYXGU.php\" target=\"_blank\" rel=\"noreferrer nofollow noopener\">l\u2019assaut de la BRI<\/a> (Brigade de recherche et d\u2019intervention).<\/p>\n<p>Se sauver les uns les autres<\/p>\n<p class=\"paragraph text_align_left lp-f-body-02\">Sept de ces rescap\u00e9s \u2015 Marie, son \u00e9poux Arnaud, S\u00e9bastien, Caroline, Gregory, David et St\u00e9phane \u2015 ont souhait\u00e9 se retrouver, se surnommant \u00ab Les potages \u00bb (contraction de potes et otages). D\u2019horizons diff\u00e9rents, ces fans de rock ont continu\u00e9 \u00e0 se voir dans un caf\u00e9 pour exprimer leur ressenti, leurs failles, chanter, rire, se sauver les uns les autres.<\/p>\n<p class=\"paragraph text_align_left lp-f-body-02\">C\u2019est leur histoire que relate la nouvelle s\u00e9rie <a href=\"https:\/\/www.leparisien.fr\/culture-loisirs\/series\/il-y-a-un-truc-au-bataclan-pour-le-tournage-de-la-serie-des-vivants-le-13-novembre-reconstitue-devant-la-salle-25-01-2025-EMDJKVFMVFHS5HSY4GDCGQF4QM.php\" target=\"_blank\" rel=\"noreferrer nofollow noopener\">\u00ab Des vivants \u00bb<\/a>, sign\u00e9e <a href=\"https:\/\/www.leparisien.fr\/culture-loisirs\/tv\/france-2-jean-xavier-de-lestrade-debute-le-tournage-de-sa-prochaine-serie-des-vivants-18-11-2024-WI65XLXUMNCZFLWYETLHXTE6W4.php\" target=\"_blank\" rel=\"noreferrer nofollow noopener\">Jean-Xavier de Lestrade<\/a>, dont les huit \u00e9pisodes sont mis en ligne sur la plate-forme gratuite <a href=\"https:\/\/www.leparisien.fr\/culture-loisirs\/france-tv\/\" target=\"_blank\" rel=\"noreferrer nofollow noopener\">France.tv<\/a> ce lundi 27 octobre avant leur diffusion \u00e0 partir du 3 novembre en trois soir\u00e9es sur France 2.<\/p>\n<p class=\"paragraph text_align_left lp-f-body-02\">Avec d\u00e9licatesse, le r\u00e9alisateur rompu \u00e0 l\u2019adaptation de faits divers (\u00ab <a href=\"https:\/\/www.leparisien.fr\/culture-loisirs\/tv\/comment-la-serie-sambre-sur-france-2-pointe-les-rates-de-la-prise-en-charge-des-victimes-de-viol-13-11-2023-QKLMJRCXHJDT3NRSWYT5EY24B4.php\" target=\"_blank\" rel=\"noreferrer nofollow noopener\">Sambre<\/a> \u00bb, \u00ab <a href=\"https:\/\/www.leparisien.fr\/culture-loisirs\/series\/france-2-l-affaire-laetitia-perrais-l-effroyable-destin-d-une-jeune-martyre-19-09-2020-8387757.php\" target=\"_blank\" rel=\"noreferrer nofollow noopener\">Laetitia<\/a> \u00bb) place l\u2019humain au-dessus de tout pour retracer le parcours de chacun des \u00ab potages \u00bb jusqu\u2019au <a href=\"https:\/\/www.leparisien.fr\/faits-divers\/13-novembre-le-vertige-de-lapres-proces-il-va-y-avoir-un-gros-trou-dair-06-06-2022-ASPMQXZ5HZHZXHIAZAHW7LRBJI.php\" target=\"_blank\" rel=\"noreferrer nofollow noopener\">proc\u00e8s en septembre 2021<\/a>.<\/p>\n<p class=\"paragraph text_align_left lp-f-body-02\"><b>PODCAST. 13 Novembre (Partie 9) : David, otage du Bataclan, raconte un proc\u00e8s \u00ab<\/b> <b>r\u00e9parateur<\/b> <b>\u00bb<\/b><\/p>\n<p class=\"paragraph text_align_left lp-f-body-02\">Comment se r\u00e9parer apr\u00e8s un tel traumatisme ? Se renfermer dans sa douleur et sa culpabilit\u00e9 d\u2019\u00eatre en vie l\u00e0 o\u00f9 90 personnes sont mortes ou l\u2019ext\u00e9rioriser ? Avancer ou sombrer puis rebondir ? S\u2019isoler ou fraterniser, par exemple avec leurs sauveurs de la BRI ? Autant de questions pos\u00e9es par cette fiction sur un fil, entre noirceur et lumi\u00e8re, o\u00f9 la force du groupe est mise en exergue.<\/p>\n<p>Chronique d\u2019une survie tout en sensibilit\u00e9<\/p>\n<p class=\"paragraph text_align_left lp-f-body-02\">Outre les flash-back au Bataclan, qui plongent d\u2019entr\u00e9e dans l\u2019indicible, les diff\u00e9rents volets vous cueillent souvent l\u00e0 o\u00f9 vous vous y attendez le moins. C\u2019est l\u2019image de St\u00e9phane marchant seul, avec sa couverture de survie, pour rentrer chez lui au petit matin du lendemain des attaques, ce sont ces paroles gla\u00e7antes d\u2019un p\u00e8re reprochant \u00e0 son fils de ressasser ( \u00ab Reprends toi mon vieux, tout ce d\u00e9ballage, c\u2019est g\u00eanant \u00bb), les mots d\u2019une fillette (\u00ab Vous parlez encore du Bataclan ? \u00bb), ceux plus crus balanc\u00e9s \u00e0 des amis qui partent (\u00ab \u00c7a s\u2019arr\u00eate vite la compassion. C\u2019est de la merde \u00bb), le d\u00e9ni de cette maman qui finit par s\u2019\u00e9crouler dans la rue\u2026<\/p>\n<p class=\"paragraph text_align_left lp-f-body-02\">Les bas, avec les r\u00e9percussions sur les proches et la vie amoureuse, les cicatrices d\u2019\u00e9clats de fer grav\u00e9es dans le dos (apr\u00e8s l\u2019explosion d\u2019un terroriste). Les hauts aussi, au fil des retrouvailles avec les policiers, des s\u00e9ances chez la psy o\u00f9 tout se dit vraiment, des rapprochements heureux, des regards, des sourires et des chansons qui r\u00e9chauffent\u2026<\/p>\n<p class=\"paragraph text_align_left lp-f-body-02\">\u00c9crite \u00e0 partir du r\u00e9cit des vrais \u00ab potages \u00bb et port\u00e9e par des com\u00e9diens remarquables (<a href=\"https:\/\/www.leparisien.fr\/culture-loisirs\/tv\/la-tribu-sambre-affaire-courjault-comment-alix-poisson-est-devenue-un-pilier-de-la-fiction-francaise-18-02-2024-CQCXH76RXVABXLROBGMYZXVM7I.php\" rel=\"nofollow noopener\" target=\"_blank\">Alix Poisson<\/a>, <a href=\"https:\/\/www.leparisien.fr\/culture-loisirs\/cinema\/cesar\/cesar-2026-benjamin-lavernhe-choisi-pour-presenter-la-51e-ceremonie-entoure-dune-collegiale-dartistes-08-10-2025-TOYAABJXF5BKNIT7NZJL4GPJJI.php\" target=\"_blank\" rel=\"noreferrer nofollow noopener\">Benjamin Lavernhe<\/a>, Anne Steffens, F\u00e9lix Moati, <a href=\"https:\/\/www.leparisien.fr\/culture-loisirs\/cinema\/de-120-battements-par-minute-a-anatomie-dune-chute-antoine-reinartz-itineraire-dun-acteur-obstine-22-02-2024-6AWA7TWDINHSXN2RPNXTIDFDSI.php\" target=\"_blank\" rel=\"noreferrer nofollow noopener\">Antoine Reinartz<\/a>, C\u00e9dric Eeckhout et Thomas Goldberg), cette chronique d\u2019une survie tout en sensibilit\u00e9 passe sans cesse de l\u2019intime au collectif. Sans verser dans le trash, elle bouscule, r\u00e9v\u00e8le, convoque les souvenirs pour <a href=\"https:\/\/www.leparisien.fr\/culture-loisirs\/10-ans-du-13-novembre-un-grand-hommage-musical-un-requiem-de-victor-le-masnece-qui-est-prevu-a-paris-17-10-2025-A2HG7RI5C5H3BLUQ6XEXBPPVBU.php\" target=\"_blank\" rel=\"noreferrer nofollow noopener\">ne pas oublier<\/a> et partager. Parce qu\u2019ensemble, il y a toujours de l\u2019espoir.<\/p>\n<p>La note de la r\u00e9daction :<\/p>\n<p>\u00ab Des vivants \u00bb, s\u00e9rie fran\u00e7aise de Jean-Xavier de Lestrade (2025) avec Alix Poisson, Benjamin Lavernhe, Anne Steffens, F\u00e9lix Moati, Antoine Reinartz, C\u00e9dric Eeckhout, Thomas Goldberg. Huit \u00e9pisodes de 48 minutes \u00e0 1h10.<\/p>\n","protected":false},"excerpt":{"rendered":"\u00ab Jeff ! Jeff ! \u00bb ! La tempe en sang, un homme hagard hurle dans la nuit&hellip;\n","protected":false},"author":2,"featured_media":492307,"comment_status":"","ping_status":"","sticky":false,"template":"","format":"standard","meta":{"footnotes":""},"categories":[1888],"tags":[11,872,1777,674,1011,27,12,626,25,2205],"class_list":{"0":"post-492306","1":"post","2":"type-post","3":"status-publish","4":"format-standard","5":"has-post-thumbnail","7":"category-paris","8":"tag-actualites","9":"tag-culture-et-loisirs","10":"tag-eu","11":"tag-europe","12":"tag-fr","13":"tag-france","14":"tag-news","15":"tag-paris","16":"tag-republique-francaise","17":"tag-television-medias"},"share_on_mastodon":{"url":"https:\/\/pubeurope.com\/@fr\/115443805948470925","error":""},"_links":{"self":[{"href":"https:\/\/www.europesays.com\/fr\/wp-json\/wp\/v2\/posts\/492306","targetHints":{"allow":["GET"]}}],"collection":[{"href":"https:\/\/www.europesays.com\/fr\/wp-json\/wp\/v2\/posts"}],"about":[{"href":"https:\/\/www.europesays.com\/fr\/wp-json\/wp\/v2\/types\/post"}],"author":[{"embeddable":true,"href":"https:\/\/www.europesays.com\/fr\/wp-json\/wp\/v2\/users\/2"}],"replies":[{"embeddable":true,"href":"https:\/\/www.europesays.com\/fr\/wp-json\/wp\/v2\/comments?post=492306"}],"version-history":[{"count":0,"href":"https:\/\/www.europesays.com\/fr\/wp-json\/wp\/v2\/posts\/492306\/revisions"}],"wp:featuredmedia":[{"embeddable":true,"href":"https:\/\/www.europesays.com\/fr\/wp-json\/wp\/v2\/media\/492307"}],"wp:attachment":[{"href":"https:\/\/www.europesays.com\/fr\/wp-json\/wp\/v2\/media?parent=492306"}],"wp:term":[{"taxonomy":"category","embeddable":true,"href":"https:\/\/www.europesays.com\/fr\/wp-json\/wp\/v2\/categories?post=492306"},{"taxonomy":"post_tag","embeddable":true,"href":"https:\/\/www.europesays.com\/fr\/wp-json\/wp\/v2\/tags?post=492306"}],"curies":[{"name":"wp","href":"https:\/\/api.w.org\/{rel}","templated":true}]}}