{"id":492318,"date":"2025-10-27T02:44:24","date_gmt":"2025-10-27T02:44:24","guid":{"rendered":"https:\/\/www.europesays.com\/fr\/492318\/"},"modified":"2025-10-27T02:44:24","modified_gmt":"2025-10-27T02:44:24","slug":"la-bombe-de-la-seconde-guerre-mondiale-desamorcee-avec-succes-a-rastatt","status":"publish","type":"post","link":"https:\/\/www.europesays.com\/fr\/492318\/","title":{"rendered":"la bombe de la Seconde Guerre mondiale d\u00e9samorc\u00e9e avec succ\u00e8s \u00e0 Rastatt"},"content":{"rendered":"<p>La bombe a\u00e9rienne am\u00e9ricaine <a href=\"https:\/\/www.dna.fr\/faits-divers-justice\/2025\/10\/15\/decouverte-d-une-bombe-de-la-seconde-guerre-mondiale-lors-de-la-construction-d-une-piscine\" target=\"_blank\" rel=\"noopener\">qui avait \u00e9t\u00e9 d\u00e9couverte \u00e0 Rastatt le 14 octobre dernier<\/a> sur le chantier d\u2019une piscine, a \u00e9t\u00e9 d\u00e9samorc\u00e9e avec succ\u00e8s ce dimanche. L\u2018\u00e9quipe de d\u00e9minage a op\u00e9r\u00e9 en une heure sans incident, a annonc\u00e9 la ville \u00e0 midi. La police a donc pu rouvrir la zone r\u00e9glement\u00e9e. Les habitants ont pu regagner leurs logements. Au total, environ 3 000 personnes avaient \u00e9t\u00e9 \u00e9vacu\u00e9es d\u2019une zone de 500 m\u00e8tres autour du lieu de la d\u00e9couverte. La circulation ferroviaire avait \u00e9t\u00e9 interrompue et l\u2019espace a\u00e9rien \u00e9galement ferm\u00e9.<\/p>\n<p>La bombe non explos\u00e9e a \u00e9t\u00e9 examin\u00e9e par des experts ce samedi. L\u2018\u00e9quipe de d\u00e9minage a soigneusement retir\u00e9 le sol autour de l\u2019engin explosif. D\u2019un poids de 500 kg, ce dernier avait \u00e9t\u00e9 mis au jour \u00e0 une profondeur d\u2019environ cinq m\u00e8tres. Lors de l\u2019examen des d\u00e9tonateurs de t\u00eate et de queue, l\u2018\u00e9quipe n\u2019a constat\u00e9 aucun dommage. Une explosion avait donc \u00e9t\u00e9 exclue \u00e0 l\u2019avance \u00ab Je suis reconnaissante que l\u2019op\u00e9ration de d\u00e9samor\u00e7age ait pu \u00eatre men\u00e9e avec autant de s\u00e9curit\u00e9 et de professionnalisme \u00bb, a d\u00e9clar\u00e9 la maire Monika M\u00fcller. Elle a remerci\u00e9 les secours, les services de secours et les citoyens.<\/p>\n<p>  Encore des milliers de bombes dans le sol allemand<\/p>\n<p>Des bombes de la Seconde Guerre mondiale sont r\u00e9guli\u00e8rement d\u00e9couvertes dans le Bade-Wurtemberg, souvent sur des chantiers de construction. Les experts estiment que des milliers de bombes de guerre reposent encore dans le sol allemand, dont beaucoup sont profond\u00e9ment enfouies et potentiellement dangereuses. L\u2019op\u00e9ration de d\u00e9samor\u00e7age \u00e0 Rastatt <a href=\"https:\/\/www.dna.fr\/transport\/2025\/10\/20\/desamorcage-de-la-bombe-de-la-seconde-guerre-mondiale-a-rastatt-perturbations-dans-les-trains\" target=\"_blank\" rel=\"noopener\">a \u00e9galement eu un impact sur le trafic local et longue distance<\/a> : la circulation de tous les trains ICE et de plusieurs trains r\u00e9gionaux sur l\u2019importante ligne de la vall\u00e9e du Rhin, tr\u00e8s fr\u00e9quent\u00e9e, entre les gares de Karlsruhe et de Baden-Baden, a \u00e9t\u00e9 temporairement suspendue sur ce tron\u00e7on, comme l\u2019avait annonc\u00e9 la Deutsche Bahn.<\/p>\n","protected":false},"excerpt":{"rendered":"La bombe a\u00e9rienne am\u00e9ricaine qui avait \u00e9t\u00e9 d\u00e9couverte \u00e0 Rastatt le 14 octobre dernier sur le chantier d\u2019une&hellip;\n","protected":false},"author":2,"featured_media":492319,"comment_status":"","ping_status":"","sticky":false,"template":"","format":"standard","meta":{"footnotes":""},"categories":[1587],"tags":[11,672,1804,1805,3206,1803,1777,674,274,107,329,1801,12,1802],"class_list":{"0":"post-492318","1":"post","2":"type-post","3":"status-publish","4":"format-standard","5":"has-post-thumbnail","7":"category-allemagne","8":"tag-actualites","9":"tag-allemagne","10":"tag-bundesrepublik-deutschland","11":"tag-de","12":"tag-defense-guerre-conflit","13":"tag-deutschland","14":"tag-eu","15":"tag-europe","16":"tag-faits-divers-justice","17":"tag-fil-info","18":"tag-france-monde","19":"tag-germany","20":"tag-news","21":"tag-republique-federale-dallemagne"},"share_on_mastodon":{"url":"https:\/\/pubeurope.com\/@fr\/115443837419455883","error":""},"_links":{"self":[{"href":"https:\/\/www.europesays.com\/fr\/wp-json\/wp\/v2\/posts\/492318","targetHints":{"allow":["GET"]}}],"collection":[{"href":"https:\/\/www.europesays.com\/fr\/wp-json\/wp\/v2\/posts"}],"about":[{"href":"https:\/\/www.europesays.com\/fr\/wp-json\/wp\/v2\/types\/post"}],"author":[{"embeddable":true,"href":"https:\/\/www.europesays.com\/fr\/wp-json\/wp\/v2\/users\/2"}],"replies":[{"embeddable":true,"href":"https:\/\/www.europesays.com\/fr\/wp-json\/wp\/v2\/comments?post=492318"}],"version-history":[{"count":0,"href":"https:\/\/www.europesays.com\/fr\/wp-json\/wp\/v2\/posts\/492318\/revisions"}],"wp:featuredmedia":[{"embeddable":true,"href":"https:\/\/www.europesays.com\/fr\/wp-json\/wp\/v2\/media\/492319"}],"wp:attachment":[{"href":"https:\/\/www.europesays.com\/fr\/wp-json\/wp\/v2\/media?parent=492318"}],"wp:term":[{"taxonomy":"category","embeddable":true,"href":"https:\/\/www.europesays.com\/fr\/wp-json\/wp\/v2\/categories?post=492318"},{"taxonomy":"post_tag","embeddable":true,"href":"https:\/\/www.europesays.com\/fr\/wp-json\/wp\/v2\/tags?post=492318"}],"curies":[{"name":"wp","href":"https:\/\/api.w.org\/{rel}","templated":true}]}}