{"id":492326,"date":"2025-10-27T02:48:15","date_gmt":"2025-10-27T02:48:15","guid":{"rendered":"https:\/\/www.europesays.com\/fr\/492326\/"},"modified":"2025-10-27T02:48:15","modified_gmt":"2025-10-27T02:48:15","slug":"ces-caracteristiques-de-louragan-melissa-qui-font-craindre-une-catastrophe-pour-la-jamaique","status":"publish","type":"post","link":"https:\/\/www.europesays.com\/fr\/492326\/","title":{"rendered":"Ces caract\u00e9ristiques de l\u2019ouragan Melissa qui font craindre une catastrophe pour la Jama\u00efque"},"content":{"rendered":"<p>        <img decoding=\"async\" loading=\"lazy\" src=\"https:\/\/www.europesays.com\/fr\/wp-content\/uploads\/2025\/10\/fc5b9e2_upload-1-qcyurjhvahcm-afp-20251026-82246kf-v1-midres-jamaicahaitiweatherstormmelissa.jpg\"  width=\"728\" height=\"410\" alt=\"Cette image satellite fournie par le RAMMB\/CIRA montre l\u2019ouragan Melissa au sud-est de la Jama\u00efque le 26\u00a0octobre 2025. \"\/>  <\/p>\n<p>&#8211; \/ AFP<\/p>\n<p>Cette image satellite fournie par le RAMMB\/CIRA montre l\u2019ouragan Melissa au sud-est de la Jama\u00efque le 26\u00a0octobre 2025. <\/p>\n<p class=\"asset asset-text\">INTERNATIONAL &#8211; Les autorit\u00e9s craignent la survenue de la pire catastrophe climatique que le pays insulaire ait connue. L\u2019<a href=\"https:\/\/www.huffingtonpost.fr\/france\/video\/de-la-bretagne-a-la-cote-basque-les-images-de-la-houle-puissante-generee-par-l-ex-ouragan-erin_254029.html\" rel=\"nofollow noopener\" target=\"_blank\">ouragan<\/a> Melissa, d\u00e9j\u00e0 pass\u00e9 ce dimanche 26\u00a0octobre en cat\u00e9gorie 4, prend encore de l\u2019ampleur dans les Cara\u00efbes, mena\u00e7ant <a href=\"https:\/\/www.huffingtonpost.fr\/international\/article\/la-jamaique-veut-destituer-le-roi-charles-iii-et-voici-comment-elle-compte-s-y-prendre_243517.html\" rel=\"nofollow noopener\" target=\"_blank\">la Jama\u00efque<\/a> d\u2019intemp\u00e9ries \u00ab\u00a0catastrophiques\u00a0\u00bb dans les prochains jours, ont pr\u00e9venu les services m\u00e9t\u00e9orologiques. Outre son intensit\u00e9 extr\u00eame, les experts expliquent que l\u2019ouragan poss\u00e8de des caract\u00e9ristiques qui le rendent \u00ab\u00a0potentiellement mortel\u00a0\u00bb.<\/p>\n<p class=\"asset asset-text\">Melissa a d\u00e9j\u00e0 fait quatre morts au cours de la semaine sur l\u2019\u00eele d\u2019Hispaniola, trois en Ha\u00efti et un en R\u00e9publique dominicaine, outre un adolescent port\u00e9 disparu.<\/p>\n<p class=\"asset asset-text\">Le Centre national des ouragans (NHC) des \u00c9tats-Unis, bas\u00e9 \u00e0 Miami, a indiqu\u00e9 dimanche que Melissa avait atteint la cat\u00e9gorie 4, avec des vents allant jusqu\u2019\u00e0 225 kilom\u00e8tres par heure et devrait passer en cat\u00e9gorie 5, la plus \u00e9lev\u00e9e, plus tard dans la journ\u00e9e.<\/p>\n<p>    Lenteur du syst\u00e8me    <\/p>\n<p class=\"asset asset-text\">Par ailleurs, sa vitesse relativement faible, d\u2019environ 6\u00a0km\/h, pr\u00e9occupe\u00a0les experts, car les pluies et les glissements de terrain provoqu\u00e9s par Melissa risquent de durer d\u2019autant plus longtemps que pour d\u2019autres ouragans. \u00ab\u00a0Par sa faible mobilit\u00e9, il va stationner plus de 72 h entre la Jama\u00efque, l\u2019est de Cuba et Ha\u00efti\u00a0\u00bb, pointe ainsi le compte X sp\u00e9cialis\u00e9 La Cha\u00eene M\u00e9t\u00e9o.<\/p>\n<p class=\"asset asset-text\">Melissa pourrait provoquer des pr\u00e9cipitations allant jusqu\u2019\u00e0 1 m\u00e8tre dans certaines r\u00e9gions de la Jama\u00efque et de l\u2019\u00eele d\u2019Hispaniola, selon les pr\u00e9visions. \u00ab\u00a0Plus de 750\u00a0mm [de pr\u00e9cipitations sont attendus, soit 1 an et demi de pluie parisienne en 4 jours\u00a0\u00bb, d\u00e9taille l\u2019agro-climatologue Serge Zaka sur son compte X.<\/p>\n<p> La lecture de ce contenu est susceptible d\u2019entra\u00eener un d\u00e9p\u00f4t de cookies de la part de l\u2019op\u00e9rateur tiers qui l\u2019h\u00e9berge. Compte-tenu des choix que vous avez exprim\u00e9s en mati\u00e8re de d\u00e9p\u00f4t de cookies, nous avons bloqu\u00e9 l\u2019affichage de ce contenu. Si vous souhaitez y acc\u00e9der, vous devez accepter la cat\u00e9gorie de cookies \u201cContenus tiers\u201d en cliquant sur le bouton ci-dessous. <\/p>\n<p> Lire la Vid\u00e9o            <\/p>\n<p class=\"asset asset-text\">\u00ab\u00a0La faible v\u00e9locit\u00e9 signifie que ces conditions d\u2019ouragan, potentiellement majeures, vont se maintenir ou appara\u00eetre sur l\u2019\u00eele de la Jama\u00efque (o\u00f9 se dirige d\u00e9sormais l\u2019ouragan, NDLR) pendant plus de 24\u00a0heures et les conditions de temp\u00eate tropicale pourraient se prolonger pendant encore deux ou trois jours\u00a0\u00bb, a pour sa part expliqu\u00e9 lors d\u2019un bulletin vid\u00e9o le directeur adjoint du NHC, Jamie Rhome.<\/p>\n<p>    \u00ab\u00a0Le cocktail intensit\u00e9 \u00d7 dur\u00e9e \u00d7 vuln\u00e9rabilit\u00e9 est au rouge \u00e9carlate\u00a0\u00bb    <\/p>\n<p class=\"asset asset-text\">Par cons\u00e9quent, les habitants des zones touch\u00e9es \u00ab\u00a0devront rester \u00e0 l\u2019abri chez eux pour jusqu\u2019\u00e0 deux ou trois jours, voire davantage pour les populations qui seraient isol\u00e9es par les inondations catastrophiques\u00a0\u00bb, a-t-il soulign\u00e9, pr\u00e9venant que les conditions en Jama\u00efque allaient \u00ab\u00a0se d\u00e9t\u00e9riorer tr\u00e8s, tr\u00e8s rapidement dans les prochaines heures\u00a0\u00bb.<\/p>\n<p class=\"asset asset-text\">Par ailleurs, d\u2019autres facteurs aggravants font craindre le pire. L\u2019ouragan \u00ab\u00a0devrait frapper \u00e0 la fois les zones dens\u00e9ment peupl\u00e9es (&gt; 1000 hab\/km\u00b2, capitale incluse) et des territoires pauvres o\u00f9 la capacit\u00e9 de protection et de r\u00e9tablissement est tr\u00e8s faible\u00a0\u00bb, explique encore Serge Zaka.<\/p>\n<p class=\"asset asset-text\">Le chercheur ajoute que l\u2019\u00eele est une montagne entour\u00e9e de plaines, un relief malheureusement propice aux coul\u00e9es de boue. Enfin, la submersion marine menace le littoral habit\u00e9. \u00ab\u00a0Le cocktail intensit\u00e9 \u00d7 dur\u00e9e \u00d7 vuln\u00e9rabilit\u00e9 est au rouge \u00e9carlate. Dans ce type de sc\u00e9nario, le pays met souvent des ann\u00e9es \u00e0 s\u2019en remettre\u00a0\u00bb, conclut-il.<\/p>\n<p>    Augmentation de l\u2019intensit\u00e9 des ouragans    <\/p>\n<p class=\"asset asset-text\">Face \u00e0 ces nombreux risques, neuf des 31 provinces du pays sont en vigilance rouge pour des risques d\u2019inondations subites, de crues et de glissements de terrain. L\u2019a\u00e9roport international Norman Manley, qui dessert Kingston, a annonc\u00e9 sa fermeture samedi soir. Les ports maritimes \u00e9taient \u00e9galement ferm\u00e9s.<\/p>\n<p class=\"asset asset-text\">Le dernier ouragan majeur \u00e0 avoir touch\u00e9 la Jama\u00efque \u00e9tait B\u00e9ryl, en juillet\u00a02024. Anormalement puissant pour cette p\u00e9riode de l\u2019ann\u00e9e, il avait provoqu\u00e9 de fortes pluies et des vents violents, faisant au moins quatre morts sur l\u2019\u00eele.<\/p>\n<p class=\"asset asset-text\">Melissa est la 13e temp\u00eate tropicale de la saison dans l\u2019Atlantique, qui s\u2019\u00e9tend de d\u00e9but juin \u00e0 fin novembre. Le r\u00e9chauffement de la surface des oc\u00e9ans augmente l\u2019intensit\u00e9 des cyclones, ouragans ou typhons, avec des vents plus violents et des pr\u00e9cipitations plus importantes, mais pas leur nombre total, selon les experts du changement climatique.<\/p>\n","protected":false},"excerpt":{"rendered":"&#8211; \/ AFP Cette image satellite fournie par le RAMMB\/CIRA montre l\u2019ouragan Melissa au sud-est de la Jama\u00efque&hellip;\n","protected":false},"author":2,"featured_media":492327,"comment_status":"","ping_status":"","sticky":false,"template":"","format":"standard","meta":{"footnotes":""},"categories":[2],"tags":[11,436,1011,27,14,59749,12,46266,25],"class_list":{"0":"post-492326","1":"post","2":"type-post","3":"status-publish","4":"format-standard","5":"has-post-thumbnail","7":"category-actualites","8":"tag-actualites","9":"tag-environnement","10":"tag-fr","11":"tag-france","12":"tag-international","13":"tag-jamaique","14":"tag-news","15":"tag-ouragan","16":"tag-republique-francaise"},"share_on_mastodon":{"url":"https:\/\/pubeurope.com\/@fr\/115443853864015540","error":""},"_links":{"self":[{"href":"https:\/\/www.europesays.com\/fr\/wp-json\/wp\/v2\/posts\/492326","targetHints":{"allow":["GET"]}}],"collection":[{"href":"https:\/\/www.europesays.com\/fr\/wp-json\/wp\/v2\/posts"}],"about":[{"href":"https:\/\/www.europesays.com\/fr\/wp-json\/wp\/v2\/types\/post"}],"author":[{"embeddable":true,"href":"https:\/\/www.europesays.com\/fr\/wp-json\/wp\/v2\/users\/2"}],"replies":[{"embeddable":true,"href":"https:\/\/www.europesays.com\/fr\/wp-json\/wp\/v2\/comments?post=492326"}],"version-history":[{"count":0,"href":"https:\/\/www.europesays.com\/fr\/wp-json\/wp\/v2\/posts\/492326\/revisions"}],"wp:featuredmedia":[{"embeddable":true,"href":"https:\/\/www.europesays.com\/fr\/wp-json\/wp\/v2\/media\/492327"}],"wp:attachment":[{"href":"https:\/\/www.europesays.com\/fr\/wp-json\/wp\/v2\/media?parent=492326"}],"wp:term":[{"taxonomy":"category","embeddable":true,"href":"https:\/\/www.europesays.com\/fr\/wp-json\/wp\/v2\/categories?post=492326"},{"taxonomy":"post_tag","embeddable":true,"href":"https:\/\/www.europesays.com\/fr\/wp-json\/wp\/v2\/tags?post=492326"}],"curies":[{"name":"wp","href":"https:\/\/api.w.org\/{rel}","templated":true}]}}