{"id":492330,"date":"2025-10-27T02:50:13","date_gmt":"2025-10-27T02:50:13","guid":{"rendered":"https:\/\/www.europesays.com\/fr\/492330\/"},"modified":"2025-10-27T02:50:13","modified_gmt":"2025-10-27T02:50:13","slug":"pres-de-16-000-rondes-pour-golf-baie-saint-paul","status":"publish","type":"post","link":"https:\/\/www.europesays.com\/fr\/492330\/","title":{"rendered":"Pr\u00e8s de 16\u00a0000 rondes pour Golf Baie-Saint-Paul"},"content":{"rendered":"<p><strong>Apr\u00e8s un d\u00e9but de saison d\u00e9sastreux en raison de la pluie, Golf Baie-Saint-Paul s\u2019est repris et a termin\u00e9 sa saison avec pr\u00e8s de 16\u00a0000 rondes. Pour une premi\u00e8re ann\u00e9e, l\u2019op\u00e9ration golf a g\u00e9n\u00e9r\u00e9 de l\u00e9gers profits.<\/strong><\/p>\n<p>\u00ab\u00a0On n\u2019avait pas vu \u00e7a depuis la pand\u00e9mie. \u00a0On vient d\u2019\u00e9clore \u00bb, lance Antoine Neyron , pr\u00e9sident du conseil du groupe d\u2019actionnaires fier de d\u00e9voiler ces chiffres.<\/p>\n<p>\u00ab\u00a0Mai et juin n\u2019ont vraiment pas \u00e9t\u00e9 fameux. Mais ensuite, des records tous les mois ont \u00e9t\u00e9 enregistr\u00e9s. Septembre fait maintenant partie de la haute saison touristique\u00a0\u00bb, ajoute celui qui est aussi h\u00f4telier.<\/p>\n<p>La belle temp\u00e9rature explique le succ\u00e8s du parcours. \u00ab\u00a0On n\u2019a rien \u00e9chapp\u00e9. Il faisait beau tous les jours\u00a0\u00bb, poursuit Antoine Neyron.<\/p>\n<p>Le pr\u00e9sident de golf Baie-Saint-Paul explique aussi \u00ab\u00a0que 50% des golfeurs \u00e9taient d\u2019abord pass\u00e9s par le Fairmont Le Manoir Richelieu. C\u2019est un tr\u00e8s bon partenaire\u00a0\u00bb, dit \u00e9galement Antoine Neyron.<\/p>\n<p>Ce qui a donn\u00e9 un coup de main sur le plan financier est le nombre de tournois de plus de 130 joueurs qui a augment\u00e9 et la tenue d\u2019\u00e9v\u00e9nements r\u00e9unissant entre 40 et 50 joueurs qui ont \u00e9t\u00e9 plus nombreux.<\/p>\n<p>Le syst\u00e8me d\u2019irrigation a effectu\u00e9 le travail. 20 gicleurs seront install\u00e9s \u00e0 des endroits strat\u00e9giques. Ce syst\u00e8me en comptera 200. \u00ab\u00a0Pour continuer \u00e0 progresser, il faut maintenir de belles conditions\u00a0\u00bb, dit-il \u00e9galement.<\/p>\n<p>De la machinerie pour l\u2019herbe haute et le remplacement graduel de la flotte de voiturettes figurent dans les investissements \u00e0 court terme.<\/p>\n","protected":false},"excerpt":{"rendered":"Apr\u00e8s un d\u00e9but de saison d\u00e9sastreux en raison de la pluie, Golf Baie-Saint-Paul s\u2019est repris et a termin\u00e9&hellip;\n","protected":false},"author":2,"featured_media":492331,"comment_status":"","ping_status":"","sticky":false,"template":"","format":"standard","meta":{"footnotes":""},"categories":[1418],"tags":[1011,27,1472,60],"class_list":{"0":"post-492330","1":"post","2":"type-post","3":"status-publish","4":"format-standard","5":"has-post-thumbnail","7":"category-golf","8":"tag-fr","9":"tag-france","10":"tag-golf","11":"tag-sports"},"share_on_mastodon":{"url":"https:\/\/pubeurope.com\/@fr\/115443861019749520","error":""},"_links":{"self":[{"href":"https:\/\/www.europesays.com\/fr\/wp-json\/wp\/v2\/posts\/492330","targetHints":{"allow":["GET"]}}],"collection":[{"href":"https:\/\/www.europesays.com\/fr\/wp-json\/wp\/v2\/posts"}],"about":[{"href":"https:\/\/www.europesays.com\/fr\/wp-json\/wp\/v2\/types\/post"}],"author":[{"embeddable":true,"href":"https:\/\/www.europesays.com\/fr\/wp-json\/wp\/v2\/users\/2"}],"replies":[{"embeddable":true,"href":"https:\/\/www.europesays.com\/fr\/wp-json\/wp\/v2\/comments?post=492330"}],"version-history":[{"count":0,"href":"https:\/\/www.europesays.com\/fr\/wp-json\/wp\/v2\/posts\/492330\/revisions"}],"wp:featuredmedia":[{"embeddable":true,"href":"https:\/\/www.europesays.com\/fr\/wp-json\/wp\/v2\/media\/492331"}],"wp:attachment":[{"href":"https:\/\/www.europesays.com\/fr\/wp-json\/wp\/v2\/media?parent=492330"}],"wp:term":[{"taxonomy":"category","embeddable":true,"href":"https:\/\/www.europesays.com\/fr\/wp-json\/wp\/v2\/categories?post=492330"},{"taxonomy":"post_tag","embeddable":true,"href":"https:\/\/www.europesays.com\/fr\/wp-json\/wp\/v2\/tags?post=492330"}],"curies":[{"name":"wp","href":"https:\/\/api.w.org\/{rel}","templated":true}]}}