{"id":492332,"date":"2025-10-27T02:51:25","date_gmt":"2025-10-27T02:51:25","guid":{"rendered":"https:\/\/www.europesays.com\/fr\/492332\/"},"modified":"2025-10-27T02:51:25","modified_gmt":"2025-10-27T02:51:25","slug":"ball-ligue-a-feminine-le-grand-ecart-du-vma-face-a-france-avenir","status":"publish","type":"post","link":"https:\/\/www.europesays.com\/fr\/492332\/","title":{"rendered":"ball &#8211; Ligue A f\u00e9minine. Le grand \u00e9cart du VMA face \u00e0\u00a0France Avenir"},"content":{"rendered":"<p>S\u00e9rieuses, appliqu\u00e9es, respectueuses de leurs jeunes adversaires, les joueuses du Volley Mulhouse Alsace n\u2019ont pas fait dans la dentelle, ce samedi en d\u00e9but d\u2019apr\u00e8s-midi \u00e0 Toulouse, face aux jeunes Fran\u00e7aises de l\u2019Institut f\u00e9d\u00e9ral du volley-ball.<\/p>\n<p>Moins de quatre jours apr\u00e8s avoir arrach\u00e9 une victoire au tie-break face \u00e0 Cannes au Palais des sports, les Mulhousiennes n\u2019ont pas tra\u00een\u00e9 en&#8230;<\/p>\n","protected":false},"excerpt":{"rendered":"S\u00e9rieuses, appliqu\u00e9es, respectueuses de leurs jeunes adversaires, les joueuses du Volley Mulhouse Alsace n\u2019ont pas fait dans la&hellip;\n","protected":false},"author":2,"featured_media":492333,"comment_status":"","ping_status":"","sticky":false,"template":"","format":"standard","meta":{"footnotes":""},"categories":[1417],"tags":[2389,1791,107,1701,1011,27,4604,517,60,1470,1633,1632,1469],"class_list":{"0":"post-492332","1":"post","2":"type-post","3":"status-publish","4":"format-standard","5":"has-post-thumbnail","7":"category-volley","8":"tag-alsace","9":"tag-basket-ball","10":"tag-fil-info","11":"tag-fil-info-sport","12":"tag-fr","13":"tag-france","14":"tag-selection-abonne","15":"tag-sport","16":"tag-sports","17":"tag-volley","18":"tag-volley-mulhouse-alsace","19":"tag-volley-ball","20":"tag-volleyball"},"share_on_mastodon":{"url":"https:\/\/pubeurope.com\/@fr\/115443864997856377","error":""},"_links":{"self":[{"href":"https:\/\/www.europesays.com\/fr\/wp-json\/wp\/v2\/posts\/492332","targetHints":{"allow":["GET"]}}],"collection":[{"href":"https:\/\/www.europesays.com\/fr\/wp-json\/wp\/v2\/posts"}],"about":[{"href":"https:\/\/www.europesays.com\/fr\/wp-json\/wp\/v2\/types\/post"}],"author":[{"embeddable":true,"href":"https:\/\/www.europesays.com\/fr\/wp-json\/wp\/v2\/users\/2"}],"replies":[{"embeddable":true,"href":"https:\/\/www.europesays.com\/fr\/wp-json\/wp\/v2\/comments?post=492332"}],"version-history":[{"count":0,"href":"https:\/\/www.europesays.com\/fr\/wp-json\/wp\/v2\/posts\/492332\/revisions"}],"wp:featuredmedia":[{"embeddable":true,"href":"https:\/\/www.europesays.com\/fr\/wp-json\/wp\/v2\/media\/492333"}],"wp:attachment":[{"href":"https:\/\/www.europesays.com\/fr\/wp-json\/wp\/v2\/media?parent=492332"}],"wp:term":[{"taxonomy":"category","embeddable":true,"href":"https:\/\/www.europesays.com\/fr\/wp-json\/wp\/v2\/categories?post=492332"},{"taxonomy":"post_tag","embeddable":true,"href":"https:\/\/www.europesays.com\/fr\/wp-json\/wp\/v2\/tags?post=492332"}],"curies":[{"name":"wp","href":"https:\/\/api.w.org\/{rel}","templated":true}]}}