{"id":492336,"date":"2025-10-27T02:53:17","date_gmt":"2025-10-27T02:53:17","guid":{"rendered":"https:\/\/www.europesays.com\/fr\/492336\/"},"modified":"2025-10-27T02:53:17","modified_gmt":"2025-10-27T02:53:17","slug":"coupe-davis-le-sondage-qui-plombe-sinner-sports","status":"publish","type":"post","link":"https:\/\/www.europesays.com\/fr\/492336\/","title":{"rendered":"Coupe Davis : Le sondage qui plombe Sinner : Sports"},"content":{"rendered":"<p class=\"date\">\n                                                            Cl\u00e9ment P\u00e9dron, Media365 : publi\u00e9 le dimanche 26 octobre 2025 \u00e0 18h21\n                                                    <\/p>\n<p>Forfait pour la phase finale de la Coupe Davis qui se dispute en Italie, Jannik Sinner a perdu du cr\u00e9dit aupr\u00e8s des fans. Le vainqueur du tournoi de Vienne pr\u00e9f\u00e8re se reposer.<\/p>\n<p>Le moins que l&rsquo;on puisse dire est que la d\u00e9cision ne passe pas. Il y a quelques jours, Jannik Sinner a officiellement renonc\u00e9 \u00e0 participer \u00e0 la phase finale de la Coupe Davis. Celle-ci se dispute en plus dans son pays, \u00e0 Bologne en Italie du 18 au 23 novembre. L&rsquo;institut SWG a r\u00e9alis\u00e9 un sondage pour le quotidien sportif La Gazzetta dello sport et le r\u00e9sultat est implacable. 63% des personnes interrog\u00e9es estiment que la d\u00e9cision du N\u00b02 mondial est \u00ab\u00a0injustifiable\u00a0\u00bb. 37% des 800 individus sond\u00e9s d\u00e9clarent la d\u00e9cision \u00ab\u00a0compr\u00e9hensible et justifiable\u00a0\u00bb, 42% pensent qu&rsquo;elle est \u00ab\u00a0compr\u00e9hensible mais injustifiable\u00a0\u00bb et 21% estiment que celle-ci est \u00ab\u00a0incompr\u00e9hensible et injustifiable\u00a0\u00bb. Pis, de nombreux Italiens &#8211; \u00e0 hauteur de 30% &#8211; pensent que <a href=\"https:\/\/sports.orange.fr\/tennis\/atp\/article\/atp-vienne-sinner-domine-zverev-et-remporte-le-tournoi-pour-la-deuxieme-fois-CNT000002loYSi.html\" rel=\"nofollow noopener\" target=\"_blank\">le r\u00e9cent vainqueur du tournoi de Vienne<\/a> en Autriche contre Alexander Zverev doit \u00eatre sanctionn\u00e9 pour avoir refus\u00e9 de jouer avec son pays.<\/p>\n<p>Une pr\u00e9paration pour 2026 tronqu\u00e9e ?<\/p>\n<p>Pour rappel, l&rsquo;Italie affronte l&rsquo;Autriche en quarts de finale. En cas de victoire, le pays organisateur de l&rsquo;\u00e9v\u00e8nement affrontera ensuite la France ou la Belgique avant, en cas de nouveau succ\u00e8s, de croiser le fer avec l&rsquo;Espagne, la R\u00e9publique Tch\u00e8que, l&rsquo;Argentine ou l&rsquo;Allemagne en finale. Vainqueur en 2023 et 2024 de la Coupe Davis, Jannik Sinner a eu un vrai r\u00f4le dans ces titres. Et c&rsquo;est la raison pour laquelle son absence passe mal aupr\u00e8s des fans. <a href=\"https:\/\/sports.orange.fr\/tennis\/article\/coupe-davis-sinner-j-accepte-toutes-les-critiques-exclu-CNT000002lm3Uc.html\" rel=\"nofollow noopener\" target=\"_blank\">L&rsquo;int\u00e9ress\u00e9 a lui pr\u00e9f\u00e9r\u00e9 renoncer afin de mieux pr\u00e9parer la saison 2026<\/a>. \u00ab Cela a \u00e9t\u00e9 une d\u00e9cision difficile \u00e0 prendre, mais la Coupe Davis nous l&rsquo;avons gagn\u00e9e en 2023 et 2024, rappelle Sinner. Mon objectif apr\u00e8s Turin est de bien repartir bien vers 2026. [&#8230;] Une semaine de plus (de pr\u00e9paration), cela semble peu, mais cela fait toute la diff\u00e9rence. \u00bb<\/p>\n","protected":false},"excerpt":{"rendered":"Cl\u00e9ment P\u00e9dron, Media365 : publi\u00e9 le dimanche 26 octobre 2025 \u00e0 18h21 Forfait pour la phase finale de&hellip;\n","protected":false},"author":2,"featured_media":492337,"comment_status":"","ping_status":"","sticky":false,"template":"","format":"standard","meta":{"footnotes":""},"categories":[1415],"tags":[1011,27,60,1467],"class_list":{"0":"post-492336","1":"post","2":"type-post","3":"status-publish","4":"format-standard","5":"has-post-thumbnail","7":"category-tennis","8":"tag-fr","9":"tag-france","10":"tag-sports","11":"tag-tennis"},"share_on_mastodon":{"url":"https:\/\/pubeurope.com\/@fr\/115443872756729112","error":""},"_links":{"self":[{"href":"https:\/\/www.europesays.com\/fr\/wp-json\/wp\/v2\/posts\/492336","targetHints":{"allow":["GET"]}}],"collection":[{"href":"https:\/\/www.europesays.com\/fr\/wp-json\/wp\/v2\/posts"}],"about":[{"href":"https:\/\/www.europesays.com\/fr\/wp-json\/wp\/v2\/types\/post"}],"author":[{"embeddable":true,"href":"https:\/\/www.europesays.com\/fr\/wp-json\/wp\/v2\/users\/2"}],"replies":[{"embeddable":true,"href":"https:\/\/www.europesays.com\/fr\/wp-json\/wp\/v2\/comments?post=492336"}],"version-history":[{"count":0,"href":"https:\/\/www.europesays.com\/fr\/wp-json\/wp\/v2\/posts\/492336\/revisions"}],"wp:featuredmedia":[{"embeddable":true,"href":"https:\/\/www.europesays.com\/fr\/wp-json\/wp\/v2\/media\/492337"}],"wp:attachment":[{"href":"https:\/\/www.europesays.com\/fr\/wp-json\/wp\/v2\/media?parent=492336"}],"wp:term":[{"taxonomy":"category","embeddable":true,"href":"https:\/\/www.europesays.com\/fr\/wp-json\/wp\/v2\/categories?post=492336"},{"taxonomy":"post_tag","embeddable":true,"href":"https:\/\/www.europesays.com\/fr\/wp-json\/wp\/v2\/tags?post=492336"}],"curies":[{"name":"wp","href":"https:\/\/api.w.org\/{rel}","templated":true}]}}