{"id":492338,"date":"2025-10-27T02:57:14","date_gmt":"2025-10-27T02:57:14","guid":{"rendered":"https:\/\/www.europesays.com\/fr\/492338\/"},"modified":"2025-10-27T02:57:14","modified_gmt":"2025-10-27T02:57:14","slug":"viviani-champion-du-monde-avant-la-retraite","status":"publish","type":"post","link":"https:\/\/www.europesays.com\/fr\/492338\/","title":{"rendered":"Viviani, champion du monde avant la retraite"},"content":{"rendered":"<p class=\"mb-4 text-lg md:leading-8 break-words\">\u00ab\u00a0La fin parfaite\u00a0\u00bb: l&rsquo;Italien Elia Viviani, qui avait annonc\u00e9 au d\u00e9but du mois qu&rsquo;il allait arr\u00eater sa carri\u00e8re, a v\u00e9cu une derni\u00e8re course de r\u00eave en remportant un troisi\u00e8me et ultime titre de champion du monde sur piste dimanche \u00e0 Santiago du Chili.<\/p>\n<p class=\"mb-4 text-lg md:leading-8 break-words\">C&rsquo;est les bras en croix pour signifier qu&rsquo;il s&rsquo;arr\u00eatait l\u00e0 que l&rsquo;Italien a fait son tour d&rsquo;honneur apr\u00e8s avoir remport\u00e9 la course \u00e0 l&rsquo;\u00e9limination en battant le N\u00e9o-Z\u00e9landais Campbell Stewart lors du tout dernier sprint de sa carri\u00e8re.<\/p>\n<p class=\"mb-4 text-lg md:leading-8 break-words\">\u00ab\u00a0J&rsquo;\u00e9tais tr\u00e8s nerveux au d\u00e9part, comme si c&rsquo;\u00e9tait la premi\u00e8re fois. C&rsquo;est une fin parfaite, c&rsquo;est ce que je voulais, un moment tr\u00e8s sp\u00e9cial pour moi\u00a0\u00bb, a-t-il d\u00e9clar\u00e9, tr\u00e8s \u00e9mu.<\/p>\n<p class=\"mb-4 text-lg md:leading-8 break-words\">L&rsquo;Italien de 36 ans a \u00e9t\u00e9 longuement f\u00eat\u00e9 sur le podium par toute la d\u00e9l\u00e9gation italienne portant des t-shirts \u00ab\u00a0The Last Dance\u00a0\u00bb.<\/p>\n<p class=\"mb-4 text-lg md:leading-8 break-words\">Viviani est une figure du cyclisme sur piste et sur route. Champion olympique de l&rsquo;omnium \u00e0 Rio en 2016 et encore en argent dans la course \u00e0 l&rsquo;am\u00e9ricaine \u00e0 Paris en 2024, il a aussi gagn\u00e9 des \u00e9tapes sur les trois Grands Tours.<\/p>\n<p class=\"mb-4 text-lg md:leading-8 break-words\">Pass\u00e9 notamment par Quick-Step (2018-19), Sky (2015-17) puis Ineos (2022-24) et Cofidis (2020-21), Viviani affiche \u00e0 son palmar\u00e8s une victoire dans le Tour de France, cinq dans le Tour d&rsquo;Italie, dont quatre lors de l&rsquo;\u00e9dition 2018 qu&rsquo;il avait boucl\u00e9e en t\u00eate du classement par points, et trois dans le Tour d&rsquo;Espagne.<\/p>\n<p class=\"mb-4 text-lg md:leading-8 break-words\">\u00ab\u00a0Je suis heureux d&rsquo;avoir beaucoup gagn\u00e9 sur la piste et sur la route. Si je devais choisir une victoire, c&rsquo;est le titre olympique \u00e0 Rio\u00a0\u00bb, a-t-il soulign\u00e9 en remerciant le monde du cyclisme pour tout ce qu&rsquo;il lui a \u00ab\u00a0apport\u00e9\u00a0\u00bb.<\/p>\n<p class=\"mb-4 text-lg md:leading-8 break-words\">jk\/hpa<\/p>\n","protected":false},"excerpt":{"rendered":"\u00ab\u00a0La fin parfaite\u00a0\u00bb: l&rsquo;Italien Elia Viviani, qui avait annonc\u00e9 au d\u00e9but du mois qu&rsquo;il allait arr\u00eater sa carri\u00e8re,&hellip;\n","protected":false},"author":2,"featured_media":492339,"comment_status":"","ping_status":"","sticky":false,"template":"","format":"standard","meta":{"footnotes":""},"categories":[1411],"tags":[61515,61514,1154,207,61512,1011,27,15036,8061,61513,60],"class_list":{"0":"post-492338","1":"post","2":"type-post","3":"status-publish","4":"format-standard","5":"has-post-thumbnail","7":"category-cyclisme","8":"tag-campbell-stewart","9":"tag-championnats-du-monde-de-cyclisme-sur-piste","10":"tag-cycling","11":"tag-cyclisme","12":"tag-elia-viviani","13":"tag-fr","14":"tag-france","15":"tag-litalien","16":"tag-piste","17":"tag-santiago-du-chili","18":"tag-sports"},"share_on_mastodon":{"url":"https:\/\/pubeurope.com\/@fr\/115443888516518406","error":""},"_links":{"self":[{"href":"https:\/\/www.europesays.com\/fr\/wp-json\/wp\/v2\/posts\/492338","targetHints":{"allow":["GET"]}}],"collection":[{"href":"https:\/\/www.europesays.com\/fr\/wp-json\/wp\/v2\/posts"}],"about":[{"href":"https:\/\/www.europesays.com\/fr\/wp-json\/wp\/v2\/types\/post"}],"author":[{"embeddable":true,"href":"https:\/\/www.europesays.com\/fr\/wp-json\/wp\/v2\/users\/2"}],"replies":[{"embeddable":true,"href":"https:\/\/www.europesays.com\/fr\/wp-json\/wp\/v2\/comments?post=492338"}],"version-history":[{"count":0,"href":"https:\/\/www.europesays.com\/fr\/wp-json\/wp\/v2\/posts\/492338\/revisions"}],"wp:featuredmedia":[{"embeddable":true,"href":"https:\/\/www.europesays.com\/fr\/wp-json\/wp\/v2\/media\/492339"}],"wp:attachment":[{"href":"https:\/\/www.europesays.com\/fr\/wp-json\/wp\/v2\/media?parent=492338"}],"wp:term":[{"taxonomy":"category","embeddable":true,"href":"https:\/\/www.europesays.com\/fr\/wp-json\/wp\/v2\/categories?post=492338"},{"taxonomy":"post_tag","embeddable":true,"href":"https:\/\/www.europesays.com\/fr\/wp-json\/wp\/v2\/tags?post=492338"}],"curies":[{"name":"wp","href":"https:\/\/api.w.org\/{rel}","templated":true}]}}